{"id":138724,"date":"2026-01-17T07:32:06","date_gmt":"2026-01-17T07:32:06","guid":{"rendered":"https:\/\/www.europesays.com\/se\/138724\/"},"modified":"2026-01-17T07:32:06","modified_gmt":"2026-01-17T07:32:06","slug":"efter-ryktena-ullmark-tillbaka-pa-is","status":"publish","type":"post","link":"https:\/\/www.europesays.com\/se\/138724\/","title":{"rendered":"Efter ryktena \u2013 Ullmark tillbaka p\u00e5 is"},"content":{"rendered":"<blockquote class=\"sc-d641d43c-1 hRLkKT\">\n<p class=\"sc-c25743f0-0 sc-e37c0145-2 hObFds DQgPn\">Kul att se honom tillbaka med laget, s\u00e4ger tr\u00e4naren Travis Green till nhl.com, och till\u00e4gger att man tar det \u201ddag f\u00f6r dag\u201d.<\/p>\n<\/blockquote>\n<p class=\"sc-c25743f0-0 sc-e37c0145-2 hObFds DQgPn\">Det var den 28 december som Ottawa Senators meddelade att 32-\u00e5ringen av personliga sk\u00e4l skulle ta en paus fr\u00e5n hockeyn p\u00e5 obest\u00e4md tid.<\/p>\n<p class=\"sc-c25743f0-0 sc-e37c0145-2 hObFds DQgPn\">Kort d\u00e4rp\u00e5 b\u00f6rjade rykten spridas p\u00e5 sociala medier om svensken, som uts\u00e5gs till NHL:s b\u00e4sta m\u00e5lvakt 2023.<\/p>\n<p class=\"sc-c25743f0-0 sc-e37c0145-2 hObFds DQgPn\">\u201dVi \u00e4r \u00e4cklade\u201d, sade klubbens general manager Steve Staios i ett uttalande d\u00e4r kan tog kraftigt avst\u00e5nd fr\u00e5n \u201dhelt fabricerade och falska historier\u201d som sprids av \u201dden l\u00e4gsta formen av troll och sjuka m\u00e4nniskor\u201d.<\/p>\n<p class=\"sc-c25743f0-0 sc-e37c0145-2 hObFds DQgPn\">Linus Ullmark \u00e4r inte uttagen i Tre Kronors trupp till OS i Milano i februari.<\/p>\n","protected":false},"excerpt":{"rendered":"Kul att se honom tillbaka med laget, s\u00e4ger tr\u00e4naren Travis Green till nhl.com, och till\u00e4gger att man tar&hellip;\n","protected":false},"author":2,"featured_media":138725,"comment_status":"","ping_status":"","sticky":false,"template":"","format":"standard","meta":{"footnotes":""},"categories":[68],"tags":[34,111,110,31,33,32,30],"class_list":{"0":"post-138724","1":"post","2":"type-post","3":"status-publish","4":"format-standard","5":"has-post-thumbnail","7":"category-sport","8":"tag-se","9":"tag-sport","10":"tag-sports","11":"tag-svenska","12":"tag-sverige","13":"tag-sweden","14":"tag-swedish"},"share_on_mastodon":{"url":"https:\/\/pubeurope.com\/@se\/115909279278104724","error":""},"_links":{"self":[{"href":"https:\/\/www.europesays.com\/se\/wp-json\/wp\/v2\/posts\/138724","targetHints":{"allow":["GET"]}}],"collection":[{"href":"https:\/\/www.europesays.com\/se\/wp-json\/wp\/v2\/posts"}],"about":[{"href":"https:\/\/www.europesays.com\/se\/wp-json\/wp\/v2\/types\/post"}],"author":[{"embeddable":true,"href":"https:\/\/www.europesays.com\/se\/wp-json\/wp\/v2\/users\/2"}],"replies":[{"embeddable":true,"href":"https:\/\/www.europesays.com\/se\/wp-json\/wp\/v2\/comments?post=138724"}],"version-history":[{"count":0,"href":"https:\/\/www.europesays.com\/se\/wp-json\/wp\/v2\/posts\/138724\/revisions"}],"wp:featuredmedia":[{"embeddable":true,"href":"https:\/\/www.europesays.com\/se\/wp-json\/wp\/v2\/media\/138725"}],"wp:attachment":[{"href":"https:\/\/www.europesays.com\/se\/wp-json\/wp\/v2\/media?parent=138724"}],"wp:term":[{"taxonomy":"category","embeddable":true,"href":"https:\/\/www.europesays.com\/se\/wp-json\/wp\/v2\/categories?post=138724"},{"taxonomy":"post_tag","embeddable":true,"href":"https:\/\/www.europesays.com\/se\/wp-json\/wp\/v2\/tags?post=138724"}],"curies":[{"name":"wp","href":"https:\/\/api.w.org\/{rel}","templated":true}]}}