{"id":138777,"date":"2026-01-17T09:01:16","date_gmt":"2026-01-17T09:01:16","guid":{"rendered":"https:\/\/www.europesays.com\/se\/138777\/"},"modified":"2026-01-17T09:01:16","modified_gmt":"2026-01-17T09:01:16","slug":"har-ar-den-historiska-forsta-future-team-truppen","status":"publish","type":"post","link":"https:\/\/www.europesays.com\/se\/138777\/","title":{"rendered":"H\u00e4r \u00e4r den historiska f\u00f6rsta Future Team-truppen"},"content":{"rendered":"<p><strong>V\u00e4rldsunika landskamper v\u00e4ntar i Vierum\u00e4ki, Finland.<br \/>H\u00e4r \u00e4r Sveriges f\u00f6rsta Future Team-trupp, ett landslag som ska minska klyftorna mellan tidigt och sent biologiskt mogna spelare.<br \/>\u2013\u00a0Future Team g\u00f6r att vi beh\u00e5ller fler spelare i systemet, vilket f\u00f6rhoppningsvis minskar risken att vi misstar fysisk mognad f\u00f6r att vara potential, s\u00e4ger John Lind, forskningsansvarig p\u00e5 Svenska Ishockeyf\u00f6rbundet.<\/strong><\/p>\n<p><img loading=\"lazy\" decoding=\"async\" width=\"1024\" height=\"658\" src=\"https:\/\/www.europesays.com\/se\/wp-content\/uploads\/2026\/01\/Split-Screen-3.1-6-1024x658.webp.webp\" alt=\"\" class=\"wp-image-346197\"  \/>Filip Leijonhielm och Eric Larsson \u00e4r med i truppen.<br \/>\nFoto: Bildbyr\u00e5n<\/p>\n<p>Det \u00e4r snart dags f\u00f6r f\u00f6rsta landskamperna f\u00f6r det nya Future Team-landslaget. Ett projekt som inspirerats av fotbollen, d\u00e4r spelare som \u00e4r sent biologiskt mogna f\u00e5r spela h\u00f6gkvalitativa landskamper. Detta f\u00f6r att minska klyftorna i landslagschanser mellan tidigt och sent biologiskt mogna spelare.<\/p>\n<p>P\u00e5 sikt \u00e4r det meningen att dessa spelare ska f\u00e5 lika m\u00f6jligheter till h\u00f6gkvalitativa matcher mot deras motsvarigheter i andra land. D\u00e4rmed vill man \u00f6ka sannolikheten f\u00f6r spelarna att n\u00e5 sin fulla potential.<\/p>\n<p>F\u00f6rbundskaptenen Nils Ekman har nu tagit upp sin trupp f\u00f6r Team 16 herr, d\u00e4r spelare fr\u00e5n stora delar av hockeysverige har f\u00e5tt plats. I den historiska f\u00f6rsta turneringen reser man till Vierum\u00e4ki, som \u00e4r klassisk hockeymark f\u00f6r finnkamper speciellt p\u00e5 ungdomsniv\u00e5.<\/p>\n<p>F\u00f6rbundskaptenen har sett fram emot att se hur det kommer att spela ut sig i praktiken.<\/p>\n<p>\u2013\u00a0Jag ser verkligen fram emot samlingen och matcherna, och det ska bli intressant att f\u00f6lja hur den h\u00e4r gruppen tar sig an internationellt motst\u00e5nd och vilken utveckling det kan leda till, s\u00e4ger Nils Ekman i ett pressmeddelande.<\/p>\n<p>Tidigare har John Lind, forskningsansvarig p\u00e5 Svenska Ishockeyf\u00f6rbundet <a href=\"https:\/\/www.swehockey.se\/landslag\/landslagsnyheter\/future-team-ishockeyfoerbundet-lanserar-en-vaerldsunik-satsning\/\" rel=\"nofollow noopener\" target=\"_blank\">uttalat sig i fr\u00e5gan.<\/a><\/p>\n<p>\u2013 Vi vet att tv\u00e5 individer i samma kronologiska \u00e5lder kan skilja fem \u00e5r i biologisk \u00e5lder, vilket \u00e4r en avg\u00f6rande faktor vid selektioner. Future Team g\u00f6r att vi beh\u00e5ller fler spelare i systemet, vilket f\u00f6rhoppningsvis minskar risken att vi misstar fysisk mognad f\u00f6r att vara potential, s\u00e4ger han.<\/p>\n<p>S\u00e5 spelas den historiska turneringen<\/p>\n<p>Just finnkamper i triss \u00e4r det som v\u00e4ntar det svenska laget.<\/p>\n<p>I dagarna tre m\u00f6ter man Finland tre g\u00e5nger mellan 23 och 25 januari, s\u00e5 det \u00e4r redan n\u00e4stan helg som det g\u00e5r av stapeln.<\/p>\n<p><strong>Nedan f\u00f6ljer spelschemat.<\/strong><\/p>\n<p>Fredag 23 januari 17.30: Finland \u2013 Sverige<\/p>\n<p>L\u00f6rdag 24 januari 16.00: Sverige \u2013 Finland<\/p>\n<p>S\u00f6ndag 25 januari 11.00: Finland \u2013 Sverige<\/p>\n<p>H\u00e4r \u00e4r svenska Future Team-truppen<\/p>\n<p><strong>M\u00e5lvakter:<br \/><\/strong>1. Neo Eriksson<br \/>35. Ivar Larsson<\/p>\n<p><strong>Backar:<br \/><\/strong>2. Charlie Johansson<br \/>3. Leo Ranneberg<br \/>6. Theo Lindquist<br \/>7. Frans-Martin H\u00f6gberg<br \/>9. Vigor Davidsson<br \/>20. Samuel Boumedienne<br \/>25. Vincent Lundberg<\/p>\n<p><strong>Forwards:<br \/><\/strong>11. Jacob Kumpula Nordin<br \/>13. M\u00e5ns Brendheden<br \/>15. Timothy Ebenhag<br \/>16. Emil Th\u00f6rn<br \/>17. Kevin Zaugg<br \/>18. <a href=\"https:\/\/hockeysverige.se\/spelare\/filip-leijonhielm\" rel=\"nofollow noopener\" target=\"_blank\">Filip Leijonhielm<\/a><br \/>19. <a href=\"https:\/\/hockeysverige.se\/spelare\/eric-larsson\" rel=\"nofollow noopener\" target=\"_blank\">Eric Larsson<\/a><br \/>21. Leo Lotfi<br \/>22. Tom Persson<br \/>23. Alexander Myrentorp<br \/>26. Emil Ronnemo<br \/>27. Oliver Tammiletho<br \/>29. Leon Celius<\/p>\n","protected":false},"excerpt":{"rendered":"V\u00e4rldsunika landskamper v\u00e4ntar i Vierum\u00e4ki, Finland.H\u00e4r \u00e4r Sveriges f\u00f6rsta Future Team-trupp, ett landslag som ska minska klyftorna mellan&hellip;\n","protected":false},"author":2,"featured_media":138778,"comment_status":"","ping_status":"","sticky":false,"template":"","format":"standard","meta":{"footnotes":""},"categories":[68],"tags":[34,133,111,110,31,33,32,30,355],"class_list":{"0":"post-138777","1":"post","2":"type-post","3":"status-publish","4":"format-standard","5":"has-post-thumbnail","7":"category-sport","8":"tag-se","9":"tag-second-news","10":"tag-sport","11":"tag-sports","12":"tag-svenska","13":"tag-sverige","14":"tag-sweden","15":"tag-swedish","16":"tag-talang"},"share_on_mastodon":{"url":"https:\/\/pubeurope.com\/@se\/115909629248413615","error":""},"_links":{"self":[{"href":"https:\/\/www.europesays.com\/se\/wp-json\/wp\/v2\/posts\/138777","targetHints":{"allow":["GET"]}}],"collection":[{"href":"https:\/\/www.europesays.com\/se\/wp-json\/wp\/v2\/posts"}],"about":[{"href":"https:\/\/www.europesays.com\/se\/wp-json\/wp\/v2\/types\/post"}],"author":[{"embeddable":true,"href":"https:\/\/www.europesays.com\/se\/wp-json\/wp\/v2\/users\/2"}],"replies":[{"embeddable":true,"href":"https:\/\/www.europesays.com\/se\/wp-json\/wp\/v2\/comments?post=138777"}],"version-history":[{"count":0,"href":"https:\/\/www.europesays.com\/se\/wp-json\/wp\/v2\/posts\/138777\/revisions"}],"wp:featuredmedia":[{"embeddable":true,"href":"https:\/\/www.europesays.com\/se\/wp-json\/wp\/v2\/media\/138778"}],"wp:attachment":[{"href":"https:\/\/www.europesays.com\/se\/wp-json\/wp\/v2\/media?parent=138777"}],"wp:term":[{"taxonomy":"category","embeddable":true,"href":"https:\/\/www.europesays.com\/se\/wp-json\/wp\/v2\/categories?post=138777"},{"taxonomy":"post_tag","embeddable":true,"href":"https:\/\/www.europesays.com\/se\/wp-json\/wp\/v2\/tags?post=138777"}],"curies":[{"name":"wp","href":"https:\/\/api.w.org\/{rel}","templated":true}]}}