{"id":138796,"date":"2026-01-17T09:19:11","date_gmt":"2026-01-17T09:19:11","guid":{"rendered":"https:\/\/www.europesays.com\/se\/138796\/"},"modified":"2026-01-17T09:19:11","modified_gmt":"2026-01-17T09:19:11","slug":"50-arig-spanjor-ny-tranare-i-aik","status":"publish","type":"post","link":"https:\/\/www.europesays.com\/se\/138796\/","title":{"rendered":"50-\u00e5rig spanjor ny tr\u00e4nare i AIK"},"content":{"rendered":"<p class=\"sc-c25743f0-0 sc-e37c0145-2 hObFds DQgPn\"><strong>Den 50-\u00e5rige spanjoren Jos\u00e9 Riveiro blir ny huvudtr\u00e4nare i fotbollsallsvenska AIK, meddelar Solnaklubben.<\/strong><\/p>\n<p class=\"sc-c25743f0-0 sc-e37c0145-2 hObFds DQgPn\"><strong>Riveiro kommer n\u00e4rmast fr\u00e5n egyptiska Al Ahly.<\/strong><\/p>\n<p class=\"sc-c25743f0-0 sc-e37c0145-2 hObFds DQgPn\">Strax efter \u00e5rsskiftet fick Mikkjal Thomassen, AIK:s huvudtr\u00e4nare sedan sommaren 2024, sparken.<\/p>\n<p class=\"sc-c25743f0-0 sc-e37c0145-2 hObFds DQgPn\">P\u00e5 fredagen presenterades ers\u00e4ttaren: 50-\u00e5rige Jos\u00e9 Riveiro.<\/p>\n<p class=\"sc-c25743f0-0 sc-e37c0145-2 hObFds DQgPn\">\u201dVi s\u00f6kte en tr\u00e4nare som skulle passa den spelstil som AIK str\u00e4var efter, samt \u00e4ven passa in i klubbens djupare kultur. Jos\u00e9 \u00e4r en utm\u00e4rkt matchning p\u00e5 b\u00e5da dessa omr\u00e5den\u201d, s\u00e4ger AIK:s rekryteringschef Miika Takkula i ett pressmeddelande.<\/p>\n<p class=\"sc-c25743f0-0 sc-e37c0145-2 hObFds DQgPn\">Riveiro ansluter till sin nya klubb i samband med det kommande tr\u00e4ningsl\u00e4gret i Spanien, som inleds den 26 januari.<\/p>\n<p class=\"sc-c25743f0-0 sc-e37c0145-2 hObFds DQgPn\">\u201dJag \u00e4r v\u00e4ldigt stolt och glad \u00f6ver att f\u00e5 vara en del av en klubb som verkligen lever och andas fotboll. AIK \u00e4r en klubb med stark identitet, h\u00f6ga ambitioner och en enorm passion runt laget&#8221;, s\u00e4ger Riveiro.<\/p>\n<p class=\"sc-c25743f0-0 sc-e37c0145-2 hObFds DQgPn\">Kontraktet str\u00e4cker sig till till och med den 31 december 2028. F\u00f6rra s\u00e4songen slutade AIK p\u00e5 en sjunde plats i allsvenskan.<\/p>\n","protected":false},"excerpt":{"rendered":"Den 50-\u00e5rige spanjoren Jos\u00e9 Riveiro blir ny huvudtr\u00e4nare i fotbollsallsvenska AIK, meddelar Solnaklubben. Riveiro kommer n\u00e4rmast fr\u00e5n egyptiska&hellip;\n","protected":false},"author":2,"featured_media":138797,"comment_status":"","ping_status":"","sticky":false,"template":"","format":"standard","meta":{"footnotes":""},"categories":[68],"tags":[34,111,110,31,33,32,30],"class_list":{"0":"post-138796","1":"post","2":"type-post","3":"status-publish","4":"format-standard","5":"has-post-thumbnail","7":"category-sport","8":"tag-se","9":"tag-sport","10":"tag-sports","11":"tag-svenska","12":"tag-sverige","13":"tag-sweden","14":"tag-swedish"},"share_on_mastodon":{"url":"https:\/\/pubeurope.com\/@se\/115909699997292163","error":""},"_links":{"self":[{"href":"https:\/\/www.europesays.com\/se\/wp-json\/wp\/v2\/posts\/138796","targetHints":{"allow":["GET"]}}],"collection":[{"href":"https:\/\/www.europesays.com\/se\/wp-json\/wp\/v2\/posts"}],"about":[{"href":"https:\/\/www.europesays.com\/se\/wp-json\/wp\/v2\/types\/post"}],"author":[{"embeddable":true,"href":"https:\/\/www.europesays.com\/se\/wp-json\/wp\/v2\/users\/2"}],"replies":[{"embeddable":true,"href":"https:\/\/www.europesays.com\/se\/wp-json\/wp\/v2\/comments?post=138796"}],"version-history":[{"count":0,"href":"https:\/\/www.europesays.com\/se\/wp-json\/wp\/v2\/posts\/138796\/revisions"}],"wp:featuredmedia":[{"embeddable":true,"href":"https:\/\/www.europesays.com\/se\/wp-json\/wp\/v2\/media\/138797"}],"wp:attachment":[{"href":"https:\/\/www.europesays.com\/se\/wp-json\/wp\/v2\/media?parent=138796"}],"wp:term":[{"taxonomy":"category","embeddable":true,"href":"https:\/\/www.europesays.com\/se\/wp-json\/wp\/v2\/categories?post=138796"},{"taxonomy":"post_tag","embeddable":true,"href":"https:\/\/www.europesays.com\/se\/wp-json\/wp\/v2\/tags?post=138796"}],"curies":[{"name":"wp","href":"https:\/\/api.w.org\/{rel}","templated":true}]}}