{"id":13881,"date":"2025-08-26T09:16:07","date_gmt":"2025-08-26T09:16:07","guid":{"rendered":"https:\/\/www.europesays.com\/se\/13881\/"},"modified":"2025-08-26T09:16:07","modified_gmt":"2025-08-26T09:16:07","slug":"s-kallar-strommer-till-utskott-efter-valdsvag-sverige","status":"publish","type":"post","link":"https:\/\/www.europesays.com\/se\/13881\/","title":{"rendered":"S kallar Str\u00f6mmer till utskott efter v\u00e5ldsv\u00e5g | Sverige"},"content":{"rendered":"<p>Publicerad 26 aug 2025 kl 09.04Uppdaterad kl 10.03<\/p>\n<p>Socialdemokraterna vill att justitieminister Gunnar Str\u00f6mmer (M) och rikspolischef Petra Lundh kommer till justitieutskottet.<\/p>\n<p><img   alt=\"\"\/> <\/p>\n<p>Foto: Christine Olsson\/TT \/ TT NYHETSBYR\u00c5N \/ Christine Olsson<\/p>\n<p>\u00d6ppna bild i helsk\u00e4rm<\/p>\n<p>Det s\u00e4ger Socialdemokraternas r\u00e4ttspolitiska talesperson Teresa Carvalho p\u00e5 en presstr\u00e4ff.\u00a0<\/p>\n<p>Bakgrunden \u00e4r enligt henne att skjutningarna har fortsatt och spr\u00e4ngningarna \u00f6kat i sommar. \u00a0<\/p>\n<p>\u2013 Det har varit en v\u00e5ldsam sommar, s\u00e4ger Carvalho.<\/p>\n<p>Enligt siffror fr\u00e5n Socialdemokraterna har det skett 39 skjutningar och 48 spr\u00e4ngningar under juni, juli och augusti i \u00e5r.\u00a0<\/p>\n<p>\u2013 Skjutningarna har minskat n\u00e5got, men \u00e4ven n\u00e4r det g\u00e4ller skjutningar sticker vi ut som land. Ska vi n\u00f6ja oss med de h\u00e4r niv\u00e5erna p\u00e5 skjutningar? Det tycker inte vi socialdemokrater, s\u00e4ger hon. \u00a0<\/p>\n","protected":false},"excerpt":{"rendered":"Publicerad 26 aug 2025 kl 09.04Uppdaterad kl 10.03 Socialdemokraterna vill att justitieminister Gunnar Str\u00f6mmer (M) och rikspolischef Petra&hellip;\n","protected":false},"author":2,"featured_media":13882,"comment_status":"","ping_status":"","sticky":false,"template":"","format":"standard","meta":{"footnotes":""},"categories":[12],"tags":[22,23,26,27,17,21,24,25,28,29,15,16,18,34,154,31,33,32,30,19,20],"class_list":{"0":"post-13881","1":"post","2":"type-post","3":"status-publish","4":"format-standard","5":"has-post-thumbnail","7":"category-sverige","8":"tag-breaking-news","9":"tag-breakingnews","10":"tag-featured-news","11":"tag-featurednews","12":"tag-headlines","13":"tag-huvudnyheter","14":"tag-latest-news","15":"tag-latestnews","16":"tag-main-news","17":"tag-mainnews","18":"tag-news","19":"tag-nyheter","20":"tag-rubriker","21":"tag-se","22":"tag-sections-sverige","23":"tag-svenska","24":"tag-sverige","25":"tag-sweden","26":"tag-swedish","27":"tag-top-stories","28":"tag-topstories"},"share_on_mastodon":{"url":"","error":""},"_links":{"self":[{"href":"https:\/\/www.europesays.com\/se\/wp-json\/wp\/v2\/posts\/13881","targetHints":{"allow":["GET"]}}],"collection":[{"href":"https:\/\/www.europesays.com\/se\/wp-json\/wp\/v2\/posts"}],"about":[{"href":"https:\/\/www.europesays.com\/se\/wp-json\/wp\/v2\/types\/post"}],"author":[{"embeddable":true,"href":"https:\/\/www.europesays.com\/se\/wp-json\/wp\/v2\/users\/2"}],"replies":[{"embeddable":true,"href":"https:\/\/www.europesays.com\/se\/wp-json\/wp\/v2\/comments?post=13881"}],"version-history":[{"count":0,"href":"https:\/\/www.europesays.com\/se\/wp-json\/wp\/v2\/posts\/13881\/revisions"}],"wp:featuredmedia":[{"embeddable":true,"href":"https:\/\/www.europesays.com\/se\/wp-json\/wp\/v2\/media\/13882"}],"wp:attachment":[{"href":"https:\/\/www.europesays.com\/se\/wp-json\/wp\/v2\/media?parent=13881"}],"wp:term":[{"taxonomy":"category","embeddable":true,"href":"https:\/\/www.europesays.com\/se\/wp-json\/wp\/v2\/categories?post=13881"},{"taxonomy":"post_tag","embeddable":true,"href":"https:\/\/www.europesays.com\/se\/wp-json\/wp\/v2\/tags?post=13881"}],"curies":[{"name":"wp","href":"https:\/\/api.w.org\/{rel}","templated":true}]}}