{"id":138831,"date":"2026-01-17T10:09:32","date_gmt":"2026-01-17T10:09:32","guid":{"rendered":"https:\/\/www.europesays.com\/se\/138831\/"},"modified":"2026-01-17T10:09:32","modified_gmt":"2026-01-17T10:09:32","slug":"ricoh-gr-iv-monochrome-specialversion-for-gatufotografen","status":"publish","type":"post","link":"https:\/\/www.europesays.com\/se\/138831\/","title":{"rendered":"Ricoh GR IV Monochrome \u2013 specialversion f\u00f6r gatufotografen"},"content":{"rendered":"<p class=\"kicker t20 color_mobile_no_bg_color\" style=\"\">NYHET<\/p>\n<p>    Ricoh GR IV Monochrome med dedikerad svartvit sensor som avsl\u00f6jades i oktober \u00e4r nu sl\u00e4ppt.<\/p>\n<p>Att ha en sensor dedikerad f\u00f6r svartvit fotografering \u2013 allts\u00e5 d\u00e4r man helt skippar steget med f\u00e4rgfilter \u2013 inneb\u00e4r en del f\u00f6rdelar f\u00f6r bildkvaliteten.<\/p>\n<p>Det h\u00e4r vill Ricoh omfamna i sin nya kamera Ricoh GR IV Monochrome som avsl\u00f6jades under h\u00f6sten och som nu allts\u00e5 sl\u00e4ppts. Kameran bygger p\u00e5 Ricoh GR IV som sl\u00e4pptes i augusti 2025 och har samma design, storlek och APS-C-sensor, men d\u00e5 utan f\u00e4rgfiltret som sitter framf\u00f6r den.<\/p>\n<p>                <img decoding=\"async\" src=\"https:\/\/www.europesays.com\/se\/wp-content\/uploads\/2026\/01\/1667084.webp.jpeg\" width=\"480\" height=\"360\" title=\"\" alt=\"\" loading=\"lazy\" style=\"\"\/><\/p>\n<p>                <img decoding=\"async\" src=\"https:\/\/www.europesays.com\/se\/wp-content\/uploads\/2026\/01\/1667086.webp.jpeg\" width=\"480\" height=\"389\" title=\"\" alt=\"\" loading=\"lazy\" style=\"\"\/><\/p>\n<p>            CREATIVE EL\n        <\/p>\n<p>Ett inbyggt r\u00f6dfilter \u00e4r integrerat i objektivet och g\u00e5r att aktivera via\u00a0Fn-knappen, och sl\u00e4pper d\u00e5 igenom r\u00f6tt ljus och reducerar det bl\u00e5, vilket ger m\u00f6rkare himlar, tydligare molnkontrast och ljusare \u00e5tergivning av r\u00f6da motiv.<\/p>\n<p>Nytt \u00e4r \u00e4ven bildkontrollerna som skapats f\u00f6r monokromt arbete: Solid ger h\u00f6gre kontrast och ett mer distinkt uttryck, Grainy\u00a0tillf\u00f6r en filmliknande kornstruktur, samtidigt som detaljer i b\u00e5de h\u00f6gdagrar och skuggor bevaras.\u00a0<\/p>\n<p>Ricoh GR IV\u00a0Monochrome har b\u00e5de mekanisk och elektronisk slutare, den senare med slutartider upp till\u00a01\/16 000 s vilket g\u00f6r det m\u00f6jligt att fotografera med stor bl\u00e4ndare i starkt ljus utan behov av ND-filter. Ricoh meddelar \u00e4ven att samma elektroniska slutare planeras att inf\u00f6ras i GR IV genmo en framtida\u00a0firmwareuppdatering.\u00a0<\/p>\n<p>Specifikationer:\u00a0<\/p>\n<ul>\n<li>\n<p>25,74 MP APS-C bakbelyst monokrom CMOS-sensor utan anti-aliasingfilter\u00a0<\/p>\n<\/li>\n<li>\n<p>Inbyggt r\u00f6tt filter med\u00a0Fn-knapp f\u00f6r klassiska kontrasteffekter\u00a0<\/p>\n<\/li>\n<li>\n<p>Elektronisk slutare upp till 1\/16000 s<\/p>\n<\/li>\n<li>\n<p>S\u00e4rskilda bildkontrolll\u00e4gen: \u201dSolid\u201d f\u00f6r h\u00f6g kontrast, \u201dGrainy\u201d f\u00f6r filmliknande kornighet med bevarat tonomr\u00e5de\u00a0<\/p>\n<\/li>\n<li>\n<p>5-axlig bildstabilisering med 6 stegs kompensation, 53 GB internt minne<\/p>\n<\/li>\n<li>\n<p>ISO upp till 409 600\u00a0<\/p>\n<\/li>\n<\/ul>\n<p>        <a itemprop=\"url\" class=\"\" href=\"https:\/\/www.kamerabild.se\/nyheter\/ricoh-gr-iv-hdf-boerjar-levereras-januari-2026-haer-aer-priset\/1664337\" data-k5a-url=\"https:\/\/www.kamerabild.se\/a\/1664337\" rel=\"nofollow noopener\" target=\"_blank\"><\/p>\n<p>            Ricoh GR IV HDF  b\u00f6rjar levereras januari 2026 \u2013 h\u00e4r \u00e4r priset<\/p>\n<p>        <\/a><\/p>\n<p>GR IV\u00a0Monochrome \u00e4rver flera funktioner fr\u00e5n GR IV-serien:\u00a0<\/p>\n<ul>\n<li>\n<p>5-axlig bildstabilisering\u00a0med upp till 6 stegs effekt\u00a0<\/p>\n<\/li>\n<li>\n<p>53 GB inbyggt minne, motsvarande cirka 995 RAW-bilder\u00a0<\/p>\n<\/li>\n<li>\n<p>DB-120-batteri p\u00e5 1800\u00a0mAh, med kapacitet f\u00f6r cirka 250 bilder\u00a0<\/p>\n<\/li>\n<li>\n<p>Tr\u00e5dl\u00f6s anslutning och bilddelning via\u00a0appen\u00a0GR World\u00a0<\/p>\n<\/li>\n<\/ul>\n<p>Ricoh har \u00e4ven <a href=\"https:\/\/www.kamerabild.se\/nyheter\/ricoh-gr-iv-hdf-boerjar-levereras-januari-2026-haer-aer-priset\/1664337\" rel=\"nofollow noopener\" target=\"_blank\">sl\u00e4ppt en HDF-version<\/a> d\u00e4r man bytt ut Ricoh GR IV:s inbyggda ND-filter till ett highlight diffusion filter (HDF). \u00c4ven denna kamera delar i \u00f6vrigt samma specifikationer som\u00a0<a href=\"https:\/\/www.kamerabild.se\/nyheter\/ricoh-gr-iv-slappt-25-megapixlar-och-snabbare-prestanda\/1646148\" rel=\"nofollow noopener\" target=\"_blank\">Ricoh GR IV<\/a>.<\/p>\n<p>Ricoh GR IV Monochrome b\u00f6rjar levereras i februari 2026. Rekommenderat pris \u00e4r 22 090 kronor inklusive moms.<\/p>\n","protected":false},"excerpt":{"rendered":"NYHET Ricoh GR IV Monochrome med dedikerad svartvit sensor som avsl\u00f6jades i oktober \u00e4r nu sl\u00e4ppt. Att ha&hellip;\n","protected":false},"author":2,"featured_media":138832,"comment_status":"","ping_status":"","sticky":false,"template":"","format":"standard","meta":{"footnotes":""},"categories":[66],"tags":[80,78,79,34,31,33,32,30,81,84,83,82],"class_list":{"0":"post-138831","1":"post","2":"type-post","3":"status-publish","4":"format-standard","5":"has-post-thumbnail","7":"category-vetenskap-och-teknik","8":"tag-science","9":"tag-science-and-technology","10":"tag-scienceandtechnology","11":"tag-se","12":"tag-svenska","13":"tag-sverige","14":"tag-sweden","15":"tag-swedish","16":"tag-technology","17":"tag-teknik","18":"tag-vetenskap","19":"tag-vetenskapteknik"},"share_on_mastodon":{"url":"https:\/\/pubeurope.com\/@se\/115909896625621138","error":""},"_links":{"self":[{"href":"https:\/\/www.europesays.com\/se\/wp-json\/wp\/v2\/posts\/138831","targetHints":{"allow":["GET"]}}],"collection":[{"href":"https:\/\/www.europesays.com\/se\/wp-json\/wp\/v2\/posts"}],"about":[{"href":"https:\/\/www.europesays.com\/se\/wp-json\/wp\/v2\/types\/post"}],"author":[{"embeddable":true,"href":"https:\/\/www.europesays.com\/se\/wp-json\/wp\/v2\/users\/2"}],"replies":[{"embeddable":true,"href":"https:\/\/www.europesays.com\/se\/wp-json\/wp\/v2\/comments?post=138831"}],"version-history":[{"count":0,"href":"https:\/\/www.europesays.com\/se\/wp-json\/wp\/v2\/posts\/138831\/revisions"}],"wp:featuredmedia":[{"embeddable":true,"href":"https:\/\/www.europesays.com\/se\/wp-json\/wp\/v2\/media\/138832"}],"wp:attachment":[{"href":"https:\/\/www.europesays.com\/se\/wp-json\/wp\/v2\/media?parent=138831"}],"wp:term":[{"taxonomy":"category","embeddable":true,"href":"https:\/\/www.europesays.com\/se\/wp-json\/wp\/v2\/categories?post=138831"},{"taxonomy":"post_tag","embeddable":true,"href":"https:\/\/www.europesays.com\/se\/wp-json\/wp\/v2\/tags?post=138831"}],"curies":[{"name":"wp","href":"https:\/\/api.w.org\/{rel}","templated":true}]}}