{"id":138876,"date":"2026-01-17T11:23:07","date_gmt":"2026-01-17T11:23:07","guid":{"rendered":"https:\/\/www.europesays.com\/se\/138876\/"},"modified":"2026-01-17T11:23:07","modified_gmt":"2026-01-17T11:23:07","slug":"apple-kan-drabbas-av-chippbristen","status":"publish","type":"post","link":"https:\/\/www.europesays.com\/se\/138876\/","title":{"rendered":"Apple kan drabbas av chippbristen"},"content":{"rendered":"<p>Med anledning av storsatsningen p\u00e5 AI har det p\u00e5 sistone uppst\u00e5tt en global brist p\u00e5 chipp och minnen, n\u00e5got som har lett till h\u00f6gre priser p\u00e5 vissa prylar.<\/p>\n<p>Nu rapporterar <a href=\"https:\/\/idg.digidip.net\/visit?url=https:\/\/www.culpium.com\/p\/exclusiveapple-is-fighting-for-tsmc&amp;currurl=https:\/\/www.macworld.se\/article\/3035566\/apple-kan-drabbas-av-chippbristen.html&amp;ref=7-1-3035566-1-0-0-0-0\" data-type=\"link\" data-id=\"https:\/\/www.culpium.com\/p\/exclusiveapple-is-fighting-for-tsmc\" rel=\"nofollow noopener\" data-subtag=\"7-1-3035566-1-0-0-0-0\" data-domain-name=\"culpium\" target=\"_blank\">Culpium<\/a> att Apple kan bli n\u00e4sta f\u00f6retag som drabbas av chippbristen.<\/p>\n<p>Bakgrunden \u00e4r att Nvidia och AMD v\u00e4nt sig till TSMC f\u00f6r att f\u00e5 tag p\u00e5 fler chipp, vilket betyder att det taiwanesiska f\u00f6retaget kan f\u00e5 problem med att leverera tillr\u00e4ckligt m\u00e5nga chipp till Apple.<\/p>\n<p>Under l\u00e5ng tid har Apple varit den viktigaste kunden f\u00f6r TSMC, men enligt Culpium har Nvidia \u00f6vertagit den rollen sedan ett tag tillbaka.<\/p>\n<p>Med andra ord kan Apple f\u00e5 sv\u00e5rt att m\u00f6ta efterfr\u00e5gan fr\u00e5n konsumenterna och det kan i sin tur pressa upp priset p\u00e5 f\u00f6retagets produkter ytterligare ett sn\u00e4pp.<\/p>\n","protected":false},"excerpt":{"rendered":"Med anledning av storsatsningen p\u00e5 AI har det p\u00e5 sistone uppst\u00e5tt en global brist p\u00e5 chipp och minnen,&hellip;\n","protected":false},"author":2,"featured_media":138877,"comment_status":"","ping_status":"","sticky":false,"template":"","format":"standard","meta":{"footnotes":""},"categories":[66],"tags":[80,78,79,34,31,33,32,30,81,84,83,82],"class_list":{"0":"post-138876","1":"post","2":"type-post","3":"status-publish","4":"format-standard","5":"has-post-thumbnail","7":"category-vetenskap-och-teknik","8":"tag-science","9":"tag-science-and-technology","10":"tag-scienceandtechnology","11":"tag-se","12":"tag-svenska","13":"tag-sverige","14":"tag-sweden","15":"tag-swedish","16":"tag-technology","17":"tag-teknik","18":"tag-vetenskap","19":"tag-vetenskapteknik"},"share_on_mastodon":{"url":"https:\/\/pubeurope.com\/@se\/115910187633815349","error":""},"_links":{"self":[{"href":"https:\/\/www.europesays.com\/se\/wp-json\/wp\/v2\/posts\/138876","targetHints":{"allow":["GET"]}}],"collection":[{"href":"https:\/\/www.europesays.com\/se\/wp-json\/wp\/v2\/posts"}],"about":[{"href":"https:\/\/www.europesays.com\/se\/wp-json\/wp\/v2\/types\/post"}],"author":[{"embeddable":true,"href":"https:\/\/www.europesays.com\/se\/wp-json\/wp\/v2\/users\/2"}],"replies":[{"embeddable":true,"href":"https:\/\/www.europesays.com\/se\/wp-json\/wp\/v2\/comments?post=138876"}],"version-history":[{"count":0,"href":"https:\/\/www.europesays.com\/se\/wp-json\/wp\/v2\/posts\/138876\/revisions"}],"wp:featuredmedia":[{"embeddable":true,"href":"https:\/\/www.europesays.com\/se\/wp-json\/wp\/v2\/media\/138877"}],"wp:attachment":[{"href":"https:\/\/www.europesays.com\/se\/wp-json\/wp\/v2\/media?parent=138876"}],"wp:term":[{"taxonomy":"category","embeddable":true,"href":"https:\/\/www.europesays.com\/se\/wp-json\/wp\/v2\/categories?post=138876"},{"taxonomy":"post_tag","embeddable":true,"href":"https:\/\/www.europesays.com\/se\/wp-json\/wp\/v2\/tags?post=138876"}],"curies":[{"name":"wp","href":"https:\/\/api.w.org\/{rel}","templated":true}]}}