{"id":138882,"date":"2026-01-17T11:31:06","date_gmt":"2026-01-17T11:31:06","guid":{"rendered":"https:\/\/www.europesays.com\/se\/138882\/"},"modified":"2026-01-17T11:31:06","modified_gmt":"2026-01-17T11:31:06","slug":"fler-apple-prylar-ska-fa-oled-skarmar","status":"publish","type":"post","link":"https:\/\/www.europesays.com\/se\/138882\/","title":{"rendered":"Fler Apple-prylar ska f\u00e5 oled-sk\u00e4rmar"},"content":{"rendered":"<p>Det ryktas om att fler Apple-prylar kommer utrustas med oled-sk\u00e4rmar, det vill s\u00e4ga samma sorts sk\u00e4rm som anv\u00e4nds i nyare modeller av Iphone och Ipad Pro.<\/p>\n<p>Enligt en sammanst\u00e4llning som gjorts av <a href=\"https:\/\/idg.digidip.net\/visit?url=https:\/\/www.macrumors.com\/2026\/01\/16\/next-5-apple-products-with-oled-displays\/&amp;currurl=https:\/\/www.macworld.se\/article\/3035555\/fler-apple-prylar-ska-fa-oled-skarmar.html&amp;ref=7-1-3035555-1-0-0-0-0\" data-type=\"link\" data-id=\"https:\/\/www.macrumors.com\/2026\/01\/16\/next-5-apple-products-with-oled-displays\/\" rel=\"nofollow noopener\" data-subtag=\"7-1-3035555-1-0-0-0-0\" data-domain-name=\"macrumors\" target=\"_blank\">Macrumors<\/a> ser tidplanen ut som f\u00f6ljer:<\/p>\n<ul class=\"wp-block-list\">\n<li>Ipad Mini: 2026<\/li>\n<li>Macbook Pro: 2026 eller 2027<\/li>\n<li>Ipad Air: 2027<\/li>\n<li>Imac: 2027 eller 2028<\/li>\n<li>Macbook Air: 2028<\/li>\n<\/ul>\n<p>Om uppgifterna st\u00e4mmer kommer allts\u00e5 de \u00e4ldre lcd-sk\u00e4rmarna i stort sett ha fasats ut inom n\u00e5gra f\u00e5 \u00e5r.<\/p>\n<p>En av f\u00f6rdelarna med oled-sk\u00e4rmar \u00e4r att de erbjuder h\u00f6gre kontrast och perfekt sv\u00e4rta, det vill s\u00e4ga att svart verkligen \u00e4r svart.<\/p>\n","protected":false},"excerpt":{"rendered":"Det ryktas om att fler Apple-prylar kommer utrustas med oled-sk\u00e4rmar, det vill s\u00e4ga samma sorts sk\u00e4rm som anv\u00e4nds&hellip;\n","protected":false},"author":2,"featured_media":138883,"comment_status":"","ping_status":"","sticky":false,"template":"","format":"standard","meta":{"footnotes":""},"categories":[66],"tags":[80,78,79,34,31,33,32,30,81,84,83,82],"class_list":{"0":"post-138882","1":"post","2":"type-post","3":"status-publish","4":"format-standard","5":"has-post-thumbnail","7":"category-vetenskap-och-teknik","8":"tag-science","9":"tag-science-and-technology","10":"tag-scienceandtechnology","11":"tag-se","12":"tag-svenska","13":"tag-sverige","14":"tag-sweden","15":"tag-swedish","16":"tag-technology","17":"tag-teknik","18":"tag-vetenskap","19":"tag-vetenskapteknik"},"share_on_mastodon":{"url":"https:\/\/pubeurope.com\/@se\/115910219263317075","error":""},"_links":{"self":[{"href":"https:\/\/www.europesays.com\/se\/wp-json\/wp\/v2\/posts\/138882","targetHints":{"allow":["GET"]}}],"collection":[{"href":"https:\/\/www.europesays.com\/se\/wp-json\/wp\/v2\/posts"}],"about":[{"href":"https:\/\/www.europesays.com\/se\/wp-json\/wp\/v2\/types\/post"}],"author":[{"embeddable":true,"href":"https:\/\/www.europesays.com\/se\/wp-json\/wp\/v2\/users\/2"}],"replies":[{"embeddable":true,"href":"https:\/\/www.europesays.com\/se\/wp-json\/wp\/v2\/comments?post=138882"}],"version-history":[{"count":0,"href":"https:\/\/www.europesays.com\/se\/wp-json\/wp\/v2\/posts\/138882\/revisions"}],"wp:featuredmedia":[{"embeddable":true,"href":"https:\/\/www.europesays.com\/se\/wp-json\/wp\/v2\/media\/138883"}],"wp:attachment":[{"href":"https:\/\/www.europesays.com\/se\/wp-json\/wp\/v2\/media?parent=138882"}],"wp:term":[{"taxonomy":"category","embeddable":true,"href":"https:\/\/www.europesays.com\/se\/wp-json\/wp\/v2\/categories?post=138882"},{"taxonomy":"post_tag","embeddable":true,"href":"https:\/\/www.europesays.com\/se\/wp-json\/wp\/v2\/tags?post=138882"}],"curies":[{"name":"wp","href":"https:\/\/api.w.org\/{rel}","templated":true}]}}