{"id":138935,"date":"2026-01-17T12:37:06","date_gmt":"2026-01-17T12:37:06","guid":{"rendered":"https:\/\/www.europesays.com\/se\/138935\/"},"modified":"2026-01-17T12:37:06","modified_gmt":"2026-01-17T12:37:06","slug":"judisk-svensk-amerikansk-astronaut-atervander-till-rymden","status":"publish","type":"post","link":"https:\/\/www.europesays.com\/se\/138935\/","title":{"rendered":"Judisk svensk-amerikansk astronaut \u00e5terv\u00e4nder till rymden"},"content":{"rendered":"<p class=\"kicker t16 tm16 primary color_mobile_primary\" style=\"\">Rymden<\/p>\n<p>\n        Astronauten Jessica Meir \u00e5terv\u00e4nder till den internationella rymdstatationen ISS i februari.<br \/>\n        Claudio Bresciani\/TT\n    <\/p>\n<p>    Den judiska svensk-amerikanska astronauten Jessica Meir ska \u00e5terigen resa till rymden f\u00f6r att vistas p\u00e5 Internationella rymdstationen (ISS). Meir ska ing\u00e5 i amerikanska Nasas expedition till ISS som \u00e4r planerad att \u00e4ga rum i februari.<\/p>\n<p>V\u00e4rlden idag har <a href=\"https:\/\/www.varldenidag.se\/nyheter\/judisk-svensk-amerikansk-astronaut-tillbaka-pa-jorden\/462984\" rel=\"nofollow noopener\" target=\"_blank\">tidigare ber\u00e4ttat <\/a>om austronaten Jessica Meir som 2019 september l\u00e4mnade jorden f\u00f6r att bli bes\u00e4ttningsmedlem p\u00e5 Internationella rymdstationen (ISS). Meirs mamma \u00e4r en kristen svenska fr\u00e5n V\u00e4ster\u00e5s, medan hennes pappa var israelisk jude, f\u00f6dd i Irak.<\/p>\n<p>                ERBJUDANDE!<br \/>\n<br \/>V\u00e4rlden idag DIGITAL<br \/>\n                2 m\u00e5nader f\u00f6r 10 kr!<\/p>\n<p>\n                    <a style=\"\" class=\"lab-paywall-teaser-offer-button\" href=\"https:\/\/api.varldenidag.se\/paywall\/order?providerUrl=https%3A%2F%2Forder.flowy.se%2Fvarldenidag%2Fvarldenidagdigital%2F3990%2Fuserform%3FcouponNumber%3D124&amp;siteAlias=varldenidag&amp;&amp;siteId=2&amp;contentUrl=https%3A%2F%2Fwww.varldenidag.se%2Fnyheter%2Fjudisk-svensk-amerikansk-astronaut-atervaender-till-rymden%2F901189\" rel=\"nofollow noopener\" target=\"_blank\">K\u00d6P<\/a>\n                <\/p>\n<p>                V\u00e4rlden idag<br \/>\n<br \/>DIGITAL<br \/>\n                139,-<\/p>\n<p class=\"price_description\">kr\/m\u00e5nad \u200b\u200b\u200b\u200b\u200b\u200b<\/p>\n<p>\n                    <a style=\"\" class=\"lab-paywall-teaser-offer-button\" href=\"https:\/\/order.flowy.se\/varldenidag\/varldenidagdigital\" rel=\"nofollow noopener\" target=\"_blank\">K\u00d6P<\/a>\n                <\/p>\n<p>                V\u00e4rlden idag<br \/>\n<br \/>PAPPER<br \/>\n                229,-<\/p>\n<p class=\"price_description\">kr\/m\u00e5nad \u200b\u200b\u200b\u200b\u200b\u200b<\/p>\n<p>\n                    <a style=\"\" class=\"lab-paywall-teaser-offer-button\" href=\"https:\/\/order.flowy.se\/varldenidag\/varldenidag\" rel=\"nofollow noopener\" target=\"_blank\">K\u00d6P<\/a>\n                <\/p>\n","protected":false},"excerpt":{"rendered":"Rymden Astronauten Jessica Meir \u00e5terv\u00e4nder till den internationella rymdstatationen ISS i februari. Claudio Bresciani\/TT Den judiska svensk-amerikanska astronauten&hellip;\n","protected":false},"author":2,"featured_media":138936,"comment_status":"","ping_status":"","sticky":false,"template":"","format":"standard","meta":{"footnotes":""},"categories":[66],"tags":[80,78,79,34,31,33,32,30,81,84,83,82],"class_list":{"0":"post-138935","1":"post","2":"type-post","3":"status-publish","4":"format-standard","5":"has-post-thumbnail","7":"category-vetenskap-och-teknik","8":"tag-science","9":"tag-science-and-technology","10":"tag-scienceandtechnology","11":"tag-se","12":"tag-svenska","13":"tag-sverige","14":"tag-sweden","15":"tag-swedish","16":"tag-technology","17":"tag-teknik","18":"tag-vetenskap","19":"tag-vetenskapteknik"},"share_on_mastodon":{"url":"https:\/\/pubeurope.com\/@se\/115910478583419669","error":""},"_links":{"self":[{"href":"https:\/\/www.europesays.com\/se\/wp-json\/wp\/v2\/posts\/138935","targetHints":{"allow":["GET"]}}],"collection":[{"href":"https:\/\/www.europesays.com\/se\/wp-json\/wp\/v2\/posts"}],"about":[{"href":"https:\/\/www.europesays.com\/se\/wp-json\/wp\/v2\/types\/post"}],"author":[{"embeddable":true,"href":"https:\/\/www.europesays.com\/se\/wp-json\/wp\/v2\/users\/2"}],"replies":[{"embeddable":true,"href":"https:\/\/www.europesays.com\/se\/wp-json\/wp\/v2\/comments?post=138935"}],"version-history":[{"count":0,"href":"https:\/\/www.europesays.com\/se\/wp-json\/wp\/v2\/posts\/138935\/revisions"}],"wp:featuredmedia":[{"embeddable":true,"href":"https:\/\/www.europesays.com\/se\/wp-json\/wp\/v2\/media\/138936"}],"wp:attachment":[{"href":"https:\/\/www.europesays.com\/se\/wp-json\/wp\/v2\/media?parent=138935"}],"wp:term":[{"taxonomy":"category","embeddable":true,"href":"https:\/\/www.europesays.com\/se\/wp-json\/wp\/v2\/categories?post=138935"},{"taxonomy":"post_tag","embeddable":true,"href":"https:\/\/www.europesays.com\/se\/wp-json\/wp\/v2\/tags?post=138935"}],"curies":[{"name":"wp","href":"https:\/\/api.w.org\/{rel}","templated":true}]}}