{"id":139017,"date":"2026-01-17T14:40:25","date_gmt":"2026-01-17T14:40:25","guid":{"rendered":"https:\/\/www.europesays.com\/se\/139017\/"},"modified":"2026-01-17T14:40:25","modified_gmt":"2026-01-17T14:40:25","slug":"svt-satter-stopp-for-gina-dirawis-zeiyt-reklam-far-inte-forekomma-breakit","status":"publish","type":"post","link":"https:\/\/www.europesays.com\/se\/139017\/","title":{"rendered":"SVT s\u00e4tter stopp f\u00f6r Gina Dirawis Z\u00ebiyt: \u201cReklam f\u00e5r inte f\u00f6rekomma\u201d &#8211; Breakit"},"content":{"rendered":"<ol>\n<li><a href=\"https:\/\/news.google.com\/rss\/articles\/CBMipAFBVV95cUxPbFA2dWRsRWRZamlqTFFTbGJUd2hTano4TGtyUWhlVGM0cDBNNWlFd3NKQm0zWm4yTEZFTUpVZnVnb1ZHb3YzYU5wQkpsZGVwaW5NMm1kSkM3MTlYbWtmN2dVMHl6TVJTeFhnYTY1YmdLYkZHUEZyMS1RQjBhSlBqU3k0WWFtSzhhb2NFZnNVSW9mSi1PY1kzRkZ3QWZuSnVKdVdXYQ?oc=5\" target=\"_blank\" rel=\"nofollow noopener\">SVT s\u00e4tter stopp f\u00f6r Gina Dirawis Z\u00ebiyt: \u201cReklam f\u00e5r inte f\u00f6rekomma\u201d<\/a>&nbsp;&nbsp;Breakit<\/li>\n<li><a href=\"https:\/\/news.google.com\/rss\/articles\/CBMipwFBVV95cUxQTE5MbDN1ajJKWDI3UVVmSVRvc25RUWNWUG1vYWp4aFlGc2tLV0NHSkNYaWVhYVZ1TVpFV2FmOFZzUjZDU3kxbjA1c2tWYXR5alJXNzE0N005czF4VHFrckdFSjlEcXk3aVlTeHJmMHU2d0EtbmtFUVpGckNwenNjUFJhUzdZVlFhZ3JLR3RweFNjSDZZVjMxRXVncUlzUkVacDhCOU5IMA?oc=5\" target=\"_blank\" rel=\"nofollow noopener\">SVT stoppar Gina Dirawis bolag Z\u00ebiyt<\/a>&nbsp;&nbsp;Aftonbladet<\/li>\n<li><a href=\"https:\/\/news.google.com\/rss\/articles\/CBMiygFBVV95cUxQeUJvaTBlZE5BNm52a191ZjgzVnZ4WVd6b0pYSEU3ZUlqd1lLam1JLTNuMUFMR29JY2xQTGtZR3V6cEFwV09SYVY0cGY4am9mVVVIVm1rX1BOMl9OZVAtdzBDRTVGdlU4OVFsWEZTRnlpTGxHRnhpTEVxYU5HMzlWeGZvaTlwWGF0TmU0LWN0em5ibTM3VlhKM2NPZUI1RGRBX1lwM25GaHRfX05pekpnN0ZCU2ZreXZRLUo4dUtIOUpoU0RhanlvTVJn?oc=5\" target=\"_blank\" rel=\"nofollow noopener\">Gina Dirawi i Melodifestivalen \u00e4r ett st\u00e4llningstagande b\u00e5de mot Israel och mot svenska folket<\/a>&nbsp;&nbsp;Med Israel f\u00f6r fred (MIFF)<\/li>\n<li><a href=\"https:\/\/news.google.com\/rss\/articles\/CBMikwFBVV95cUxQWHpSRmJGanpIZlUtNFFzSG5OcFVpbXNMSXFZVlBfNFVhNlQzS3EzTXhHd21UalFKR0dCT2Y1ZDRXWXgwN3loVlFfVzhILW5zQlNpNnB5NldzSGlPMVNGaUkxcW1hTVNsY1NlamtWS2tuV2dvV0xJYWgtQUlJT096ckZiZmdoWlg1OHM0T0pkck8tQ00?oc=5\" target=\"_blank\" rel=\"nofollow noopener\">Gina Dirawi om kritiken: &#8221;Det \u00e4r j\u00e4ttek\u00e4nsliga tider&#8221;<\/a>&nbsp;&nbsp;GAFFA.se<\/li>\n<li><a href=\"https:\/\/news.google.com\/rss\/articles\/CBMinwFBVV95cUxQZkg2RV9BU1BMODJ4U0QtWC01TGxNWTZfaHgxOWlGS1lJMnZzWXdkSDRRTUYxTWxHN1dSb2k0aVo3bWZ2VDg3OWV5dFhHQjQwWFBod1FBVE1GQzY1a2ZpR2NTQWtFT3JTRUt6LW0wTklpTkJCTmZtNDc4ejBZR0ZmcFd6NFVoaGNxb0pnR2p0Zl9ta0w5NVM5eEZiaXFuRVk?oc=5\" target=\"_blank\" rel=\"nofollow noopener\">Gina Dirawi stoppad av SVT \u2013 beskedet strax innan Melodifestivalen<\/a>&nbsp;&nbsp;H\u00e4nt<\/li>\n<\/ol>\n","protected":false},"excerpt":{"rendered":"SVT s\u00e4tter stopp f\u00f6r Gina Dirawis Z\u00ebiyt: \u201cReklam f\u00e5r inte f\u00f6rekomma\u201d&nbsp;&nbsp;Breakit SVT stoppar Gina Dirawis bolag Z\u00ebiyt&nbsp;&nbsp;Aftonbladet Gina&hellip;\n","protected":false},"author":2,"featured_media":139018,"comment_status":"","ping_status":"","sticky":false,"template":"","format":"standard","meta":{"footnotes":""},"categories":[67],"tags":[87,104,88,91,90,92,34,89,86,31,33,32,30,85,105],"class_list":{"0":"post-139017","1":"post","2":"type-post","3":"status-publish","4":"format-standard","5":"has-post-thumbnail","7":"category-underhallning","8":"tag-digital","9":"tag-entertainment","10":"tag-entreprenor","11":"tag-king","12":"tag-klarna","13":"tag-riskkapital","14":"tag-se","15":"tag-spotify","16":"tag-startups","17":"tag-svenska","18":"tag-sverige","19":"tag-sweden","20":"tag-swedish","21":"tag-tech","22":"tag-underhallning"},"share_on_mastodon":{"url":"https:\/\/pubeurope.com\/@se\/115910962208664658","error":""},"_links":{"self":[{"href":"https:\/\/www.europesays.com\/se\/wp-json\/wp\/v2\/posts\/139017","targetHints":{"allow":["GET"]}}],"collection":[{"href":"https:\/\/www.europesays.com\/se\/wp-json\/wp\/v2\/posts"}],"about":[{"href":"https:\/\/www.europesays.com\/se\/wp-json\/wp\/v2\/types\/post"}],"author":[{"embeddable":true,"href":"https:\/\/www.europesays.com\/se\/wp-json\/wp\/v2\/users\/2"}],"replies":[{"embeddable":true,"href":"https:\/\/www.europesays.com\/se\/wp-json\/wp\/v2\/comments?post=139017"}],"version-history":[{"count":0,"href":"https:\/\/www.europesays.com\/se\/wp-json\/wp\/v2\/posts\/139017\/revisions"}],"wp:featuredmedia":[{"embeddable":true,"href":"https:\/\/www.europesays.com\/se\/wp-json\/wp\/v2\/media\/139018"}],"wp:attachment":[{"href":"https:\/\/www.europesays.com\/se\/wp-json\/wp\/v2\/media?parent=139017"}],"wp:term":[{"taxonomy":"category","embeddable":true,"href":"https:\/\/www.europesays.com\/se\/wp-json\/wp\/v2\/categories?post=139017"},{"taxonomy":"post_tag","embeddable":true,"href":"https:\/\/www.europesays.com\/se\/wp-json\/wp\/v2\/tags?post=139017"}],"curies":[{"name":"wp","href":"https:\/\/api.w.org\/{rel}","templated":true}]}}