{"id":139119,"date":"2026-01-17T17:38:09","date_gmt":"2026-01-17T17:38:09","guid":{"rendered":"https:\/\/www.europesays.com\/se\/139119\/"},"modified":"2026-01-17T17:38:09","modified_gmt":"2026-01-17T17:38:09","slug":"fem-doda-i-dubbla-laviner-i-osterrikiska-salzburg","status":"publish","type":"post","link":"https:\/\/www.europesays.com\/se\/139119\/","title":{"rendered":"Fem d\u00f6da i dubbla laviner i \u00f6sterrikiska Salzburg"},"content":{"rendered":"<p>Fem personer har d\u00f6tt i det \u00f6sterrikiska f\u00f6rbundslandet Salzburg efter att tv\u00e5 laviner g\u00e5tt under l\u00f6rdagen, rapporterar lokala medier. En av olyckorna intr\u00e4ffade vid lunchtid i Bad Hofgastein d\u00e4r en kvinna begravdes i en lavin p\u00e5 \u00f6ver 2\u202f000 meters h\u00f6jd. <\/p>\n<p>Under eftermiddagen sveptes sju personer med i en annan lavin. En person klarade sig utan skador, tv\u00e5 skadades och fyra personer dog. <\/p>\n<p>Flera larm om laviner har inkommit till r\u00e4ddningstj\u00e4nsten under l\u00f6rdagen. Fj\u00e4llr\u00e4ddningen har utf\u00e4rdat varningar om lavinrisken, skriver Kronen Zeitung. <\/p>\n<p>Omni \u00e4r politiskt obundna och oberoende. Vi str\u00e4var efter att ge fler perspektiv p\u00e5 nyheterna. Har du fr\u00e5gor eller synpunkter kring v\u00e5r rapportering? <a href=\"https:\/\/omni.se\/fem-doda-i-dubbla-laviner-i-osterrikiska-salzburg\/a\/mailto:redaktion@omni.se\" class=\"ArticleActions_contactLink__W2F1M\" rel=\"nofollow noopener\" target=\"_blank\">Kontakta redaktionen<\/a><\/p>\n","protected":false},"excerpt":{"rendered":"Fem personer har d\u00f6tt i det \u00f6sterrikiska f\u00f6rbundslandet Salzburg efter att tv\u00e5 laviner g\u00e5tt under l\u00f6rdagen, rapporterar lokala&hellip;\n","protected":false},"author":2,"featured_media":139120,"comment_status":"","ping_status":"","sticky":false,"template":"","format":"standard","meta":{"footnotes":"","_share_on_mastodon":"0"},"categories":[14],"tags":[22,23,267,26,27,17,21,24,25,28,29,15,16,5178,18,34,31,33,32,30,19,20,51,52,53,54],"class_list":["post-139119","post","type-post","status-publish","format-standard","has-post-thumbnail","category-varlden","tag-breaking-news","tag-breakingnews","tag-europa","tag-featured-news","tag-featurednews","tag-headlines","tag-huvudnyheter","tag-latest-news","tag-latestnews","tag-main-news","tag-mainnews","tag-news","tag-nyheter","tag-osterrike","tag-rubriker","tag-se","tag-svenska","tag-sverige","tag-sweden","tag-swedish","tag-top-stories","tag-topstories","tag-varlden","tag-world","tag-world-news","tag-worldnews"],"share_on_mastodon":{"url":"https:\/\/pubeurope.com\/@se\/115911662125077867","error":""},"_links":{"self":[{"href":"https:\/\/www.europesays.com\/se\/wp-json\/wp\/v2\/posts\/139119","targetHints":{"allow":["GET"]}}],"collection":[{"href":"https:\/\/www.europesays.com\/se\/wp-json\/wp\/v2\/posts"}],"about":[{"href":"https:\/\/www.europesays.com\/se\/wp-json\/wp\/v2\/types\/post"}],"author":[{"embeddable":true,"href":"https:\/\/www.europesays.com\/se\/wp-json\/wp\/v2\/users\/2"}],"replies":[{"embeddable":true,"href":"https:\/\/www.europesays.com\/se\/wp-json\/wp\/v2\/comments?post=139119"}],"version-history":[{"count":0,"href":"https:\/\/www.europesays.com\/se\/wp-json\/wp\/v2\/posts\/139119\/revisions"}],"wp:featuredmedia":[{"embeddable":true,"href":"https:\/\/www.europesays.com\/se\/wp-json\/wp\/v2\/media\/139120"}],"wp:attachment":[{"href":"https:\/\/www.europesays.com\/se\/wp-json\/wp\/v2\/media?parent=139119"}],"wp:term":[{"taxonomy":"category","embeddable":true,"href":"https:\/\/www.europesays.com\/se\/wp-json\/wp\/v2\/categories?post=139119"},{"taxonomy":"post_tag","embeddable":true,"href":"https:\/\/www.europesays.com\/se\/wp-json\/wp\/v2\/tags?post=139119"}],"curies":[{"name":"wp","href":"https:\/\/api.w.org\/{rel}","templated":true}]}}