{"id":13915,"date":"2025-08-26T10:05:07","date_gmt":"2025-08-26T10:05:07","guid":{"rendered":"https:\/\/www.europesays.com\/se\/13915\/"},"modified":"2025-08-26T10:05:07","modified_gmt":"2025-08-26T10:05:07","slug":"campar-i-hov1-kon-tre-dygn-i-forvag","status":"publish","type":"post","link":"https:\/\/www.europesays.com\/se\/13915\/","title":{"rendered":"Campar i Hov1-k\u00f6n \u2013 tre dygn i f\u00f6rv\u00e4g"},"content":{"rendered":"<p>Publicerad 26 aug 2025 kl 11.31<\/p>\n<p>P\u00e5 fredag g\u00f6r Hov1 sin avskedsspelning p\u00e5 G\u00e4rdet.<\/p>\n<p>Redan nu campar fans f\u00f6r att f\u00e5 de b\u00e4sta platserna.<\/p>\n<p><img   alt=\"\"\/><\/p>\n<p>Tiotals personer campar i v\u00e4ntan p\u00e5 Hov1.<\/p>\n<p>Foto: ANGELA KOTSELL \/ SPA | SWEDISH PRESS AGENCY<\/p>\n<p>\u00d6ppna bild i helsk\u00e4rm<img loading=\"lazy\"   alt=\"\"\/><\/p>\n<p>Konserten \u00e4r p\u00e5 fredag.<\/p>\n<p>Foto: ANGELA KOTSELL \/ SPA | SWEDISH PRESS AGENCY<\/p>\n<p>\u00d6ppna bild i helsk\u00e4rm<img loading=\"lazy\"   alt=\"\"\/><\/p>\n<p>Arrang\u00f6ren uppmanar inte till camping-k\u00f6.<\/p>\n<p>Foto: ANGELA KOTSELL \/ SPA | SWEDISH PRESS AGENCY<\/p>\n<p>\u00d6ppna bild i helsk\u00e4rm<\/p>\n<p>Fr\u00e5n b\u00f6rjan var Hov1:s stora avsked planerat som tv\u00e5 spelningar p\u00e5 Stadion, men konserterna slogs ihop och flyttades till <a href=\"https:\/\/www.expressen.se\/tagg\/location\/gardet\/\" class=\"\" rel=\"nofollow noopener\" target=\"_blank\">G\u00e4rdet<\/a>.<\/p>\n<p>\u201dDet blir inte bara Hov1:s sista spelning n\u00e5gonsin. De tar ocks\u00e5 sikte p\u00e5 st\u00f6rsta enskilda konserten som n\u00e5gonsin genomf\u00f6rts i Stockholm\u201d, skrev bandet i ett pressmeddelande tidigare i somras.\u00a0<\/p>\n<p><img loading=\"lazy\"   alt=\"\"\/><\/p>\n<p>Hov1 g\u00f6r sin sista spelning n\u00e5gonsin.<\/p>\n<p>Foto: ROBERT EKLUND \/ STELLA PICTURES<\/p>\n<p>\u00d6ppna bild i helsk\u00e4rm<\/p>\n<p>Fr\u00e5n arrang\u00f6ren United stages sida uppmanar man inte till den tidigare campingen. Fans som redan nu g\u00f6r det riskerar ocks\u00e5 att beh\u00f6va flytta p\u00e5 sig p\u00e5 grund av stadens regelverk.\u00a0<\/p>\n<p><strong>L\u00c4S MER: <\/strong><a href=\"https:\/\/www.expressen.se\/noje\/hov1-ar-mycket-smartare-an-vad-folk-tror\/\" class=\"premium-link\" rel=\"nofollow noopener\" target=\"_blank\">Premium \u201dHov1 \u00e4r mycket smartare \u00e4n vad folk tror\u201d<\/a><\/p>\n","protected":false},"excerpt":{"rendered":"Publicerad 26 aug 2025 kl 11.31 P\u00e5 fredag g\u00f6r Hov1 sin avskedsspelning p\u00e5 G\u00e4rdet. Redan nu campar fans&hellip;\n","protected":false},"author":2,"featured_media":13916,"comment_status":"","ping_status":"","sticky":false,"template":"","format":"standard","meta":{"footnotes":""},"categories":[67],"tags":[104,1843,34,31,33,32,30,402,143,105],"class_list":{"0":"post-13915","1":"post","2":"type-post","3":"status-publish","4":"format-standard","5":"has-post-thumbnail","7":"category-underhallning","8":"tag-entertainment","9":"tag-location-gardet","10":"tag-se","11":"tag-svenska","12":"tag-sverige","13":"tag-sweden","14":"tag-swedish","15":"tag-topic-artister","16":"tag-topic-konsert","17":"tag-underhallning"},"share_on_mastodon":{"url":"","error":""},"_links":{"self":[{"href":"https:\/\/www.europesays.com\/se\/wp-json\/wp\/v2\/posts\/13915","targetHints":{"allow":["GET"]}}],"collection":[{"href":"https:\/\/www.europesays.com\/se\/wp-json\/wp\/v2\/posts"}],"about":[{"href":"https:\/\/www.europesays.com\/se\/wp-json\/wp\/v2\/types\/post"}],"author":[{"embeddable":true,"href":"https:\/\/www.europesays.com\/se\/wp-json\/wp\/v2\/users\/2"}],"replies":[{"embeddable":true,"href":"https:\/\/www.europesays.com\/se\/wp-json\/wp\/v2\/comments?post=13915"}],"version-history":[{"count":0,"href":"https:\/\/www.europesays.com\/se\/wp-json\/wp\/v2\/posts\/13915\/revisions"}],"wp:featuredmedia":[{"embeddable":true,"href":"https:\/\/www.europesays.com\/se\/wp-json\/wp\/v2\/media\/13916"}],"wp:attachment":[{"href":"https:\/\/www.europesays.com\/se\/wp-json\/wp\/v2\/media?parent=13915"}],"wp:term":[{"taxonomy":"category","embeddable":true,"href":"https:\/\/www.europesays.com\/se\/wp-json\/wp\/v2\/categories?post=13915"},{"taxonomy":"post_tag","embeddable":true,"href":"https:\/\/www.europesays.com\/se\/wp-json\/wp\/v2\/tags?post=13915"}],"curies":[{"name":"wp","href":"https:\/\/api.w.org\/{rel}","templated":true}]}}