{"id":139172,"date":"2026-01-17T19:05:12","date_gmt":"2026-01-17T19:05:12","guid":{"rendered":"https:\/\/www.europesays.com\/se\/139172\/"},"modified":"2026-01-17T19:05:12","modified_gmt":"2026-01-17T19:05:12","slug":"tararna-i-tv4-detstorsta-jag-upplevt-trav","status":"publish","type":"post","link":"https:\/\/www.europesays.com\/se\/139172\/","title":{"rendered":"T\u00e5rarna i TV4: \u201dDet\nst\u00f6rsta jag upplevt\u201d | Trav"},"content":{"rendered":"<p>Publicerad 17 jan 2026 kl 16.46Uppdaterad kl 19.16<\/p>\n<p>Nyligen tog Lovisa Gunnarsson sin f\u00f6rsta tr\u00e4narseger n\u00e5gonsin.<\/p>\n<p>Nu har hon vunnit f\u00f6r f\u00f6rsta g\u00e5ngen p\u00e5 V85 \u2013 efter en skr\u00e4llseger med Karin B p\u00e5 Eskilstuna.<\/p>\n<p>\u2013 Det \u00e4r det st\u00f6rsta jag varit med om, s\u00e4ger hon gr\u00e5tandes.<\/p>\n<p><img   alt=\"\"\/><\/p>\n<p>Lovisa Gunnarsson i segerintervjun.<\/p>\n<p>Foto: TV12.<\/p>\n<p>\u00d6ppna bild i helsk\u00e4rm<img loading=\"lazy\"   alt=\"\"\/><\/p>\n<p>Karin B vann s\u00e4kert i V85-1.<\/p>\n<p>\u00d6ppna bild i helsk\u00e4rm<\/p>\n<p>Den 21 november vann travh\u00e4sten Karin B i V5 p\u00e5 Romme med Mats E Djuse.\u00a0<\/p>\n<p>Det var tr\u00e4naren Lovisa Gunnarssons f\u00f6rsta tr\u00e4narseger i karri\u00e4ren.<\/p>\n<p>Nu har hon \u00e4ven vunnit p\u00e5 V85.<\/p>\n<p>I V85-inledningen p\u00e5 Sundbyholm i Eskilstuna var Karin B spelad till 6,88 procent. Hon slutade som klar segrare tillsammans med Bj\u00f6rn Goop i sulkyn.<\/p>\n<p>\u2013 \u00c5h herregud, vad h\u00e4nder. Jag \u00e4r m\u00e5ll\u00f6s, s\u00e4ger Lovisa Gunnarsson i TV12.<\/p>\n<p>Tr\u00e4naren: \u201dVarit s\u00e5 mycket skit\u201d<\/p>\n<p>Lovisa Gunnarsson tog \u00f6ver Karin B fr\u00e5n Joakim L\u00f6vgren 2023. D\u00e4refter har det varit en krokig karri\u00e4r fram till nu.<\/p>\n<p>Tr\u00e4naren kunde inte alls h\u00e5lla tillbaka t\u00e5rarna i segerintervjun i TV12.<\/p>\n<p>\u2013 Jag vet inte vad jag ska s\u00e4ga, det \u00e4r det st\u00f6rsta jag varit med om. Det har varit s\u00e5 mycket skit p\u00e5 v\u00e4gen, det \u00e4r v\u00e5r tur nu, s\u00e4ger hon.<\/p>\n<p>R\u00e4tta V85-raden<\/p>\n<p><strong>V85-1: <\/strong>Karin B. \u2013 Bj\u00f6rn Goop<\/p>\n<p><strong>V85-2:<\/strong> Arnie Silvio \u2013 Wilma Karlsson<\/p>\n<p><strong>V85-3: <\/strong>Boscha Diablo \u2013 Peter Untersteiner<\/p>\n<p><strong>V85-4: <\/strong>J.H.Oliver \u2013 Bj\u00f6rn Goop<\/p>\n<p><strong>V85-5: <\/strong>Follow Him \u2013 Dwight Pieters<\/p>\n<p><strong>V85-6: <\/strong>Makalu Doc \u2013 Ulf Ohlsson<\/p>\n<p><strong>V85-7:<\/strong> Phantom le Soleil \u2013 Kenneth Haugstad<\/p>\n<p><strong>V85-8: <\/strong>Ackuratess \u2013 Mattias Hansson<\/p>\n<p><strong>Utdelning 8 r\u00e4tt: <\/strong>6 458 451 kronor<\/p>\n<p><strong>Utdelning 7 r\u00e4tt: <\/strong>5 534 kronor<\/p>\n<p><strong>Utdelning 6 r\u00e4tt: <\/strong>141 kronor<\/p>\n<p><strong>Utdelning 5 r\u00e4tt:<\/strong> 21 kronor<\/p>\n<p>Visa mer<\/p>\n","protected":false},"excerpt":{"rendered":"Publicerad 17 jan 2026 kl 16.46Uppdaterad kl 19.16 Nyligen tog Lovisa Gunnarsson sin f\u00f6rsta tr\u00e4narseger n\u00e5gonsin. Nu har&hellip;\n","protected":false},"author":2,"featured_media":139173,"comment_status":"","ping_status":"","sticky":false,"template":"","format":"standard","meta":{"footnotes":""},"categories":[67],"tags":[104,2576,6240,34,1033,31,33,32,30,105],"class_list":{"0":"post-139172","1":"post","2":"type-post","3":"status-publish","4":"format-standard","5":"has-post-thumbnail","7":"category-underhallning","8":"tag-entertainment","9":"tag-organization-travsport","10":"tag-organization-v85-tips","11":"tag-se","12":"tag-sections-trav","13":"tag-svenska","14":"tag-sverige","15":"tag-sweden","16":"tag-swedish","17":"tag-underhallning"},"share_on_mastodon":{"url":"https:\/\/pubeurope.com\/@se\/115912004257513888","error":""},"_links":{"self":[{"href":"https:\/\/www.europesays.com\/se\/wp-json\/wp\/v2\/posts\/139172","targetHints":{"allow":["GET"]}}],"collection":[{"href":"https:\/\/www.europesays.com\/se\/wp-json\/wp\/v2\/posts"}],"about":[{"href":"https:\/\/www.europesays.com\/se\/wp-json\/wp\/v2\/types\/post"}],"author":[{"embeddable":true,"href":"https:\/\/www.europesays.com\/se\/wp-json\/wp\/v2\/users\/2"}],"replies":[{"embeddable":true,"href":"https:\/\/www.europesays.com\/se\/wp-json\/wp\/v2\/comments?post=139172"}],"version-history":[{"count":0,"href":"https:\/\/www.europesays.com\/se\/wp-json\/wp\/v2\/posts\/139172\/revisions"}],"wp:featuredmedia":[{"embeddable":true,"href":"https:\/\/www.europesays.com\/se\/wp-json\/wp\/v2\/media\/139173"}],"wp:attachment":[{"href":"https:\/\/www.europesays.com\/se\/wp-json\/wp\/v2\/media?parent=139172"}],"wp:term":[{"taxonomy":"category","embeddable":true,"href":"https:\/\/www.europesays.com\/se\/wp-json\/wp\/v2\/categories?post=139172"},{"taxonomy":"post_tag","embeddable":true,"href":"https:\/\/www.europesays.com\/se\/wp-json\/wp\/v2\/tags?post=139172"}],"curies":[{"name":"wp","href":"https:\/\/api.w.org\/{rel}","templated":true}]}}