{"id":139219,"date":"2026-01-17T20:21:42","date_gmt":"2026-01-17T20:21:42","guid":{"rendered":"https:\/\/www.europesays.com\/se\/139219\/"},"modified":"2026-01-17T20:21:42","modified_gmt":"2026-01-17T20:21:42","slug":"mycket-kvar-att-gora-i-varldens-medier","status":"publish","type":"post","link":"https:\/\/www.europesays.com\/se\/139219\/","title":{"rendered":"Mycket kvar att g\u00f6ra i v\u00e4rldens medier"},"content":{"rendered":"<p class=\"article__sublead\">I veckans FEMPERSPODD: Kvinnor utg\u00f6r halva v\u00e4rldens befolkning men syns bara i en fj\u00e4rdedel av det globala nyhetsfl\u00f6det. Det visar den sjunde rapporten The Global Media Monitoring Project (GMMP) fr\u00e5n 2025. Sverige h\u00f6r till l\u00e4nderna som placerar sig i topp, men \u00e4ven h\u00e4r stampar eller till och med backar det. Maria Edstr\u00f6m, docent i journalistik, konstaterar att det finns mycket kvar att g\u00f6ra.<br \/>Dessutom fr\u00e5gar vi Syres ledarskribent Malin Bergendal om avskaffandet av vintertid kan bli en valfr\u00e5ga och s\u00e5 f\u00e5r vi ett utrikessvep av tidningen Globals chefredakt\u00f6r Bella Frank.<\/p>\n<p class=\"article__paragraph\">GMMP har genomf\u00f6rts vart femte \u00e5r sedan 1995. Studien \u00e4r unik, eftersom nyheterna unders\u00f6kts p\u00e5 samma s\u00e4tt \u00f6ver hela v\u00e4rlden under en och samma dag. <br \/>2025 \u00e5rs m\u00e4tning visar att det g\u00e5r l\u00e5ngsamt. Fr\u00e5n 17 procent kvinnor i det globala nyhetsfl\u00f6det 1995 till 26 procent 2025. F\u00f6r Sveriges del visar GMMP att kvinnors andel i svenska nyheter \u00e4r i princip of\u00f6r\u00e4ndrad; den minskade marginellt fr\u00e5n 38 procent 2020 till 37 procent 2025. Samtidigt finns\u00a0exempel p\u00e5 svenska redaktioner och redaktionsledningar som har rutiner och riktlinjer f\u00f6r att skapa en b\u00e4ttre k\u00f6nsbalans i sina nyheter och organisationer. <\/p>\n<p class=\"article__paragraph\"><strong>Maria Edstr\u00f6m<\/strong>, docent i journalistik, har varit drivande bakom den svenska unders\u00f6kningen sedan start och understryker att den fortfarande genomf\u00f6rs i huvudsak av ideella krafter och s\u00e5 ser det ut v\u00e4rlden \u00f6ver.<\/p>\n<p class=\"article__paragraph\">I veckans podd summerar vi ocks\u00e5 de \u00e5rliga h\u00e4lsof\u00f6rlusterna i samband med skifte mellan sommar- och vintertid tillsammans med Syres ledarskribent <strong>Malin Bergendal<\/strong> och fr\u00e5gar oss om det inte \u00e4r dags att avskaffa tidsomst\u00e4llningen?<\/p>\n<p class=\"article__paragraph\">Dessutom f\u00e5r vi ett utrikessvep av tidningen Globals chefredakt\u00f6r <strong>Bella Frank<\/strong>. Bland annat om utvecklingen i Iran, USA och Palestina.<\/p>\n<p>Om Global Monitoring projekt<\/p>\n<p class=\"article__paragraph\"><a rel=\"noreferrer noopener nofollow\" href=\"https:\/\/fojo.se\/en\/gender-diversity\/gmmp\/\" target=\"_blank\">GMMP<\/a> \u00e4r en unders\u00f6kning om j\u00e4mst\u00e4lld representation i media som genomf\u00f6rs under en specifik dag var femte \u00e5r. F\u00f6rsta g\u00e5ngen studien genomf\u00f6rdes var 1995 och Sverige deltar f\u00f6r sj\u00e4tte g\u00e5ngen. 2025 deltog 94 l\u00e4nder i GMMP.<\/p>\n<p class=\"article__paragraph\"><a rel=\"noreferrer noopener nofollow\" href=\"https:\/\/fojo.se\/gender-diversity\/gmmp\/\" target=\"_blank\">Den svenska rapporten\u00a0R\u00e4kna med kvinnor 2025<\/a> \u00e4r sammanst\u00e4lld av Fojo, G\u00f6teborgs universitet och J\u00e4mst\u00e4lldhetsmyndigheten.<\/p>\n<p class=\"article__paragraph\"><a href=\"https:\/\/jamstalldhetsmyndigheten.se\/aktuellt\/nyheter\/farre-kvinnor-an-man-i-nyheterna\/\" rel=\"nofollow noopener\" target=\"_blank\">L\u00e4nk till nyhetsartikeln \u201dF\u00e4rre kvinnor \u00e4n m\u00e4n i nyheterna\u201d<\/a><\/p>\n","protected":false},"excerpt":{"rendered":"I veckans FEMPERSPODD: Kvinnor utg\u00f6r halva v\u00e4rldens befolkning men syns bara i en fj\u00e4rdedel av det globala nyhetsfl\u00f6det.&hellip;\n","protected":false},"author":2,"featured_media":139220,"comment_status":"","ping_status":"","sticky":false,"template":"","format":"standard","meta":{"footnotes":""},"categories":[12],"tags":[22,23,1640,26,27,11883,13909,17,21,2288,24,25,28,29,3764,15,16,369,18,34,31,33,32,30,19,20],"class_list":{"0":"post-139219","1":"post","2":"type-post","3":"status-publish","4":"format-standard","5":"has-post-thumbnail","7":"category-sverige","8":"tag-breaking-news","9":"tag-breakingnews","10":"tag-demokrati","11":"tag-featured-news","12":"tag-featurednews","13":"tag-feminism","14":"tag-gmmp","15":"tag-headlines","16":"tag-huvudnyheter","17":"tag-jamstalldhet","18":"tag-latest-news","19":"tag-latestnews","20":"tag-main-news","21":"tag-mainnews","22":"tag-medier","23":"tag-news","24":"tag-nyheter","25":"tag-politik","26":"tag-rubriker","27":"tag-se","28":"tag-svenska","29":"tag-sverige","30":"tag-sweden","31":"tag-swedish","32":"tag-top-stories","33":"tag-topstories"},"share_on_mastodon":{"url":"https:\/\/pubeurope.com\/@se\/115912303168877745","error":""},"_links":{"self":[{"href":"https:\/\/www.europesays.com\/se\/wp-json\/wp\/v2\/posts\/139219","targetHints":{"allow":["GET"]}}],"collection":[{"href":"https:\/\/www.europesays.com\/se\/wp-json\/wp\/v2\/posts"}],"about":[{"href":"https:\/\/www.europesays.com\/se\/wp-json\/wp\/v2\/types\/post"}],"author":[{"embeddable":true,"href":"https:\/\/www.europesays.com\/se\/wp-json\/wp\/v2\/users\/2"}],"replies":[{"embeddable":true,"href":"https:\/\/www.europesays.com\/se\/wp-json\/wp\/v2\/comments?post=139219"}],"version-history":[{"count":0,"href":"https:\/\/www.europesays.com\/se\/wp-json\/wp\/v2\/posts\/139219\/revisions"}],"wp:featuredmedia":[{"embeddable":true,"href":"https:\/\/www.europesays.com\/se\/wp-json\/wp\/v2\/media\/139220"}],"wp:attachment":[{"href":"https:\/\/www.europesays.com\/se\/wp-json\/wp\/v2\/media?parent=139219"}],"wp:term":[{"taxonomy":"category","embeddable":true,"href":"https:\/\/www.europesays.com\/se\/wp-json\/wp\/v2\/categories?post=139219"},{"taxonomy":"post_tag","embeddable":true,"href":"https:\/\/www.europesays.com\/se\/wp-json\/wp\/v2\/tags?post=139219"}],"curies":[{"name":"wp","href":"https:\/\/api.w.org\/{rel}","templated":true}]}}