{"id":13926,"date":"2025-08-26T10:17:45","date_gmt":"2025-08-26T10:17:45","guid":{"rendered":"https:\/\/www.europesays.com\/se\/13926\/"},"modified":"2025-08-26T10:17:45","modified_gmt":"2025-08-26T10:17:45","slug":"allan-karlstroms-van-misstanks-ha-valdtagit-kvinna-nio-ganger","status":"publish","type":"post","link":"https:\/\/www.europesays.com\/se\/13926\/","title":{"rendered":"Allan Karlstr\u00f6ms v\u00e4n misst\u00e4nks ha v\u00e5ldtagit kvinna nio g\u00e5nger"},"content":{"rendered":"<p>Publicerad 25 aug 2025 kl 16.20Uppdaterad kl 17.07<\/p>\n<p>Sm\u00e5barnspappan fr\u00e5n Sundsvall misst\u00e4nks ha drogat, v\u00e5ldtagit och fotograferat en kvinna nio g\u00e5nger.<\/p>\n<p>Allt avsl\u00f6jades n\u00e4r polisen fick ett USB-minne och mannens k\u00f6rkort skickat till stationen.<\/p>\n<p>Den v\u00e5ldt\u00e4ktsmisst\u00e4nkte mannen \u00e4r v\u00e4n med Allan Karlstr\u00f6m, 48, som d\u00f6mdes till livstids f\u00e4ngelse f\u00f6r mordet p\u00e5 Liselotte, 25.<\/p>\n<p>Senaste nyhetsklippen fr\u00e5n Expressen.<img   alt=\"\"\/><\/p>\n<p>\u201dHelgen \u00e4r r\u00e4ddad.\u201d P\u00e5 bilden, som ser ut att vara tagen p\u00e5 samma plats d\u00e4r Liselotte m\u00f6rdades, \u00e4r livstidsd\u00f6mde Allan Karlstr\u00f6m taggad tillsammans med en barndomsv\u00e4n som nu \u00e4r misst\u00e4nkt f\u00f6r nio v\u00e5ldt\u00e4kter.<\/p>\n<p>Foto: Privat<\/p>\n<p>\u00d6ppna bild i helsk\u00e4rm<img loading=\"lazy\"   alt=\"\"\/><\/p>\n<p>Poliser vid Allan Karlstr\u00f6ms stuga i s\u00f6kandet efter m\u00f6rdade Liselotte.<\/p>\n<p>Foto: SVEN LINDWALL<\/p>\n<p>\u00d6ppna bild i helsk\u00e4rm<\/p>\n<p>\u201dHelgen \u00e4r r\u00e4ddad\u201d st\u00e5r det p\u00e5 inl\u00e4gget p\u00e5 sociala medieplattformen Meta.\u00a0<\/p>\n<p>P\u00e5 en tr\u00e4planka lagd \u00f6ver en delvis sn\u00f6t\u00e4ckt farstu st\u00e5r \u00e5tta stora spritflaskor uppradade. P\u00e5 bilden syns ocks\u00e5 ett lock med \u00f6lburkar och flaskor med ipa som ligger p\u00e5 kylning i sn\u00f6n.\u00a0<\/p>\n<p>Platsen verkar vara den avl\u00e4gset bel\u00e4gna stuga dit Allan Karlstr\u00f6m, 48, tog 25-\u00e5riga Liselotte i oktober 2022, misshandlade och dr\u00e4nkte henne innan han dumpade hennes kropp ner f\u00f6r ett stup.<\/p>\n<p><img loading=\"lazy\"   alt=\"\"\/><\/p>\n<p>Liselotte blev bara 25 \u00e5r. Hon m\u00f6rdades av Allan Karlstr\u00f6m vid hans avl\u00e4gset bel\u00e4gna sommarstuga, d\u00e4r hon misshandlades sv\u00e5rt innan han dumpade hennes kropp utf\u00f6r ett stup.<\/p>\n<p>\u00d6ppna bild i helsk\u00e4rmN\u00e4ra v\u00e4n till Allan Karlstr\u00f6m<\/p>\n<p>Karlstr\u00f6m d\u00f6mdes till livstids f\u00e4ngelse i maj 2023.<\/p>\n<p>P\u00e5 bilden med spritflaskorna, som Allan Karlstr\u00f6m lajkat, \u00e4r han taggad tillsammans med en barndomsv\u00e4n fr\u00e5n <a href=\"https:\/\/www.expressen.se\/tagg\/location\/sundsvall\/\" class=\"\" rel=\"nofollow noopener\" target=\"_blank\">Sundsvall<\/a>. Det \u00e4r en sm\u00e5barnspappa i 50-\u00e5rs\u00e5ldern som beskrivs som en n\u00e4ra v\u00e4n till Allan Karlstr\u00f6m sedan barndomen.<\/p>\n<p>\u2013\u00a0Jag tr\u00e4ffade dem tillsammans strax efter pandemin, det var p\u00e5 Ikea. Vi satt och fikade en stund och sm\u00e5pratade. Det var mest ( den v\u00e5ldt\u00e4ktsmisst\u00e4nkte mannen ) som pratade om sitt jobb. Jag vet att de ibland \u00e5kte i v\u00e4g p\u00e5 kortare resor ihop f\u00f6r att fiska och liknande, ber\u00e4ttar en bekant till m\u00e4nnen.\u00a0<\/p>\n<p>\u2013 De har h\u00e4ngt ihop i \u00f6ver 40 \u00e5r.<\/p>\n<p><img loading=\"lazy\"   alt=\"\"\/><\/p>\n<p>Allan Karlstr\u00f6m d\u00f6mdes till livstids f\u00e4ngelse f\u00f6r mordet p\u00e5 Liselotte, 25 i maj 2023. Nu \u00e4r hans barndomsv\u00e4n misst\u00e4nkt f\u00f6r nio v\u00e5ldt\u00e4kter mot en och samma kvinna, som enligt \u00e5klagaren varit medvetsl\u00f6s under \u00f6vergreppen.<\/p>\n<p>\u00d6ppna bild i helsk\u00e4rm<\/p>\n<p>Sm\u00e5barnspappan greps i juni i \u00e5r och har sedan dess suttit h\u00e4ktad misst\u00e4nkt f\u00f6r ett tiotal v\u00e5ldt\u00e4kter.\u00a0<\/p>\n<p>Kammar\u00e5klagare Ida Annerstedt r\u00e4knar med att v\u00e4cka \u00e5tal mot mannen p\u00e5 tisdag.<\/p>\n<p>\u2013\u00a0Det g\u00e4ller nio v\u00e5ldt\u00e4kter och det \u00e4r mot en och samma m\u00e5ls\u00e4gande. Min uppfattning \u00e4r att m\u00e5ls\u00e4gande har sovit, varit alkoholp\u00e5verkad eller drogad \u2013 jag anser att det \u00e4r klart att hon inte varit vaken och medveten, s\u00e4ger Ida Annerstedt.<\/p>\n<p>Mystiska tipset \u2013 polisen fick USB och k\u00f6rkort<\/p>\n<p>Hon ber\u00e4ttar att \u00e4rendet kom till polisens k\u00e4nnedom genom att en privatperson l\u00e4mnade in ett USB-minne och mannens k\u00f6rkort till polisen.\u00a0<\/p>\n<p>\u2013 Jag kan inte s\u00e4ga mer \u00e4n att det var en allm\u00e4nhet som hade hittat och l\u00e4mnat in detta, s\u00e4ger Ida Annerstedt.<\/p>\n<p>Det h\u00f6lls f\u00f6rh\u00f6r med mannen, men efter ett beslut av en annan \u00e5klagare sl\u00e4pptes han p\u00e5 fri fot. D\u00e4remot beslagtogs hans mobil och n\u00e4r resultatet av mobilt\u00f6mningen var klar fattade Ida Annerstedt beslut om att mannen skulle anh\u00e5llas.<\/p>\n<p>\u2013 N\u00e4r vi fick ytterligare bevis s\u00e5 beg\u00e4rdes han h\u00e4ktad.\u00a0<\/p>\n<p>Hon s\u00e4ger att mannen medger sexuella handlingar men h\u00e4vdar att det funnits ett samtycke.<\/p>\n<p><img loading=\"lazy\"   alt=\"\"\/><\/p>\n<p>Avsp\u00e4rrningar vid Allan Karlstr\u00f6ms stuga.<\/p>\n<p>Foto: SVEN LINDWALL<\/p>\n<p>\u00d6ppna bild i helsk\u00e4rmSp\u00e5r av lugnande medicin<\/p>\n<p>I samband med mordutredningen efter Liselottes d\u00f6d hittades sp\u00e5r av en nedbrytningsprodukt av Flunitrazepam, mer k\u00e4nt som drogen drogen Rohypnol, i hennes kropp.\u00a0<\/p>\n<p>Annons<\/p>\n<p>Enligt hennes familj hade hon aldrig anv\u00e4nt den lugnande medicinen.\u00a0<\/p>\n<p>\u2013 Det finns indikationer p\u00e5 att hon har blivit drogad med bensodiazepiner som ibland kallas f\u00f6r v\u00e5ldt\u00e4ktsdrog, sa familjens m\u00e5ls\u00e4gandebitr\u00e4de<a href=\"https:\/\/www.svt.se\/nyheter\/lokalt\/vasternorrland\/rattslakaren-om-substansen-i-liselottes-blod-ett-rogivande-och-somngivande-lakemedel\" rel=\"nofollow noopener\" target=\"_blank\"> Fredrik Lindberg till SVT<\/a>, samt att familjen var \u00f6vertygad om att Allan Karlstr\u00f6m hade sexuella motiv n\u00e4r han tog med Liselotte till sin stuga.<\/p>\n<p>Utredningen visade ocks\u00e5 att Allan Karlstr\u00f6m hade ett gr\u00e4nsl\u00f6st och sexualiserat spr\u00e5k i kontakter med andra och en omfattande konsumtion av pornografi, ofta med inslag av grovt sexualiserat v\u00e5ld mot kvinnor.<\/p>\n<p>Den v\u00e5ldt\u00e4ktsmisst\u00e4nkte mannen har levt ett till synes v\u00e4lordnat familjeliv. Brotten han misst\u00e4nks f\u00f6r ska ha intr\u00e4ffat mellan november 2022 och september 2024 och g\u00e4ller f\u00f6rutom v\u00e5ldt\u00e4kt \u00e4ven nio fall av kr\u00e4nkande fotografering.<\/p>\n<p>\u2013 Han f\u00f6rnekar brott. I \u00f6vrigt har jag inga kommentarer g\u00e4llande misstankarna mot honom, s\u00e4ger mannens advokat Fredrik Burvall.<\/p>\n","protected":false},"excerpt":{"rendered":"Publicerad 25 aug 2025 kl 16.20Uppdaterad kl 17.07 Sm\u00e5barnspappan fr\u00e5n Sundsvall misst\u00e4nks ha drogat, v\u00e5ldtagit och fotograferat en&hellip;\n","protected":false},"author":2,"featured_media":13927,"comment_status":"","ping_status":"","sticky":false,"template":"","format":"standard","meta":{"footnotes":""},"categories":[12],"tags":[22,23,26,27,17,21,24,25,1424,28,29,15,16,18,34,666,31,33,32,30,19,436,20],"class_list":{"0":"post-13926","1":"post","2":"type-post","3":"status-publish","4":"format-standard","5":"has-post-thumbnail","7":"category-sverige","8":"tag-breaking-news","9":"tag-breakingnews","10":"tag-featured-news","11":"tag-featurednews","12":"tag-headlines","13":"tag-huvudnyheter","14":"tag-latest-news","15":"tag-latestnews","16":"tag-location-sundsvall","17":"tag-main-news","18":"tag-mainnews","19":"tag-news","20":"tag-nyheter","21":"tag-rubriker","22":"tag-se","23":"tag-sections-krim","24":"tag-svenska","25":"tag-sverige","26":"tag-sweden","27":"tag-swedish","28":"tag-top-stories","29":"tag-topic-valdsbrott-mord","30":"tag-topstories"},"share_on_mastodon":{"url":"","error":""},"_links":{"self":[{"href":"https:\/\/www.europesays.com\/se\/wp-json\/wp\/v2\/posts\/13926","targetHints":{"allow":["GET"]}}],"collection":[{"href":"https:\/\/www.europesays.com\/se\/wp-json\/wp\/v2\/posts"}],"about":[{"href":"https:\/\/www.europesays.com\/se\/wp-json\/wp\/v2\/types\/post"}],"author":[{"embeddable":true,"href":"https:\/\/www.europesays.com\/se\/wp-json\/wp\/v2\/users\/2"}],"replies":[{"embeddable":true,"href":"https:\/\/www.europesays.com\/se\/wp-json\/wp\/v2\/comments?post=13926"}],"version-history":[{"count":0,"href":"https:\/\/www.europesays.com\/se\/wp-json\/wp\/v2\/posts\/13926\/revisions"}],"wp:featuredmedia":[{"embeddable":true,"href":"https:\/\/www.europesays.com\/se\/wp-json\/wp\/v2\/media\/13927"}],"wp:attachment":[{"href":"https:\/\/www.europesays.com\/se\/wp-json\/wp\/v2\/media?parent=13926"}],"wp:term":[{"taxonomy":"category","embeddable":true,"href":"https:\/\/www.europesays.com\/se\/wp-json\/wp\/v2\/categories?post=13926"},{"taxonomy":"post_tag","embeddable":true,"href":"https:\/\/www.europesays.com\/se\/wp-json\/wp\/v2\/tags?post=13926"}],"curies":[{"name":"wp","href":"https:\/\/api.w.org\/{rel}","templated":true}]}}