{"id":139372,"date":"2026-01-18T00:59:18","date_gmt":"2026-01-18T00:59:18","guid":{"rendered":"https:\/\/www.europesays.com\/se\/139372\/"},"modified":"2026-01-18T00:59:18","modified_gmt":"2026-01-18T00:59:18","slug":"matchrapport-dif-frolunda-svenskafans-com","status":"publish","type":"post","link":"https:\/\/www.europesays.com\/se\/139372\/","title":{"rendered":"Matchrapport DIF-Fr\u00f6lunda &#8211; SvenskaFans.com"},"content":{"rendered":"<ol>\n<li><a href=\"https:\/\/news.google.com\/rss\/articles\/CBMieEFVX3lxTE51NklsbDRMMkw3dUxmMUlzRFdMdnllM1pOZW9rdWVrZ3lZdkZkWmwwVkdET3E2NlpFckdsVWdjTnFnaUtnVGtYZnZTdG5LeEZWejZDclRnNVEwdmFPb3JKbGNJcW9odTgyX211LU55MXhaZmNrTmw5OQ?oc=5\" target=\"_blank\" rel=\"nofollow noopener\">Matchrapport DIF-Fr\u00f6lunda<\/a>&nbsp;&nbsp;SvenskaFans.com<\/li>\n<li><a href=\"https:\/\/news.google.com\/rss\/articles\/CBMisgFBVV95cUxPQUhnRUFPcnNkUGtVakQtajJDSld1X0R2RUsxdDJhRXk5N0t3X0dhZjdHcXc4UE5FWjdpZko4dDloS1VXWWdoWUtPYlZQVEF3S2VNOFhqYkFLczRRWkdhd2RTNVJrQTRtZS1ETVl0cXhVc2d0dEQ0MHdkalRJQXdYZkRaVVJib1FRSU5Hb0hLcE5ZWXhaQkZMOEVhcEdTXy0yLXFmSXVsazdLUlRuSGllRlZB?oc=5\" target=\"_blank\" rel=\"nofollow noopener\">Djurg\u00e5rdens mardr\u00f6msminut i nya krossen<\/a>&nbsp;&nbsp;Aftonbladet<\/li>\n<li><a href=\"https:\/\/news.google.com\/rss\/articles\/CBMiaEFVX3lxTE9ReHZYTk1CWlNQY1VyN3dSUlRTMGJ6UnBmT2FyeEFHbGJJNHE3YnVUdG9heldwMllsQUpYZE9kNDl0a3BnemVUdDVoUGNyajBHS19SQ09rWVpRTENoNl9RWENhSXdBRHhy?oc=5\" target=\"_blank\" rel=\"nofollow noopener\">61 sekunder lade grunden f\u00f6r 6-1<\/a>&nbsp;&nbsp;Fr\u00f6lunda HC<\/li>\n<li><a href=\"https:\/\/news.google.com\/rss\/articles\/CBMiWEFVX3lxTE9uekNSc2E4bXZreFBkcmY1c0JVT3RiZHRCTEdLQXBCclJvVVZRZXQxXzAtaVZBUVNLa3g2MTBUcV9XcWx6YkdvRV84eks0WGZaT0N4Y0FVbG4?oc=5\" target=\"_blank\" rel=\"nofollow noopener\">Eftermiddagens ingredienser: Storseger, h\u00e5llen nolla och en otrolig v\u00e4ndning<\/a>&nbsp;&nbsp;SHL<\/li>\n<li><a href=\"https:\/\/news.google.com\/rss\/articles\/CBMilAFBVV95cUxPYTNyRTR6VUpKQWhaSlNfaVJQR0NlZ3RTQ3FHZG1FNmJ6UHFtLUZtVEJzdF9jMUF5bzR3dnhKUTZjN1dFZXBNN1Awei1RNEVObW9tWWIzV3daSXlTUVNCbVg5Um1XQTZUN1NZMk1XRGwxTmhxVkFrdDFpZkRlVFc4eGFzS2RmRzY2MFVsbXFLTjBBYmFq?oc=5\" target=\"_blank\" rel=\"nofollow noopener\">Ishockey: Expertens kritik efter matchstraffet: \u201dHur ska han undvika?\u201d<\/a>&nbsp;&nbsp;SVT Nyheter<\/li>\n<\/ol>\n","protected":false},"excerpt":{"rendered":"Matchrapport DIF-Fr\u00f6lunda&nbsp;&nbsp;SvenskaFans.com Djurg\u00e5rdens mardr\u00f6msminut i nya krossen&nbsp;&nbsp;Aftonbladet 61 sekunder lade grunden f\u00f6r 6-1&nbsp;&nbsp;Fr\u00f6lunda HC Eftermiddagens ingredienser: Storseger, h\u00e5llen&hellip;\n","protected":false},"author":2,"featured_media":139373,"comment_status":"","ping_status":"","sticky":false,"template":"","format":"standard","meta":{"footnotes":""},"categories":[68],"tags":[159,158,157,138,156,165,164,140,34,160,162,111,110,31,161,33,32,30,163],"class_list":{"0":"post-139372","1":"post","2":"type-post","3":"status-publish","4":"format-standard","5":"has-post-thumbnail","7":"category-sport","8":"tag-allsvenskan","9":"tag-fans","10":"tag-fantv","11":"tag-fotboll","12":"tag-hockey","13":"tag-matcher","14":"tag-matchprogram","15":"tag-premier-league","16":"tag-se","17":"tag-serie-a","18":"tag-spelschema","19":"tag-sport","20":"tag-sports","21":"tag-svenska","22":"tag-svenskafans","23":"tag-sverige","24":"tag-sweden","25":"tag-swedish","26":"tag-tabeller"},"share_on_mastodon":{"url":"https:\/\/pubeurope.com\/@se\/115913396285047488","error":""},"_links":{"self":[{"href":"https:\/\/www.europesays.com\/se\/wp-json\/wp\/v2\/posts\/139372","targetHints":{"allow":["GET"]}}],"collection":[{"href":"https:\/\/www.europesays.com\/se\/wp-json\/wp\/v2\/posts"}],"about":[{"href":"https:\/\/www.europesays.com\/se\/wp-json\/wp\/v2\/types\/post"}],"author":[{"embeddable":true,"href":"https:\/\/www.europesays.com\/se\/wp-json\/wp\/v2\/users\/2"}],"replies":[{"embeddable":true,"href":"https:\/\/www.europesays.com\/se\/wp-json\/wp\/v2\/comments?post=139372"}],"version-history":[{"count":0,"href":"https:\/\/www.europesays.com\/se\/wp-json\/wp\/v2\/posts\/139372\/revisions"}],"wp:featuredmedia":[{"embeddable":true,"href":"https:\/\/www.europesays.com\/se\/wp-json\/wp\/v2\/media\/139373"}],"wp:attachment":[{"href":"https:\/\/www.europesays.com\/se\/wp-json\/wp\/v2\/media?parent=139372"}],"wp:term":[{"taxonomy":"category","embeddable":true,"href":"https:\/\/www.europesays.com\/se\/wp-json\/wp\/v2\/categories?post=139372"},{"taxonomy":"post_tag","embeddable":true,"href":"https:\/\/www.europesays.com\/se\/wp-json\/wp\/v2\/tags?post=139372"}],"curies":[{"name":"wp","href":"https:\/\/api.w.org\/{rel}","templated":true}]}}