{"id":140362,"date":"2026-01-19T06:00:18","date_gmt":"2026-01-19T06:00:18","guid":{"rendered":"https:\/\/www.europesays.com\/se\/140362\/"},"modified":"2026-01-19T06:00:18","modified_gmt":"2026-01-19T06:00:18","slug":"en-ljusare-framtid-for-alla","status":"publish","type":"post","link":"https:\/\/www.europesays.com\/se\/140362\/","title":{"rendered":"\u201dEn ljusare framtid f\u00f6r alla\u201d"},"content":{"rendered":"<p>USA gl\u00e4ds \u00e5t att Syrien och den kurdiska milisen SDF har n\u00e5tt ett avtal om vapenvila, uppger det s\u00e4rskilda s\u00e4ndebudet Tom Barrack i ett uttalande. Avtalet banar v\u00e4g f\u00f6r f\u00f6rnyad dialog och samarbete f\u00f6r att ena Syrien, skriver han p\u00e5 X. <\/p>\n<p>\u201dTv\u00e5 framtr\u00e4dande syriska ledare [&#8230;] har nu g\u00e5tt samman f\u00f6r att skapa en ljusare framtid f\u00f6r alla syrier\u201d, skriver han. <\/p>\n<p>Han tackar president Ahmed al-Sharaa f\u00f6r att landets kurder blir \u201den integrerad del\u201d av Syrien.<\/p>\n<p>Enligt avtalet ska regeringen ta \u00f6ver ansvaret f\u00f6r omr\u00e5den i de norra delarna av landet som tidigare kontrollerats av SDF. Ambitionen \u00e4r att soldater och s\u00e4kerhetspersonal fr\u00e5n SDF ska integreras i de regulj\u00e4ra styrkorna. <\/p>\n<p>Omni \u00e4r politiskt obundna och oberoende. Vi str\u00e4var efter att ge fler perspektiv p\u00e5 nyheterna. Har du fr\u00e5gor eller synpunkter kring v\u00e5r rapportering? <a href=\"https:\/\/omni.se\/usa-glads-at-avtalet-en-ljusare-framtid-for-alla\/a\/mailto:redaktion@omni.se\" class=\"ArticleActions_contactLink__W2F1M\" rel=\"nofollow noopener\" target=\"_blank\">Kontakta redaktionen<\/a><\/p>\n","protected":false},"excerpt":{"rendered":"USA gl\u00e4ds \u00e5t att Syrien och den kurdiska milisen SDF har n\u00e5tt ett avtal om vapenvila, uppger det&hellip;\n","protected":false},"author":2,"featured_media":140363,"comment_status":"","ping_status":"","sticky":false,"template":"","format":"standard","meta":{"footnotes":"","_share_on_mastodon":"0"},"categories":[5],"tags":[5361,22,23,26,27,17,21,24,25,28,29,124,15,268,16,18,34,31,33,32,30,4251,19,20,74],"class_list":["post-140362","post","type-post","status-publish","format-standard","has-post-thumbnail","category-rubriker","tag-ahmed-al-sharaa","tag-breaking-news","tag-breakingnews","tag-featured-news","tag-featurednews","tag-headlines","tag-huvudnyheter","tag-latest-news","tag-latestnews","tag-main-news","tag-mainnews","tag-mellanostern","tag-news","tag-nordamerika","tag-nyheter","tag-rubriker","tag-se","tag-svenska","tag-sverige","tag-sweden","tag-swedish","tag-syrien","tag-top-stories","tag-topstories","tag-usa"],"share_on_mastodon":{"url":"https:\/\/pubeurope.com\/@se\/115920242120148791","error":""},"_links":{"self":[{"href":"https:\/\/www.europesays.com\/se\/wp-json\/wp\/v2\/posts\/140362","targetHints":{"allow":["GET"]}}],"collection":[{"href":"https:\/\/www.europesays.com\/se\/wp-json\/wp\/v2\/posts"}],"about":[{"href":"https:\/\/www.europesays.com\/se\/wp-json\/wp\/v2\/types\/post"}],"author":[{"embeddable":true,"href":"https:\/\/www.europesays.com\/se\/wp-json\/wp\/v2\/users\/2"}],"replies":[{"embeddable":true,"href":"https:\/\/www.europesays.com\/se\/wp-json\/wp\/v2\/comments?post=140362"}],"version-history":[{"count":0,"href":"https:\/\/www.europesays.com\/se\/wp-json\/wp\/v2\/posts\/140362\/revisions"}],"wp:featuredmedia":[{"embeddable":true,"href":"https:\/\/www.europesays.com\/se\/wp-json\/wp\/v2\/media\/140363"}],"wp:attachment":[{"href":"https:\/\/www.europesays.com\/se\/wp-json\/wp\/v2\/media?parent=140362"}],"wp:term":[{"taxonomy":"category","embeddable":true,"href":"https:\/\/www.europesays.com\/se\/wp-json\/wp\/v2\/categories?post=140362"},{"taxonomy":"post_tag","embeddable":true,"href":"https:\/\/www.europesays.com\/se\/wp-json\/wp\/v2\/tags?post=140362"}],"curies":[{"name":"wp","href":"https:\/\/api.w.org\/{rel}","templated":true}]}}