{"id":14127,"date":"2025-08-26T14:07:16","date_gmt":"2025-08-26T14:07:16","guid":{"rendered":"https:\/\/www.europesays.com\/se\/14127\/"},"modified":"2025-08-26T14:07:16","modified_gmt":"2025-08-26T14:07:16","slug":"adam-eljaouni-lamnar-malmo-for-aik-fotboll","status":"publish","type":"post","link":"https:\/\/www.europesays.com\/se\/14127\/","title":{"rendered":"Adam Eljaouni l\u00e4mnar Malm\u00f6 f\u00f6r AIK | Fotboll"},"content":{"rendered":"<p>Publicerad 25 aug 2025 kl 23.16<\/p>\n<p>Ytterligare en talang l\u00e4mnar Malm\u00f6 FF:s akademi.<\/p>\n<p>AIK \u00e4r p\u00e5 v\u00e4g att skriva kontrakt med Adam Eljaouni, 17, erfar Expressen.<\/p>\n<p><img   alt=\"\"\/><\/p>\n<p>Adam Eljaouni.<\/p>\n<p>Foto: CARL SANDIN \/ BILDBYR\u00c5N<\/p>\n<p>\u00d6ppna bild i helsk\u00e4rm<img loading=\"lazy\"   alt=\"\"\/> <\/p>\n<p>Foto: CARL SANDIN \/ BILDBYR\u00c5N<\/p>\n<p>\u00d6ppna bild i helsk\u00e4rm<\/p>\n<p>Malm\u00f6 FF har tappat ett g\u00e4ng talanger till andra klubbar det senaste \u00e5ret.<\/p>\n<p>Det b\u00f6rjade med att Milian \u00d6berg flyttade till Hammarby i januari och under sommaren har Finlay Neat kritat p\u00e5 f\u00f6r IK Sirius, Liam Norstedt s\u00f6kt sig till Danmark och FC K\u00f6penhamn och \u00e4ven Edvin Pasagic har uppgetts vara p\u00e5 v\u00e4g till Hajduk Split i Kroatien.<\/p>\n<p>Nu l\u00e4mnar ytterligare en talang MFF:s akademi. Det handlar om den 17-\u00e5rige mittf\u00e4ltaren Adam Eljaouni. Enligt uppgifter till Expressen flyttar han till AIK inom kort.<\/p>\n<p>Kontraktet \u00e4r inte p\u00e5skrivet, men k\u00e4llor uppger att det endast \u00e4r underskriften som saknas innan 17-\u00e5ringen l\u00e4mnar MFF f\u00f6r spel i AIK fram\u00f6ver.<\/p>\n<p>Eljaouni har tidigare varit uttagen till riksl\u00e4gret i Halmstad.<\/p>\n","protected":false},"excerpt":{"rendered":"Publicerad 25 aug 2025 kl 23.16 Ytterligare en talang l\u00e4mnar Malm\u00f6 FF:s akademi. AIK \u00e4r p\u00e5 v\u00e4g att&hellip;\n","protected":false},"author":2,"featured_media":14128,"comment_status":"","ping_status":"","sticky":false,"template":"","format":"standard","meta":{"footnotes":""},"categories":[68],"tags":[34,129,111,110,31,33,32,30],"class_list":{"0":"post-14127","1":"post","2":"type-post","3":"status-publish","4":"format-standard","5":"has-post-thumbnail","7":"category-sport","8":"tag-se","9":"tag-sections-fotboll","10":"tag-sport","11":"tag-sports","12":"tag-svenska","13":"tag-sverige","14":"tag-sweden","15":"tag-swedish"},"share_on_mastodon":{"url":"","error":""},"_links":{"self":[{"href":"https:\/\/www.europesays.com\/se\/wp-json\/wp\/v2\/posts\/14127","targetHints":{"allow":["GET"]}}],"collection":[{"href":"https:\/\/www.europesays.com\/se\/wp-json\/wp\/v2\/posts"}],"about":[{"href":"https:\/\/www.europesays.com\/se\/wp-json\/wp\/v2\/types\/post"}],"author":[{"embeddable":true,"href":"https:\/\/www.europesays.com\/se\/wp-json\/wp\/v2\/users\/2"}],"replies":[{"embeddable":true,"href":"https:\/\/www.europesays.com\/se\/wp-json\/wp\/v2\/comments?post=14127"}],"version-history":[{"count":0,"href":"https:\/\/www.europesays.com\/se\/wp-json\/wp\/v2\/posts\/14127\/revisions"}],"wp:featuredmedia":[{"embeddable":true,"href":"https:\/\/www.europesays.com\/se\/wp-json\/wp\/v2\/media\/14128"}],"wp:attachment":[{"href":"https:\/\/www.europesays.com\/se\/wp-json\/wp\/v2\/media?parent=14127"}],"wp:term":[{"taxonomy":"category","embeddable":true,"href":"https:\/\/www.europesays.com\/se\/wp-json\/wp\/v2\/categories?post=14127"},{"taxonomy":"post_tag","embeddable":true,"href":"https:\/\/www.europesays.com\/se\/wp-json\/wp\/v2\/tags?post=14127"}],"curies":[{"name":"wp","href":"https:\/\/api.w.org\/{rel}","templated":true}]}}