{"id":14167,"date":"2025-08-26T15:13:08","date_gmt":"2025-08-26T15:13:08","guid":{"rendered":"https:\/\/www.europesays.com\/se\/14167\/"},"modified":"2025-08-26T15:13:08","modified_gmt":"2025-08-26T15:13:08","slug":"tanner-kero-nara-flytt-till-khl-klubben-dinamo-minsk","status":"publish","type":"post","link":"https:\/\/www.europesays.com\/se\/14167\/","title":{"rendered":"Tanner Kero n\u00e4ra flytt till KHL-klubben Dinamo Minsk"},"content":{"rendered":"<p><strong>Tanner Kero l\u00e4mnade HV71 i v\u00e5ras.<br \/>Nu uppges forwarden vara n\u00e4ra en flytt till KHL-klubben Dinamo Minsk.<\/strong><\/p>\n<p><img loading=\"lazy\" decoding=\"async\" width=\"1024\" height=\"658\" src=\"https:\/\/www.europesays.com\/se\/wp-content\/uploads\/2025\/08\/240820CS026-1024x658.webp.webp\" alt=\"Tanner Kero\" class=\"wp-image-299004\"  \/>Tanner Kero.<br \/><strong>Foto: <\/strong>Carl Sandin\/Bildbyr\u00e5n<\/p>\n<p>\u00c4nnu en tidigare <a href=\"https:\/\/hockeysverige.se\/shl\/\" rel=\"nofollow noopener\" target=\"_blank\">SHL<\/a>-spelare ser ut att hamna i KHL.<\/p>\n<p>Enligt uppgifter fr\u00e5n ett Telegram-konto kommer den tidigare <a href=\"https:\/\/hockeysverige.se\/klubb\/hv71\/\" rel=\"nofollow noopener\" target=\"_blank\">HV71<\/a>-spelaren Tanner Kero att skriva p\u00e5 f\u00f6r belarusiska Dinamo Minsk, <a href=\"https:\/\/belarushockey.com\/khl\/news\/2025\/08\/26\/kero-podpishet-kontrakt-s-minskim-dinamo\/\" rel=\"nofollow noopener\" target=\"_blank\">rapporterar belarushockey.com<\/a>. Vidare rapporterar <a href=\"https:\/\/metaratings.by\/news\/forvard-tanner-kero-mozhet-stat-igrokom-minskim-dinamo-516123\/\" rel=\"nofollow noopener\" target=\"_blank\">Metaratings<\/a> att Kero och Dinamo Minsk \u00e4r \u00f6verens om ett ett\u00e5rskontrakt. Kero har tidigare under sommaren <a href=\"https:\/\/x.com\/vorkywh24\/status\/1954467792054317377\" rel=\"nofollow\">kopplats samman med en flytt till KHL<\/a>.<\/p>\n<p>Kan bli andra SHL-v\u00e4rvningen till KHL inf\u00f6r s\u00e4songen<\/p>\n<p>Den 33-\u00e5rige forwarden h\u00e4mtades in till HV71 fr\u00e5n AHL-klubben Colorado Eagles inf\u00f6r f\u00f6rra s\u00e4songen. P\u00e5 52 matcher i grundserien noterades Kero f\u00f6r 22 po\u00e4ng (9+13), innan han i kvalet mot MoDo noterades f\u00f6r tre po\u00e4ng (1+2) p\u00e5 sex matcher.<\/p>\n<p>Inf\u00f6r den kommande KHL-s\u00e4songen \u00e5terfinns tre svenska spelare i ligan i form av Dmytro Timashov, Robin Press och Fredrik Claesson. Tidigare i somras skrev J\u00e9r\u00e9my Groleau p\u00e5 f\u00f6r KHL-klubben Shanghai Dragons efter att han och F\u00e4rjestad g\u00e5tt skilda v\u00e4gar och i skrivande stund \u00e5terfinns totalt tio SHL-bekantingar i KHL den kommande s\u00e4songen.<\/p>\n","protected":false},"excerpt":{"rendered":"Tanner Kero l\u00e4mnade HV71 i v\u00e5ras.Nu uppges forwarden vara n\u00e4ra en flytt till KHL-klubben Dinamo Minsk. Tanner Kero.Foto:&hellip;\n","protected":false},"author":2,"featured_media":14168,"comment_status":"","ping_status":"","sticky":false,"template":"","format":"standard","meta":{"footnotes":""},"categories":[68],"tags":[34,133,111,110,31,33,32,30],"class_list":{"0":"post-14167","1":"post","2":"type-post","3":"status-publish","4":"format-standard","5":"has-post-thumbnail","7":"category-sport","8":"tag-se","9":"tag-second-news","10":"tag-sport","11":"tag-sports","12":"tag-svenska","13":"tag-sverige","14":"tag-sweden","15":"tag-swedish"},"share_on_mastodon":{"url":"","error":""},"_links":{"self":[{"href":"https:\/\/www.europesays.com\/se\/wp-json\/wp\/v2\/posts\/14167","targetHints":{"allow":["GET"]}}],"collection":[{"href":"https:\/\/www.europesays.com\/se\/wp-json\/wp\/v2\/posts"}],"about":[{"href":"https:\/\/www.europesays.com\/se\/wp-json\/wp\/v2\/types\/post"}],"author":[{"embeddable":true,"href":"https:\/\/www.europesays.com\/se\/wp-json\/wp\/v2\/users\/2"}],"replies":[{"embeddable":true,"href":"https:\/\/www.europesays.com\/se\/wp-json\/wp\/v2\/comments?post=14167"}],"version-history":[{"count":0,"href":"https:\/\/www.europesays.com\/se\/wp-json\/wp\/v2\/posts\/14167\/revisions"}],"wp:featuredmedia":[{"embeddable":true,"href":"https:\/\/www.europesays.com\/se\/wp-json\/wp\/v2\/media\/14168"}],"wp:attachment":[{"href":"https:\/\/www.europesays.com\/se\/wp-json\/wp\/v2\/media?parent=14167"}],"wp:term":[{"taxonomy":"category","embeddable":true,"href":"https:\/\/www.europesays.com\/se\/wp-json\/wp\/v2\/categories?post=14167"},{"taxonomy":"post_tag","embeddable":true,"href":"https:\/\/www.europesays.com\/se\/wp-json\/wp\/v2\/tags?post=14167"}],"curies":[{"name":"wp","href":"https:\/\/api.w.org\/{rel}","templated":true}]}}