{"id":14171,"date":"2025-08-26T15:16:07","date_gmt":"2025-08-26T15:16:07","guid":{"rendered":"https:\/\/www.europesays.com\/se\/14171\/"},"modified":"2025-08-26T15:16:07","modified_gmt":"2025-08-26T15:16:07","slug":"har-ar-det-koplage-pa-bostader-nu","status":"publish","type":"post","link":"https:\/\/www.europesays.com\/se\/14171\/","title":{"rendered":"H\u00e4r \u00e4r det k\u00f6pl\u00e4ge p\u00e5 bost\u00e4der nu"},"content":{"rendered":"<p>Publicerad 26 aug 2025 kl 17.00<\/p>\n<p>PremiumNu \u00e4r det visningss\u00e4song p\u00e5 bost\u00e4der.<\/p>\n<p>Enligt statistik fr\u00e5n Hemnet \u00e4r rekordm\u00e5nga bost\u00e4der till salu i n\u00e4stan hela landet. Samtidigt s\u00e4ljs m\u00e5nga objekt under utg\u00e5ngspris.<\/p>\n<p>Trots \u201dk\u00f6parnas marknad\u201d \u00e4r svenska hush\u00e5ll fortsatt \u00e5terh\u00e5llsamma.<\/p>\n<p> Tabell: D\u00e4r \u00e4r utbudet st\u00f6rst och priserna l\u00e4gst.<\/p>\n<p> Ny trend: Prutm\u00e5nen p\u00e5 utg\u00e5ngspriser.<\/p>\n<p><img   alt=\"\"\/><\/p>\n<p>Nu \u00e4r det visningss\u00e4song p\u00e5 bost\u00e4der och m\u00e5nga nyfikna spekulanter ger sig ut f\u00f6r att titta.<\/p>\n<p>Foto: Fredrik Sandberg\/TT NYHETSBYR\u00c5N<\/p>\n<p>\u00d6ppna bild i helsk\u00e4rm<img loading=\"lazy\"   alt=\"\"\/>\u00d6ppna bild i helsk\u00e4rm<\/p>\n","protected":false},"excerpt":{"rendered":"Publicerad 26 aug 2025 kl 17.00 PremiumNu \u00e4r det visningss\u00e4song p\u00e5 bost\u00e4der. Enligt statistik fr\u00e5n Hemnet \u00e4r rekordm\u00e5nga&hellip;\n","protected":false},"author":2,"featured_media":14172,"comment_status":"","ping_status":"","sticky":false,"template":"","format":"standard","meta":{"footnotes":""},"categories":[65],"tags":[72,70,71,1869,1868,1866,1867,103,34,1865,31,33,32,30,749,1378,1061],"class_list":{"0":"post-14171","1":"post","2":"type-post","3":"status-publish","4":"format-standard","5":"has-post-thumbnail","7":"category-ekonomi","8":"tag-business","9":"tag-economy","10":"tag-ekonomi","11":"tag-location-skelleftea","12":"tag-location-vasterbotten","13":"tag-organization-hemnet","14":"tag-organization-svensk-maklarstatistik","15":"tag-premium","16":"tag-se","17":"tag-sections-bostad","18":"tag-svenska","19":"tag-sverige","20":"tag-sweden","21":"tag-swedish","22":"tag-topic-bostadsmarknad","23":"tag-topic-fastigheter","24":"tag-topic-spartips"},"share_on_mastodon":{"url":"","error":""},"_links":{"self":[{"href":"https:\/\/www.europesays.com\/se\/wp-json\/wp\/v2\/posts\/14171","targetHints":{"allow":["GET"]}}],"collection":[{"href":"https:\/\/www.europesays.com\/se\/wp-json\/wp\/v2\/posts"}],"about":[{"href":"https:\/\/www.europesays.com\/se\/wp-json\/wp\/v2\/types\/post"}],"author":[{"embeddable":true,"href":"https:\/\/www.europesays.com\/se\/wp-json\/wp\/v2\/users\/2"}],"replies":[{"embeddable":true,"href":"https:\/\/www.europesays.com\/se\/wp-json\/wp\/v2\/comments?post=14171"}],"version-history":[{"count":0,"href":"https:\/\/www.europesays.com\/se\/wp-json\/wp\/v2\/posts\/14171\/revisions"}],"wp:featuredmedia":[{"embeddable":true,"href":"https:\/\/www.europesays.com\/se\/wp-json\/wp\/v2\/media\/14172"}],"wp:attachment":[{"href":"https:\/\/www.europesays.com\/se\/wp-json\/wp\/v2\/media?parent=14171"}],"wp:term":[{"taxonomy":"category","embeddable":true,"href":"https:\/\/www.europesays.com\/se\/wp-json\/wp\/v2\/categories?post=14171"},{"taxonomy":"post_tag","embeddable":true,"href":"https:\/\/www.europesays.com\/se\/wp-json\/wp\/v2\/tags?post=14171"}],"curies":[{"name":"wp","href":"https:\/\/api.w.org\/{rel}","templated":true}]}}