{"id":14275,"date":"2025-08-26T17:31:09","date_gmt":"2025-08-26T17:31:09","guid":{"rendered":"https:\/\/www.europesays.com\/se\/14275\/"},"modified":"2025-08-26T17:31:09","modified_gmt":"2025-08-26T17:31:09","slug":"david-granberg-pekas-ut-som-jonas-berglund-ersattare-i-lulea","status":"publish","type":"post","link":"https:\/\/www.europesays.com\/se\/14275\/","title":{"rendered":"David Granberg pekas ut som Jonas Berglund-ers\u00e4ttare i Lule\u00e5"},"content":{"rendered":"<p><strong><a href=\"https:\/\/hockeysverige.se\/klubb\/lulea-hockey\/\" rel=\"nofollow noopener\" target=\"_blank\">Lule\u00e5<\/a> har redan sin Jonas Berglund-ers\u00e4ttare p\u00e5 plats.<\/strong><br \/><strong>Efter beskedet menar 20-\u00e5rige <a href=\"https:\/\/hockeysverige.se\/spelare\/david-granberg\/\" rel=\"nofollow noopener\" target=\"_blank\">David Granberg<\/a> att han \u00e4r redo att kliva in i rollen.<br \/>\u2013\u00a0Jag kommer g\u00f6ra mitt b\u00e4sta f\u00f6r att fylla tomrummet efter honom, s\u00e4ger han till <a href=\"https:\/\/www.nsd.se\/sport\/ishockey\/artikel\/bulans-kanslosamma-ord-varit-en-ynnest-att-fa-jobba-med-honom\/r51ne5wj\" rel=\"nofollow noopener\" target=\"_blank\">NSD.<\/a><\/strong><\/p>\n<p><img loading=\"lazy\" decoding=\"async\" width=\"1024\" height=\"658\" src=\"https:\/\/www.europesays.com\/se\/wp-content\/uploads\/2025\/08\/Berglund-Granberg-1024x658.webp.webp\" alt=\"\" class=\"wp-image-299041\"  \/>Jonas Berglund och David Granberg. <strong>Foto: <\/strong>Bildbyr\u00e5n (montage).<\/p>\n<p>\u201dOm det skulle vara slut h\u00e4r s\u00e5 \u00e4r det \u00e4nd\u00e5 en liten tr\u00f6st att vi fick ett fantastiskt avslut med SM-guldet i v\u00e5ras\u201d.<\/p>\n<p>Det var en del av det uttalande Jonas Berglund gick ut med p\u00e5 Lule\u00e5 Hockeys hemsida under m\u00e5ndagen. Trotj\u00e4naren, som tillh\u00f6rt <a href=\"https:\/\/hockeysverige.se\/shl\/\" rel=\"nofollow noopener\" target=\"_blank\">SHL<\/a>-laget under 13 s\u00e4songer, meddelades beh\u00f6va ytterligare ingrepp f\u00f6r att bli kvitt sina ryggbesv\u00e4r, och sades d\u00e4rmed n\u00e4rma sig slutet av karri\u00e4ren. <\/p>\n<p>Nu, efter att Thomas \u201dBulan\u201d Berglund ber\u00e4ttat om planen d\u00e4r kulturb\u00e4raren ers\u00e4tts av 20-\u00e5rige David Granberg, svarar den tidigare JVM-spelaren.<\/p>\n<p>\u2013 Det \u00e4r klart. Det finns detaljer som jag beh\u00f6ver jobba p\u00e5, det h\u00e4r \u00e4r en h\u00f6gre niv\u00e5 \u00e4n den jag har spelat center p\u00e5 innan, men det k\u00e4nns som en sp\u00e4nnande utmaning och jag har haft en bra sommar och kommer g\u00f6ra mitt b\u00e4sta f\u00f6r att fylla tomrummet efter honom. Fast det suger med skadan, s\u00e4ger Granberg till NSD. <\/p>\n<p>Den unge Pite\u00e5-killen, som slog igenom n\u00e4r SM-guldet s\u00e4krades i fjol, forts\u00e4tter om Berglunds betydelse.<\/p>\n<p>\u2013 (Han har betytt) mycket. Han var ju en av de som tog hand om mig och Isac (Hedqvist) n\u00e4r vi flyttades upp. Det \u00e4r en grymt bra kille som sk\u00e4mtar mycket och det alltid \u00e4r roligt att tr\u00e4ffa, s\u00e4ger Granberg. <\/p>\n<p>\u201dBulan\u201d: \u201dHan passar perfekt\u201d<\/p>\n<p>David Granberg har Pite\u00e5 HC som moderklubb, men klev in i Lule\u00e5s J18-lag fr\u00e5n 2021. \u00c5ret d\u00e4rp\u00e5 blev han kapten i laget och imponerade tillr\u00e4ckligt f\u00f6r att \u00e4ven representera J20 under stora delar. Kaptensrollen f\u00f6ljde med upp i J20 till \u00e5ret d\u00e4rp\u00e5 och succ\u00e9n var ett faktum. \u00d6ver en po\u00e4ng per match med juniorerna, SHL-debut och chans i landslaget. Det hela var starten p\u00e5 det som sedan ledde till b\u00e5de SM-guld och JVM med Sverige under 2024\/25. <\/p>\n<p>Nu ser det ut som att David Granberg kliver in i fj\u00e4rdekedjan som Jonas Berglunds ers\u00e4ttare.<\/p>\n<p>\u2013 Han passar perfekt f\u00f6r att ta det ansvaret, har SHL-lagets tr\u00e4nare, Thomas \u201dBulan\u201d Berglund tidigare sagt till NSD.<\/p>\n<p> Source: <a href=\"https:\/\/www.eliteprospects.com\/player\/741431\/david-granberg\" target=\"_blank\" rel=\"noopener noreferrer nofollow\">David Granberg<\/a> @ Elite Prospects<\/p>\n","protected":false},"excerpt":{"rendered":"Lule\u00e5 har redan sin Jonas Berglund-ers\u00e4ttare p\u00e5 plats.Efter beskedet menar 20-\u00e5rige David Granberg att han \u00e4r redo att&hellip;\n","protected":false},"author":2,"featured_media":14276,"comment_status":"","ping_status":"","sticky":false,"template":"","format":"standard","meta":{"footnotes":""},"categories":[68],"tags":[34,133,111,110,31,33,32,30],"class_list":{"0":"post-14275","1":"post","2":"type-post","3":"status-publish","4":"format-standard","5":"has-post-thumbnail","7":"category-sport","8":"tag-se","9":"tag-second-news","10":"tag-sport","11":"tag-sports","12":"tag-svenska","13":"tag-sverige","14":"tag-sweden","15":"tag-swedish"},"share_on_mastodon":{"url":"","error":""},"_links":{"self":[{"href":"https:\/\/www.europesays.com\/se\/wp-json\/wp\/v2\/posts\/14275","targetHints":{"allow":["GET"]}}],"collection":[{"href":"https:\/\/www.europesays.com\/se\/wp-json\/wp\/v2\/posts"}],"about":[{"href":"https:\/\/www.europesays.com\/se\/wp-json\/wp\/v2\/types\/post"}],"author":[{"embeddable":true,"href":"https:\/\/www.europesays.com\/se\/wp-json\/wp\/v2\/users\/2"}],"replies":[{"embeddable":true,"href":"https:\/\/www.europesays.com\/se\/wp-json\/wp\/v2\/comments?post=14275"}],"version-history":[{"count":0,"href":"https:\/\/www.europesays.com\/se\/wp-json\/wp\/v2\/posts\/14275\/revisions"}],"wp:featuredmedia":[{"embeddable":true,"href":"https:\/\/www.europesays.com\/se\/wp-json\/wp\/v2\/media\/14276"}],"wp:attachment":[{"href":"https:\/\/www.europesays.com\/se\/wp-json\/wp\/v2\/media?parent=14275"}],"wp:term":[{"taxonomy":"category","embeddable":true,"href":"https:\/\/www.europesays.com\/se\/wp-json\/wp\/v2\/categories?post=14275"},{"taxonomy":"post_tag","embeddable":true,"href":"https:\/\/www.europesays.com\/se\/wp-json\/wp\/v2\/tags?post=14275"}],"curies":[{"name":"wp","href":"https:\/\/api.w.org\/{rel}","templated":true}]}}