{"id":14279,"date":"2025-08-26T17:39:09","date_gmt":"2025-08-26T17:39:09","guid":{"rendered":"https:\/\/www.europesays.com\/se\/14279\/"},"modified":"2025-08-26T17:39:09","modified_gmt":"2025-08-26T17:39:09","slug":"mjornberg-fragetecken-for-mer-an-ekonomin-i-vasby-ik","status":"publish","type":"post","link":"https:\/\/www.europesays.com\/se\/14279\/","title":{"rendered":"MJ\u00d6RNBERG: Fr\u00e5getecken f\u00f6r mer \u00e4n ekonomin i V\u00e4sby IK"},"content":{"rendered":"<p><strong>Det som f\u00f6r bara n\u00e5gra \u00e5r sedan var en h\u00e4ftig nysatsning med fr\u00e4scha pengar i ryggen har landat i en ekonomisk kris som skakar om klubben rej\u00e4lt redan innan s\u00e4songen har dragit ig\u00e5ng.<br \/>Det finns fr\u00e5getecken f\u00f6r mer \u00e4n ekonomin i <a href=\"https:\/\/hockeysverige.se\/klubb\/brodernas-vasby\/\" rel=\"nofollow noopener\" target=\"_blank\">V\u00e4sby IK<\/a>.<\/strong><\/p>\n<p>Man brukar s\u00e4ga ingen r\u00f6k utan eld och det \u00e4r verkligen ett tales\u00e4tt som passar bra f\u00f6r att beskriva den senaste veckan f\u00f6r V\u00e4sbys hockeyg\u00e4ng.<\/p>\n<p>F\u00f6rst rapporterade <a href=\"https:\/\/www.expressen.se\/sport\/hockey\/klassiska-hockeyklubben-stams-pa-en-halv-miljon\/\" rel=\"nofollow noopener\" target=\"_blank\">Expressen<\/a> om ett betalningskrav p\u00e5 n\u00e4rmare en halv miljon kronor som hamnat i Tingsr\u00e4tten d\u00e5 klubben inte ansetts ha gjort r\u00e4tt f\u00f6r sig. N\u00e5got som man f\u00f6rvisso st\u00e4llt sig fr\u00e5gande till fr\u00e5n klubbens sida, men sent under s\u00f6ndagskv\u00e4llen <a href=\"https:\/\/www.hockeyettan.se\/2025\/08\/24\/information-fran-styrelsen-3\/\" rel=\"nofollow noopener\" target=\"_blank\">gick f\u00f6reningen \u00e4nd\u00e5 ut med information<\/a> om ett v\u00e4ldigt prek\u00e4rt l\u00e4ge. F\u00f6ljt av <a href=\"https:\/\/www.kmhockey.se\/vasbys-spelare-utan-loner\/\" rel=\"nofollow noopener\" target=\"_blank\">br\u00e4nnheta rykten<\/a> om att spelarna st\u00e4llt in tr\u00e4ning p\u00e5 grund av vad som rapporterats som ekonomiska sk\u00e4l.<\/p>\n<p>Detta ovanp\u00e5 rykten om en skuld hos Kronofogden och medarbetare som inte f\u00e5tt betalt som cirkulerade redan i v\u00e5ras.<\/p>\n<p>Det som f\u00f6r n\u00e5gra \u00e5r sedan var klang och jubel i och med restaurangkedjan Br\u00f6dernas int\u00e5g har landat i en betydligt mer bister verklighet. Sponsorns emblem \u00e4r borta ur klubbnamnet och kvar st\u00e5r klubben med ett rej\u00e4lt jobb att g\u00f6ra, b\u00e5de vad g\u00e4ller sin image, identitet och inte minst ekonomi.<\/p>\n<p>Vill man vara putslustig skulle man kunna spinna vidare p\u00e5 de restaurangmetaforer som blivit f\u00f6reningens vardag de senaste \u00e5ren och konstatera att av gourmetburgaren finns det nu bara smulor kvar.<\/p>\n<p>Det \u00e4r inte tu tal om att det har pumpats in kapital i klubben under de fam\u00f6sa Br\u00f6dernas-\u00e5ren, fr\u00e5gan som beh\u00f6ver st\u00e4llas \u00e4r snarare hur det har anv\u00e4nts. I den kommunikation klubben gick ut med under s\u00f6ndagskv\u00e4llen pratar man om bristande kostnadskontroll. Man har helt enkelt haft f\u00f6r roligt med de nya pengarna i f\u00f6rh\u00e5llande till hur stora de egentligen var.<\/p>\n<p>Det \u00e4r l\u00e4tt att peka p\u00e5 en dyr spelartrupp och det \u00e4r klart att Br\u00f6dernas\/V\u00e4sby de senaste s\u00e4songerna har haft ett spelarmaterial som kostat betydligt mer \u00e4n det smakat i f\u00f6rh\u00e5llande till de sportsliga resultaten. Men i och med Br\u00f6dernas int\u00e5g b\u00f6rjade man ocks\u00e5 prata om att f\u00f6ra sig lite snyggare, resa lite smidigare och \u00f6ver huvud taget vara lite fashionablare. Det kanske blev lite mycket lullull. Slutsatsen att klubben drabbats av lite storhetsvansinne \u00f6ver hela linjen \u00e4r lockande att dra.<\/p>\n<p>Men nu st\u00e5r man h\u00e4r med en ekonomisk kris p\u00e5 halsen och en situation som v\u00e4cker fr\u00e5gor kring mer \u00e4n ekonomin.<\/p>\n<p>En intressant detalj med den <a href=\"https:\/\/www.hockeyettan.se\/2025\/08\/24\/information-fran-styrelsen-3\/\" rel=\"nofollow noopener\" target=\"_blank\">kommunikation om det ekonomiska l\u00e4get<\/a> som klubben sj\u00e4lva gick ut med \u00e4r att det inte var ordf\u00f6rande i klubben som undertecknade, utan en vanlig ledamot. Jan-Olof Hilmerstam.<\/p>\n<p>Han m\u00e5 vara ganska ny i styrelsen, men har f\u00e5tt uppdraget att reda ut ekonomin f\u00f6r a-laget kort och gott f\u00f6r att han har gjort det f\u00f6rr. Som d\u00e5varande kass\u00f6r gjorde han ett liknande jobb i en liknande situation 2011 och lotsade ut klubben levande p\u00e5 andra sidan. Vad jag h\u00f6r om honom \u00e4r att det \u00e4r en herre som inte kommer blunda f\u00f6r n\u00e5got, utan g\u00f6ra vad som kr\u00e4vs f\u00f6r att styra upp den havererade ekonomin.<\/p>\n<p>Det har dragits i den stora handbromsen. D\u00e4rav kanske spelarmissn\u00f6jet. Av de rapporter jag f\u00e5tt verkar spelare och ledare st\u00e5 ganska enade. Att kalla det strejk \u00e4r kanske att ta i, men n\u00e5gonting \u00e4r det som skaver. Ett missf\u00f6rst\u00e5nd? Kanske. En ekonomisk verklighet som tr\u00e4nger sig p\u00e5 redan innan serien har startat? Mycket m\u00f6jligt.<\/p>\n<p>Men det \u00e4r f\u00f6rst\u00e5s en ganska m\u00e4rklig sak att protestera \u00f6ver utebliven l\u00f6n p\u00e5 dagen den 25e utan att uppvisa n\u00e5gon form av t\u00e5lamod. Speciellt som det inte b\u00f6r vara s\u00e4rskilt m\u00e5nga spelare i \u00e5rets trupp som uppb\u00e4r n\u00e5gon st\u00f6rre ers\u00e4ttning och att det \u00e4r fr\u00e5getecken f\u00f6r om alla ens har kontrakt i augusti. Att det sl\u00e4par med betalningar (kanske fr\u00e4mst mot slutet och efter en s\u00e4song) \u00e4r vanligt i ligan och n\u00e5got spelare b\u00f6r vara vana vid. Det m\u00e5ste finnas mer nyanser i den historien som \u00e4nnu inte kommit fram. Men det \u00e4r klart att det \u00e4r illa om det redan sl\u00e4par.<\/p>\n<p>Situationen \u00e4r s\u00e5 klart olustig. Att V\u00e4sby befinner sig i en v\u00e4ldigt utsatt ekonomisk situation \u00e4r uppenbart och att spelare och ledare redan n\u00e4r f\u00f6rs\u00e4songen bara \u00e4r n\u00e5gra veckor gammal visar missn\u00f6je borgar inte direkt f\u00f6r n\u00e5gra sportsligt eleganta resultat.<\/p>\n<p>Det var ju inte s\u00e5 h\u00e4r det var t\u00e4nkt att bli n\u00e4r allt var klang och jubels\u00e5ng f\u00f6r bara n\u00e5gra \u00e5r sedan.<\/p>\n","protected":false},"excerpt":{"rendered":"Det som f\u00f6r bara n\u00e5gra \u00e5r sedan var en h\u00e4ftig nysatsning med fr\u00e4scha pengar i ryggen har landat&hellip;\n","protected":false},"author":2,"featured_media":14280,"comment_status":"","ping_status":"","sticky":false,"template":"","format":"standard","meta":{"footnotes":""},"categories":[68],"tags":[1400,34,111,110,31,33,32,30,379],"class_list":{"0":"post-14279","1":"post","2":"type-post","3":"status-publish","4":"format-standard","5":"has-post-thumbnail","7":"category-sport","8":"tag-hockeyettan","9":"tag-se","10":"tag-sport","11":"tag-sports","12":"tag-svenska","13":"tag-sverige","14":"tag-sweden","15":"tag-swedish","16":"tag-top-article"},"share_on_mastodon":{"url":"","error":""},"_links":{"self":[{"href":"https:\/\/www.europesays.com\/se\/wp-json\/wp\/v2\/posts\/14279","targetHints":{"allow":["GET"]}}],"collection":[{"href":"https:\/\/www.europesays.com\/se\/wp-json\/wp\/v2\/posts"}],"about":[{"href":"https:\/\/www.europesays.com\/se\/wp-json\/wp\/v2\/types\/post"}],"author":[{"embeddable":true,"href":"https:\/\/www.europesays.com\/se\/wp-json\/wp\/v2\/users\/2"}],"replies":[{"embeddable":true,"href":"https:\/\/www.europesays.com\/se\/wp-json\/wp\/v2\/comments?post=14279"}],"version-history":[{"count":0,"href":"https:\/\/www.europesays.com\/se\/wp-json\/wp\/v2\/posts\/14279\/revisions"}],"wp:featuredmedia":[{"embeddable":true,"href":"https:\/\/www.europesays.com\/se\/wp-json\/wp\/v2\/media\/14280"}],"wp:attachment":[{"href":"https:\/\/www.europesays.com\/se\/wp-json\/wp\/v2\/media?parent=14279"}],"wp:term":[{"taxonomy":"category","embeddable":true,"href":"https:\/\/www.europesays.com\/se\/wp-json\/wp\/v2\/categories?post=14279"},{"taxonomy":"post_tag","embeddable":true,"href":"https:\/\/www.europesays.com\/se\/wp-json\/wp\/v2\/tags?post=14279"}],"curies":[{"name":"wp","href":"https:\/\/api.w.org\/{rel}","templated":true}]}}