{"id":14315,"date":"2025-08-26T18:28:07","date_gmt":"2025-08-26T18:28:07","guid":{"rendered":"https:\/\/www.europesays.com\/se\/14315\/"},"modified":"2025-08-26T18:28:07","modified_gmt":"2025-08-26T18:28:07","slug":"leif-gw-persson-har-tappat-13-kilo-med-fetmalakemedel","status":"publish","type":"post","link":"https:\/\/www.europesays.com\/se\/14315\/","title":{"rendered":"Leif GW Persson har tappat 13 kilo med fetmal\u00e4kemedel"},"content":{"rendered":"<p>Publicerad 26 aug 2025 kl 19.50Uppdaterad kl 20.02<\/p>\n<p>I maj b\u00f6rjade Leif GW Persson, 80, ta fetmal\u00e4kemedel.<\/p>\n<p>Nu m\u00e4rks resultatet:<\/p>\n<p>\u2013 Jag har g\u00e5tt ner 13 kilo, s\u00e4ger f\u00f6rfattaren och tv-personligheten.\u00a0<\/p>\n<p>Leif GW Persson inf\u00f6r att han skulle b\u00f6rja med viktminskningsl\u00e4kemedlet.<img loading=\"lazy\"   alt=\"\"\/><\/p>\n<p>Leif GW Persson g\u00e4stade p\u00e5 tisdagskv\u00e4llen Albert Bonniers f\u00f6rlags och Wahlstr\u00f6m &amp; Widstrands h\u00f6stfest p\u00e5 Nedre Manilla, 13 kilo l\u00e4ttare \u00e4n i maj.<\/p>\n<p>Foto: OLLE SPORRONG<\/p>\n<p>\u00d6ppna bild i helsk\u00e4rm<img loading=\"lazy\"   alt=\"\"\/><\/p>\n<p>Den sista s\u00e4songen som \u201dVeckan\u201d spelades in i SVT-huset gick Leif GW Persson motvilligt med p\u00e5 att ta transportrullstol fr\u00e5n taxin till studion.<\/p>\n<p>Foto: ANNA-KARIN NILSSON<\/p>\n<p>\u00d6ppna bild i helsk\u00e4rm<img loading=\"lazy\"   alt=\"\"\/><\/p>\n<p>\u201dL\u00e4karna tycker att det vore skit om jag skulle d\u00f6 i samband med en kn\u00e4operation\u201d, sade Leif GW Persson i maj, innan han b\u00f6rjade med fetmal\u00e4kemedel.<\/p>\n<p>Foto: ANNA-KARIN NILSSON<\/p>\n<p>\u00d6ppna bild i helsk\u00e4rm<\/p>\n<p>H\u00e4lsoeffekterna \u00e4r uppenbara, ber\u00e4ttar <a href=\"https:\/\/www.expressen.se\/tagg\/person\/leif-gw-persson\/\" class=\"\" rel=\"nofollow noopener\" target=\"_blank\">Leif GW Persson<\/a>.<\/p>\n<p>\u2013 Det \u00e4r l\u00e4ttare att g\u00e5, naturligtvis. Men att jag tar den h\u00e4r varianten p\u00e5 Ozempic har ocks\u00e5 inneburit att jag har tappat matlusten. Ingenting smakar n\u00e5gonting l\u00e4ngre.<\/p>\n<p>Han forts\u00e4tter:<br \/>\u2013 Det \u00e4r v\u00e4rt det i och med att det hj\u00e4lper mig att bli l\u00e4ttare, men det \u00e4r inte s\u00e5 kul.<\/p>\n<p><strong>Hur gick det d\u00e5 i midsomras, du som gillar svensk husmanskost och festm\u00e5ltider med n\u00e4ra och k\u00e4ra?<\/strong><br \/>\u2013 Jag \u00e5t i stort sett ingenting. Och alkohol har jag ju druckit mindre och mindre av med \u00e5ren, men nu har jag inte n\u00e5gon lust alls p\u00e5 alkohol. Det \u00e4r lite trist, f\u00f6r det finns ju trevliga sidor ocks\u00e5 med drycker. Men vid s\u00e5dana festliga tillf\u00e4llen g\u00f6r jag s\u00e5 gott jag kan \u00e4nd\u00e5, haha.\u00a0<\/p>\n<p><img loading=\"lazy\"   alt=\"\"\/><\/p>\n<p>\u201dJag har kommit en bra bit p\u00e5 min nya roman och har utf\u00f6rliga synopsis p\u00e5 ytterligare tv\u00e5\u201d, s\u00e4ger Leif GW Persson.<\/p>\n<p>Foto: OLLE SPORRONG<\/p>\n<p>\u00d6ppna bild i helsk\u00e4rm<img loading=\"lazy\"   alt=\"\"\/><\/p>\n<p>\u201d3 kilo \u00e4r en bra b\u00f6rjan. Det \u00e4r inte tal om att delta i Vasaloppet, men jag \u00e4r mer r\u00f6rlig nu\u201d, s\u00e4ger Leif GW Persson om sin viktnedg\u00e5ng.<\/p>\n<p>Foto: OLLE SPORRONG<\/p>\n<p>\u00d6ppna bild i helsk\u00e4rm<\/p>\n<p><a href=\"https:\/\/amelia.expressen.se\/premium\/leif-gw-och-kvartoft-da-blev-vi-osams\/\" rel=\"nofollow noopener\" target=\"_blank\">N\u00e4r Expressen i slutet av april f\u00f6ljde Leif GW Persson och Camilla Kvartoft under inspelningen <\/a>av det n\u00e4st sista avsnittet av \u201dVeckan\u201d i SVT framgick det att Leif denna s\u00e4song motvilligt hade g\u00e5tt med p\u00e5 att skjutsas i transportrullstol fr\u00e5n taxin genom de l\u00e5nga korridorerna i SVT-huset f\u00f6r att kunna l\u00e4gga energin p\u00e5 att leverera i studion, d\u00e4r han ovanp\u00e5 allt skulle f\u00f6rflytta sig mellan olika upph\u00f6jningar och bord. Han kunde g\u00e5, men med kryckor och med viss anstr\u00e4ngning.<\/p>\n<p><img loading=\"lazy\"   alt=\"\"\/><\/p>\n<p>I SVT:s \u201dVeckan\u201d beh\u00f6vde Leif f\u00f6rflytta sig mellan olika bord och hantera niv\u00e5skillnader, n\u00e5got som gjorde ont med tanke p\u00e5 hans artros i kn\u00e4na.<\/p>\n<p>Foto: ANNA-KARIN NILSSON<\/p>\n<p>\u00d6ppna bild i helsk\u00e4rm<img loading=\"lazy\"   alt=\"\"\/><\/p>\n<p>Den sista s\u00e4songen som \u201dVeckan\u201d spelades in i SVT-huset gick Leif GW Persson motvilligt med p\u00e5 att producenten Thomas Lindgren k\u00f6rde honom i transportrullstol fr\u00e5n taxin till studion.<\/p>\n<p>Foto: ANNA-KARIN NILSSON<\/p>\n<p>\u00d6ppna bild i helsk\u00e4rmVill bli l\u00e4ttare f\u00f6r att kunna opereras<\/p>\n<p>D\u00e5 avsl\u00f6jade han att han m\u00e5ndagen d\u00e4rp\u00e5, den 4 maj, skulle b\u00f6rja med ett viktminskningsl\u00e4kemedel.<\/p>\n<p>\u2013 I och med att jag har knepigt att g\u00e5 s\u00e5 t\u00e4nkte jag att om jag v\u00e4ger 20 kilo mindre s\u00e5 vore det l\u00e4ttare. Jag har ju artros, men l\u00e4karna vill inte operera mig i och med att jag har ett s\u00e5 d\u00e5ligt hj\u00e4rta. De tycker att det vore skit om jag skulle d\u00f6 i samband med en kn\u00e4operation, <a href=\"https:\/\/www.expressen.se\/noje\/leif-gw-maste-ga-ner-i-vikt-ska-ta-fetmalakemedel\/\" rel=\"nofollow noopener\" target=\"_blank\">f\u00f6rklarade Leif GW.<\/a><\/p>\n<p>Han sade ocks\u00e5 att han var beredd p\u00e5 att ta lite illam\u00e5ende, vilket \u00e4r en k\u00e4nd biverkningseffekt av Ozempic-liknande preparat, mot att slippa ha s\u00e5 ont i kn\u00e4na.<\/p>\n<p>Nu, 3,5 m\u00e5nader senare, pekar v\u00e5gen p\u00e5 13 kilo mindre \u00e4n vad den gjorde i v\u00e5ras.<\/p>\n<p>\u2013 13 kilo \u00e4r en bra b\u00f6rjan. Det \u00e4r inte tal om att delta i Vasaloppet, men jag \u00e4r mer r\u00f6rlig nu.<\/p>\n<p>\u2013 F\u00f6rhoppningen \u00e4r att g\u00e5 ner 30 kilo totalt till jul. D\u00e5 \u00e4r jag i s\u00e5 pass bra skick att jag kan g\u00f6ra en operation och f\u00e5 ordning p\u00e5 kn\u00e4na och artrosen. Artrosen \u00e4r knepig som f-n och den r\u00e4ttar inte till sig av sig sj\u00e4lv.<\/p>\n<p>Mellan tv-inspelningarna ber\u00e4ttade Leif GW Persson \u00e4ven att han i fjol slutade med snus, efter 61 \u00e5r som snusare.\u00a0<\/p>\n<p>\u2013 Det ska ju liksom inte g\u00e5&#8230; De f\u00f6rsta fem dagarna var inte kul, de hade kunnat vara b\u00e4ttre. Men nu \u00e4r jag fri fr\u00e5n det, konstaterade han.<\/p>\n<p>Precis som i v\u00e5ras \u00e4ter Leif GW Persson 100-120 tabletter i veckan i form av blodtryckss\u00e4nkande, blodf\u00f6rtunnande och kolesterold\u00e4mpande.\u00a0<\/p>\n<p>Annons<\/p>\n<p>Leif GW:s fru st\u00f6ttar<\/p>\n<p>Hustrun Kim Persson, 67, som Leif <a href=\"https:\/\/www.expressen.se\/noje\/gws-fru-raddade-hans-liv-hade-jag-varit-ensam-hemma-hade-jag-dott\/\" rel=\"nofollow noopener\" target=\"_blank\">beskrivit som \u201dytterst v\u00e4lsorterad i skallen\u201d<\/a>, r\u00e4ddade p\u00e5 trettondagsafton 2004 livet p\u00e5 maken d\u00e5 hon uppt\u00e4ckte att han hade f\u00e5tt en blodpropp n\u00e4r han hade somnat.\u00a0<\/p>\n<p>\u2013 Hon \u00e4r f\u00f6rst\u00e5s glad \u00f6ver att jag har tagit tag i h\u00e4lsan och g\u00e5r ner i vikt nu, medger Leif GW.<\/p>\n<p><img loading=\"lazy\"   alt=\"\"\/><\/p>\n<p>Leif GW Persson hade g\u00e4rna gjort fler s\u00e4songer av \u201dVeckan\u201d med Camilla Kvartoft. Nu \u00e4r han i st\u00e4llet tillbaka p\u00e5 TV4.<\/p>\n<p>Foto: ANNA-KARIN NILSSON<\/p>\n<p>\u00d6ppna bild i helsk\u00e4rm<\/p>\n<p>Efter att SVT trots h\u00f6ga tittarsiffror best\u00e4mde sig f\u00f6r att <a href=\"https:\/\/amelia.expressen.se\/leif-gw-tvingas-sluta-pa-svt-en-overraskning\/\" rel=\"nofollow noopener\" target=\"_blank\">l\u00e4gga ner \u201dVeckan\u201d<\/a> efter bara ett \u00e5r gjorde Leif GW Persson i juli comeback i \u201dTV4 Nyhetsmorgon\u201d som expert i kriminalfall. Nu medverkar han d\u00e4r i inslag varje s\u00f6ndag.\u00a0<\/p>\n<p>I sommar har kriminologiprofessorn \u00e4ven arbetat intensivt med manuset till den kommande kriminalromanen.<\/p>\n<p>P\u00e5 tisdagskv\u00e4llen deltog han i Albert Bonniers f\u00f6rlags och Wahlstr\u00f6m &amp; Widstrands \u00e5rliga h\u00f6stfest p\u00e5 Nedre Manilla p\u00e5 Djurg\u00e5rden, d\u00e4r kultureliten samlades f\u00f6r att fira in bokh\u00f6sten 2025.\u00a0<\/p>\n<p>\u2013 Jag har kavajer i alla olika storlekar och nu kommer jag i en massa kavajer som jag sydde upp f\u00f6r n\u00e5gra \u00e5r sedan, s\u00e4ger Leif GW Persson.\u00a0<\/p>\n<p><img loading=\"lazy\"   alt=\"\"\/><\/p>\n<p>Leif GW Persson har skrivit ett 40-tal b\u00f6cker.<\/p>\n<p>Foto: OLLE SPORRONG<\/p>\n<p>\u00d6ppna bild i helsk\u00e4rm<strong>L\u00c4S MER: <\/strong><a href=\"https:\/\/www.expressen.se\/noje\/leif-gw-maste-ga-ner-i-vikt-ska-ta-fetmalakemedel\/\" class=\"\" rel=\"nofollow noopener\" target=\"_blank\">Leif GW m\u00e5ste g\u00e5 ner i vikt: Ska ta fetmal\u00e4kemedel<\/a><strong>L\u00c4S MER: <\/strong><a href=\"https:\/\/www.expressen.se\/nyheter\/kronikorer\/amina-manzoor\/dessa-lakemedel-kan-komma-efter-ozempic\/\" class=\"premium-link\" rel=\"nofollow noopener\" target=\"_blank\">Premium Dessa l\u00e4kemedel kan komma efter Ozempic<\/a>Expert i &#8221;Nyhetsmorgon&#8221;<\/p>\n<p><strong>Namn<\/strong>: Leif Gustav Willy Persson.<\/p>\n<p><strong>\u00c5lder<\/strong>: 80.<\/p>\n<p><strong>Yrke<\/strong>: F\u00f6rfattare, kriminolog, tv-personlighet, entrepren\u00f6r.<\/p>\n<p><strong>Bor<\/strong>: Bostadsr\u00e4ttsl\u00e4genhet i Solna, g\u00e5rden Elghammar i S\u00f6rmland.<\/p>\n<p><strong>Familj<\/strong>: Hustrun Kim Persson, 67, civilekonom. Sex barn (varav tv\u00e5 bonusbarn) och tretton barnbarn.<\/p>\n<p><strong>Karri\u00e4r i urval<\/strong>: Doktorsavhandling om statistiska m\u00e4tproblem inom kriminologin (1980), docent (1982), professor (1991). Expert och r\u00e5dgivare \u00e5t Rikspolisstyrelsen. Debuterade 1978 med \u201dGrisfesten\u201d och har d\u00e4refter skrivit ett 40-tal b\u00f6cker, nu senast \u201dProfessor Wille Vingmutter, m\u00e4sterdetektiv\u201d. Har skrivit tv-serier och gjort tv-program som \u201dEfterlyst\u201d, \u201dGW:s mord\u201d, \u201dVeckans brott\u201d och \u201dBrottsjournalen\u201d. Kristallens hederspris (2017). Har eget vinm\u00e4rke och s\u00e4ljer viltk\u00f6tt.<\/p>\n<p><strong>Aktuell<\/strong>: Expert i \u201dTV4 Nyhetsmorgon\u201d p\u00e5 aktuella kriminalfall.\u00a0<\/p>\n<p>Visa mer5 godk\u00e4nda fetmal\u00e4kemedel<\/p>\n<p><strong>\u2022<\/strong> I dag finns det fem godk\u00e4nda l\u00e4kemedel mot fetma i EU.<\/p>\n<p><strong>\u2022<\/strong> <strong>Saxenda<\/strong> inneh\u00e5ller substansen liraglutid och verkar genom att d\u00e4mpa aptiten. L\u00e4kemedlet \u00e4r inte subventionerat.<\/p>\n<p><strong>\u2022<\/strong> <strong>Mysimba<\/strong> best\u00e5r av substanserna naltrexon och bupropion. Naltrexon anv\u00e4nds mot alkoholberoende och bupropion \u00e4r ett antidepressivt l\u00e4kemedel, men i kombination har de p\u00e5verkan p\u00e5 aptiten. L\u00e4kemedlet \u00e4r inte subventionerat.<\/p>\n<p><strong>\u2022 Xenical <\/strong>inneh\u00e5ller substanen orlistat och verkar genom att h\u00e4mma fettupptaget under en m\u00e5ltid. L\u00e4kemedlet \u00e4r subventionerat.<\/p>\n<p><strong>\u2022<\/strong> <strong>Wegovy<\/strong> g\u00f6rs med substansen semaglutid som verkar genom att d\u00e4mpa aptiten. Semaglutid finns \u00e4ven i l\u00e4kemedlet Ozempic, som \u00e4r godk\u00e4nt mot typ 2-diabetes. Det \u00e4r bara subventionerat f\u00f6r behandling av typ 2-diabetes.<\/p>\n<p><strong>\u2022<\/strong> <strong>Mounjaro<\/strong> inneh\u00e5ller substansen tirzepatid och har i studier gett st\u00f6rre viktnedg\u00e5ng \u00e4n Wegovy.<\/p>\n<p>M\u00e5nga fler l\u00e4kemedel \u00e4r under utveckling. Det \u00e4r \u00e4nnu inte subventionerat i Sverige.<\/p>\n<p><strong>K\u00e4lla:<\/strong> <a href=\"https:\/\/www.fass.se\/LIF\/product?userType=0&amp;nplId=20211006000046\" rel=\"nofollow noopener\" target=\"_blank\">Fass.se<\/a><\/p>\n<p>Visa mer<\/p>\n","protected":false},"excerpt":{"rendered":"Publicerad 26 aug 2025 kl 19.50Uppdaterad kl 20.02 I maj b\u00f6rjade Leif GW Persson, 80, ta fetmal\u00e4kemedel. Nu&hellip;\n","protected":false},"author":2,"featured_media":14316,"comment_status":"","ping_status":"","sticky":false,"template":"","format":"standard","meta":{"footnotes":""},"categories":[67],"tags":[104,329,1734,34,154,31,33,32,30,1878,688,105],"class_list":{"0":"post-14315","1":"post","2":"type-post","3":"status-publish","4":"format-standard","5":"has-post-thumbnail","7":"category-underhallning","8":"tag-entertainment","9":"tag-function-kvinna","10":"tag-person-leif-gw-persson","11":"tag-se","12":"tag-sections-sverige","13":"tag-svenska","14":"tag-sverige","15":"tag-sweden","16":"tag-swedish","17":"tag-topic-diet-bantning","18":"tag-topic-halsa-sjukvard","19":"tag-underhallning"},"share_on_mastodon":{"url":"","error":""},"_links":{"self":[{"href":"https:\/\/www.europesays.com\/se\/wp-json\/wp\/v2\/posts\/14315","targetHints":{"allow":["GET"]}}],"collection":[{"href":"https:\/\/www.europesays.com\/se\/wp-json\/wp\/v2\/posts"}],"about":[{"href":"https:\/\/www.europesays.com\/se\/wp-json\/wp\/v2\/types\/post"}],"author":[{"embeddable":true,"href":"https:\/\/www.europesays.com\/se\/wp-json\/wp\/v2\/users\/2"}],"replies":[{"embeddable":true,"href":"https:\/\/www.europesays.com\/se\/wp-json\/wp\/v2\/comments?post=14315"}],"version-history":[{"count":0,"href":"https:\/\/www.europesays.com\/se\/wp-json\/wp\/v2\/posts\/14315\/revisions"}],"wp:featuredmedia":[{"embeddable":true,"href":"https:\/\/www.europesays.com\/se\/wp-json\/wp\/v2\/media\/14316"}],"wp:attachment":[{"href":"https:\/\/www.europesays.com\/se\/wp-json\/wp\/v2\/media?parent=14315"}],"wp:term":[{"taxonomy":"category","embeddable":true,"href":"https:\/\/www.europesays.com\/se\/wp-json\/wp\/v2\/categories?post=14315"},{"taxonomy":"post_tag","embeddable":true,"href":"https:\/\/www.europesays.com\/se\/wp-json\/wp\/v2\/tags?post=14315"}],"curies":[{"name":"wp","href":"https:\/\/api.w.org\/{rel}","templated":true}]}}