{"id":14319,"date":"2025-08-26T18:36:07","date_gmt":"2025-08-26T18:36:07","guid":{"rendered":"https:\/\/www.europesays.com\/se\/14319\/"},"modified":"2025-08-26T18:36:07","modified_gmt":"2025-08-26T18:36:07","slug":"carl-bildt-jag-skams-over-halmstad","status":"publish","type":"post","link":"https:\/\/www.europesays.com\/se\/14319\/","title":{"rendered":"Carl Bildt: Jag sk\u00e4ms \u00f6ver Halmstad"},"content":{"rendered":"<p>Publicerad 26 aug 2025 kl 19.39Uppdaterad kl 20.00<\/p>\n<p>Carl Bildt fl\u00f6g p\u00e5 tisdagen till sitt Halmstad.<\/p>\n<p>Men en detalj p\u00e5 flygplatsen fick honom att reagera.<\/p>\n<p>\u201dJag sk\u00e4ms\u201d\u201a skriver han p\u00e5 X.<\/p>\n<p>Senaste nyhetsklippen fr\u00e5n Expressen.<img   alt=\"\"\/><\/p>\n<p>Carl Bildt.<\/p>\n<p>Foto: Stefan Jerrev\u00e5ng\/TT \/ TT NYHETSBYR\u00c5N<\/p>\n<p>\u00d6ppna bild i helsk\u00e4rm<\/p>\n<p><a href=\"https:\/\/www.expressen.se\/tagg\/person\/carl-bildt\/\" class=\"\" rel=\"nofollow noopener\" target=\"_blank\">Carl Bildt<\/a> twittrar ofta om sina m\u00e5nga resor runtom i v\u00e4rlden \u2013 och i Sverige.<\/p>\n<p>P\u00e5 tisdagen bar det av till Halmstad, d\u00e4r den tidigare stats- och utrikesministern \u00e4r f\u00f6dd och uppv\u00e4xt.<\/p>\n<p>Men Bildt, som framh\u00e4vt uppv\u00e4xtorten bland annat i boktiteln \u201dHall\u00e4nning, svensk, europ\u00e9\u201d, fr\u00e5n 1991, tycker att flygplatsen l\u00e4mnar en del i \u00f6vrigt att \u00f6nska.<\/p>\n<p>D\u00e4r saknas n\u00e4mligen information om var resen\u00e4ren har hamnat.<\/p>\n<p>\u201dJag sk\u00e4ms lite \u00f6ver att Halmstad \u2013 staden jag \u00e4r ifr\u00e5n och d\u00e4r jag just har landat \u2013 inte ens har en skylt med sitt namn vid terminalen\u201d\u201a skriver han.<\/p>\n<p>Som bildbevis delar han ocks\u00e5 ett foto taget inifr\u00e5n planet, p\u00e5 den enligt honom f\u00f6r anonyma terminalbyggnaden.<\/p>\n","protected":false},"excerpt":{"rendered":"Publicerad 26 aug 2025 kl 19.39Uppdaterad kl 20.00 Carl Bildt fl\u00f6g p\u00e5 tisdagen till sitt Halmstad. Men en&hellip;\n","protected":false},"author":2,"featured_media":14320,"comment_status":"","ping_status":"","sticky":false,"template":"","format":"standard","meta":{"footnotes":""},"categories":[67],"tags":[104,1880,1879,34,154,31,33,32,30,105],"class_list":{"0":"post-14319","1":"post","2":"type-post","3":"status-publish","4":"format-standard","5":"has-post-thumbnail","7":"category-underhallning","8":"tag-entertainment","9":"tag-location-halmstad","10":"tag-person-carl-bildt","11":"tag-se","12":"tag-sections-sverige","13":"tag-svenska","14":"tag-sverige","15":"tag-sweden","16":"tag-swedish","17":"tag-underhallning"},"share_on_mastodon":{"url":"","error":""},"_links":{"self":[{"href":"https:\/\/www.europesays.com\/se\/wp-json\/wp\/v2\/posts\/14319","targetHints":{"allow":["GET"]}}],"collection":[{"href":"https:\/\/www.europesays.com\/se\/wp-json\/wp\/v2\/posts"}],"about":[{"href":"https:\/\/www.europesays.com\/se\/wp-json\/wp\/v2\/types\/post"}],"author":[{"embeddable":true,"href":"https:\/\/www.europesays.com\/se\/wp-json\/wp\/v2\/users\/2"}],"replies":[{"embeddable":true,"href":"https:\/\/www.europesays.com\/se\/wp-json\/wp\/v2\/comments?post=14319"}],"version-history":[{"count":0,"href":"https:\/\/www.europesays.com\/se\/wp-json\/wp\/v2\/posts\/14319\/revisions"}],"wp:featuredmedia":[{"embeddable":true,"href":"https:\/\/www.europesays.com\/se\/wp-json\/wp\/v2\/media\/14320"}],"wp:attachment":[{"href":"https:\/\/www.europesays.com\/se\/wp-json\/wp\/v2\/media?parent=14319"}],"wp:term":[{"taxonomy":"category","embeddable":true,"href":"https:\/\/www.europesays.com\/se\/wp-json\/wp\/v2\/categories?post=14319"},{"taxonomy":"post_tag","embeddable":true,"href":"https:\/\/www.europesays.com\/se\/wp-json\/wp\/v2\/tags?post=14319"}],"curies":[{"name":"wp","href":"https:\/\/api.w.org\/{rel}","templated":true}]}}