{"id":14379,"date":"2025-08-26T20:01:07","date_gmt":"2025-08-26T20:01:07","guid":{"rendered":"https:\/\/www.europesays.com\/se\/14379\/"},"modified":"2025-08-26T20:01:07","modified_gmt":"2025-08-26T20:01:07","slug":"isak-har-nobbat-forsok-till-losning","status":"publish","type":"post","link":"https:\/\/www.europesays.com\/se\/14379\/","title":{"rendered":"Isak har nobbat f\u00f6rs\u00f6k till l\u00f6sning"},"content":{"rendered":"<p>Alexander Isak har nobbat ett f\u00f6rs\u00f6k fr\u00e5n Newcastle att f\u00e5 tillbaka den strejkande anfallaren i match och tr\u00e4ning, skriver The Guardian. <\/p>\n<p>Under ett m\u00f6te p\u00e5 tisdagen med flera \u00e4gare, d\u00e4ribland representanter f\u00f6r Saudiarabiens investeringsfonden, ska Isak ha erbjudits ett l\u00f6nelyft mot att han stannar i ytterligare en s\u00e4song. Svensken uppges dock ha avvisat erbjudandet. <\/p>\n<p>Isaks kontrakt str\u00e4cker sig \u00f6ver flera s\u00e4songer men han strejkar f\u00f6r att tvinga fram en flytt till Liverpool, vars tidigare bud p\u00e5 110 miljoner pund nobbats. <\/p>\n<p>Transferf\u00f6nstret \u00e4r \u00f6ppet i ytterligare sex dagar. <\/p>\n<p>Omni \u00e4r politiskt obundna och oberoende. Vi str\u00e4var efter att ge fler perspektiv p\u00e5 nyheterna. Har du fr\u00e5gor eller synpunkter kring v\u00e5r rapportering? <a href=\"https:\/\/omni.se\/uppgift-isak-har-nobbat-forsok-till-losning\/a\/mailto:redaktion@omni.se\" class=\"ArticleActions_contactLink__W2F1M\" rel=\"nofollow noopener\" target=\"_blank\">Kontakta redaktionen<\/a><\/p>\n","protected":false},"excerpt":{"rendered":"Alexander Isak har nobbat ett f\u00f6rs\u00f6k fr\u00e5n Newcastle att f\u00e5 tillbaka den strejkande anfallaren i match och tr\u00e4ning,&hellip;\n","protected":false},"author":2,"featured_media":14380,"comment_status":"","ping_status":"","sticky":false,"template":"","format":"standard","meta":{"footnotes":""},"categories":[68],"tags":[137,341,139,34,111,110,31,33,32,30],"class_list":{"0":"post-14379","1":"post","2":"type-post","3":"status-publish","4":"format-standard","5":"has-post-thumbnail","7":"category-sport","8":"tag-alexander-isak","9":"tag-liverpool-fc","10":"tag-newcastle-united-fc","11":"tag-se","12":"tag-sport","13":"tag-sports","14":"tag-svenska","15":"tag-sverige","16":"tag-sweden","17":"tag-swedish"},"share_on_mastodon":{"url":"","error":""},"_links":{"self":[{"href":"https:\/\/www.europesays.com\/se\/wp-json\/wp\/v2\/posts\/14379","targetHints":{"allow":["GET"]}}],"collection":[{"href":"https:\/\/www.europesays.com\/se\/wp-json\/wp\/v2\/posts"}],"about":[{"href":"https:\/\/www.europesays.com\/se\/wp-json\/wp\/v2\/types\/post"}],"author":[{"embeddable":true,"href":"https:\/\/www.europesays.com\/se\/wp-json\/wp\/v2\/users\/2"}],"replies":[{"embeddable":true,"href":"https:\/\/www.europesays.com\/se\/wp-json\/wp\/v2\/comments?post=14379"}],"version-history":[{"count":0,"href":"https:\/\/www.europesays.com\/se\/wp-json\/wp\/v2\/posts\/14379\/revisions"}],"wp:featuredmedia":[{"embeddable":true,"href":"https:\/\/www.europesays.com\/se\/wp-json\/wp\/v2\/media\/14380"}],"wp:attachment":[{"href":"https:\/\/www.europesays.com\/se\/wp-json\/wp\/v2\/media?parent=14379"}],"wp:term":[{"taxonomy":"category","embeddable":true,"href":"https:\/\/www.europesays.com\/se\/wp-json\/wp\/v2\/categories?post=14379"},{"taxonomy":"post_tag","embeddable":true,"href":"https:\/\/www.europesays.com\/se\/wp-json\/wp\/v2\/tags?post=14379"}],"curies":[{"name":"wp","href":"https:\/\/api.w.org\/{rel}","templated":true}]}}