{"id":14390,"date":"2025-08-26T20:17:08","date_gmt":"2025-08-26T20:17:08","guid":{"rendered":"https:\/\/www.europesays.com\/se\/14390\/"},"modified":"2025-08-26T20:17:08","modified_gmt":"2025-08-26T20:17:08","slug":"kaoset-vasby-ik-spelarna-i-strejk","status":"publish","type":"post","link":"https:\/\/www.europesays.com\/se\/14390\/","title":{"rendered":"KAOSET: V\u00e4sby IK-spelarna i strejk"},"content":{"rendered":"<p><strong>Spelarna i <a href=\"https:\/\/hockeysverige.se\/klubb\/brodernas-vasby\/\" rel=\"nofollow noopener\" target=\"_blank\">V\u00e4sby IK<\/a> v\u00e4grar att tr\u00e4na efter uteblivna l\u00f6ner.<br \/>Uppgifterna kommer fr\u00e5n <a href=\"https:\/\/www.expressen.se\/sport\/hockey\/kaos-i-vasby-ik-hockey-vagrar-trana-efter-uteblivna-loner\/\" rel=\"nofollow noopener\" target=\"_blank\">Expressen<\/a> efter tidningens tidigare avsl\u00f6jande om att Ikano Bank st\u00e4mt V\u00e4sby Hockey AB p\u00e5 456 000 kronor.<\/strong><\/p>\n<p><img loading=\"lazy\" decoding=\"async\" width=\"1024\" height=\"658\" src=\"https:\/\/www.europesays.com\/se\/wp-content\/uploads\/2025\/08\/Vasby-IK-strejk-1024x658.webp.webp\" alt=\"\" class=\"wp-image-299048\"  \/>Fredrik Falk i V\u00e4sby IK 2020. <strong>Foto<\/strong>: Bildbyr\u00e5n\/Jesper Zerman.<\/p>\n<p>Med en dryg m\u00e5nad kvar till premi\u00e4ren i <a href=\"https:\/\/hockeysverige.se\/hockeyettan\/\" rel=\"nofollow noopener\" target=\"_blank\">Hockeyettan<\/a> sipprade det i f\u00f6rra veckan ut uppgifter om att V\u00e4sby Hockey AB st\u00e4ms p\u00e5 ett stort belopp i domstol. Expressen kom med rapporten och skulden sades ligga p\u00e5 456 000 kronor efter uteblivna betalningar kring inhyrda IT-produkter. <\/p>\n<p>Nu f\u00e5r de ekonomiska problemen \u00e4ven konsekvenser f\u00f6r det sportsliga och A-laget.<\/p>\n<p>Expressen uppger n\u00e4mligen att m\u00e5ndagens tr\u00e4ning i V\u00e4sby IK avbr\u00f6ts p\u00e5 spelarnas initiativ, innan \u00e4ven tisdagens pass st\u00e4lldes in. Anledningen ska vara att spelarna inte f\u00e5tt sin senaste l\u00f6n utbetald av klubben, vilket \u00e4ven ska ha tvingat fram ett krism\u00f6te med styrelsen. <\/p>\n<p>N\u00e4r skulden tidigare tagits upp med klubbens ordf\u00f6rande Kenneth Bergman svarade han f\u00f6rv\u00e5nat p\u00e5 f\u00f6ljande vis i Expressen. <\/p>\n<p>\u2013 Det h\u00e4r \u00e4r ok\u00e4nt f\u00f6r oss. Vi kommer unders\u00f6ka saken men tills vidare har vi inga kommentarer. <\/p>\n<p>Svaret: \u201dBristande kostnadskontroll\u201d<\/p>\n<p>V\u00e4sby IK ingick i januari 2023 ett samarbete med hamburgerkedjan Br\u00f6dernas, men inf\u00f6r 2025\/26-s\u00e4songen har man g\u00e5tt tillbaka till sitt tidigare namn. Samtidigt har klubben, s\u00e5 sent som i helgen, g\u00e5tt ut med ett uttalande om sin tuffa ekonomiska situation. <\/p>\n<p>\u201dVarf\u00f6r har vi hamnat i en utmanande ekonomisk situation? Int\u00e4kterna har haft en positiv utveckling de senaste \u00e5ren men bristande kostnadskontroll har gjort att utgifterna inte hanterats med tillr\u00e4cklig noggrannhet. Ett intensivt arbete p\u00e5g\u00e5r just nu f\u00f6r att f\u00e5 ekonomin i balans\u201d, skrev nya ordf\u00f6randen Jan-Olof Hilmerstam.<\/p>\n<p>Krism\u00f6tet mellan spelarna och styrelsen uppges ske under tisdagskv\u00e4llen.<\/p>\n<p>Under kv\u00e4llen bekr\u00e4ftar \u00e4ven Huddinge IK att deras tr\u00e4ningsmatch mot V\u00e4sby IK, onsdag 27\/8, st\u00e4llts in.<\/p>\n","protected":false},"excerpt":{"rendered":"Spelarna i V\u00e4sby IK v\u00e4grar att tr\u00e4na efter uteblivna l\u00f6ner.Uppgifterna kommer fr\u00e5n Expressen efter tidningens tidigare avsl\u00f6jande om&hellip;\n","protected":false},"author":2,"featured_media":14391,"comment_status":"","ping_status":"","sticky":false,"template":"","format":"standard","meta":{"footnotes":""},"categories":[68],"tags":[34,133,111,110,31,33,32,30],"class_list":{"0":"post-14390","1":"post","2":"type-post","3":"status-publish","4":"format-standard","5":"has-post-thumbnail","7":"category-sport","8":"tag-se","9":"tag-second-news","10":"tag-sport","11":"tag-sports","12":"tag-svenska","13":"tag-sverige","14":"tag-sweden","15":"tag-swedish"},"share_on_mastodon":{"url":"","error":""},"_links":{"self":[{"href":"https:\/\/www.europesays.com\/se\/wp-json\/wp\/v2\/posts\/14390","targetHints":{"allow":["GET"]}}],"collection":[{"href":"https:\/\/www.europesays.com\/se\/wp-json\/wp\/v2\/posts"}],"about":[{"href":"https:\/\/www.europesays.com\/se\/wp-json\/wp\/v2\/types\/post"}],"author":[{"embeddable":true,"href":"https:\/\/www.europesays.com\/se\/wp-json\/wp\/v2\/users\/2"}],"replies":[{"embeddable":true,"href":"https:\/\/www.europesays.com\/se\/wp-json\/wp\/v2\/comments?post=14390"}],"version-history":[{"count":0,"href":"https:\/\/www.europesays.com\/se\/wp-json\/wp\/v2\/posts\/14390\/revisions"}],"wp:featuredmedia":[{"embeddable":true,"href":"https:\/\/www.europesays.com\/se\/wp-json\/wp\/v2\/media\/14391"}],"wp:attachment":[{"href":"https:\/\/www.europesays.com\/se\/wp-json\/wp\/v2\/media?parent=14390"}],"wp:term":[{"taxonomy":"category","embeddable":true,"href":"https:\/\/www.europesays.com\/se\/wp-json\/wp\/v2\/categories?post=14390"},{"taxonomy":"post_tag","embeddable":true,"href":"https:\/\/www.europesays.com\/se\/wp-json\/wp\/v2\/tags?post=14390"}],"curies":[{"name":"wp","href":"https:\/\/api.w.org\/{rel}","templated":true}]}}