{"id":14406,"date":"2025-08-26T20:45:07","date_gmt":"2025-08-26T20:45:07","guid":{"rendered":"https:\/\/www.europesays.com\/se\/14406\/"},"modified":"2025-08-26T20:45:07","modified_gmt":"2025-08-26T20:45:07","slug":"diktatorns-brorson-kordeihjal-ett-gift-par-frias","status":"publish","type":"post","link":"https:\/\/www.europesays.com\/se\/14406\/","title":{"rendered":"Diktatorns brorson k\u00f6rde\nihj\u00e4l ett gift par \u2013 frias"},"content":{"rendered":"<p>Publicerad 26 aug 2025 kl 22.08<\/p>\n<p>Diktatorn Ramzan Kadyrovs brorson k\u00f6rde ihj\u00e4l ett gift par.<\/p>\n<p>Men brorsonen slapp straff, skriver ryska oberoende nyhetssajten <a href=\"https:\/\/meduza.io\/news\/2025\/08\/26\/memorial-plemyannik-kadyrova-ustroil-dtp-v-groznom-dva-cheloveka-pogibli-no-on-izbezhal-nakazaniya\" rel=\"nofollow noopener\" target=\"_blank\">Meduza<\/a>.<\/p>\n<p>M\u00e4nniskor\u00e4ttsorganisationen <a href=\"https:\/\/memorialcenter.org\/news\/rodstvennik-kadyrova-ustroil-dtp-v-groznom-est-pogibshie-vinovnyh-net?\" rel=\"nofollow noopener\" target=\"_blank\">Memorial<\/a> menar att fallet visar att straff i landet \u201dinte beror p\u00e5 brottets allvar utan p\u00e5 den krets som den skyldige tillh\u00f6r\u201d.<\/p>\n<p>Senaste nyhetsklippen fr\u00e5n Expressen.<img   alt=\"\"\/><\/p>\n<p>Yasin Zakriev och Ramzan Kadyrov.<\/p>\n<p>\u00d6ppna bild i helsk\u00e4rm<\/p>\n<p><a href=\"https:\/\/www.expressen.se\/tagg\/location\/tjetjenien\/\" class=\"\" rel=\"nofollow noopener\" target=\"_blank\">Tjetjeniens<\/a> h\u00e5rdf\u00f6re ledare Ramzan Kadyrov kallas \u201dPutins attackhund\u201d. Kadyrovs brorson Yasin Zakriev \u00e4r ordf\u00f6rande f\u00f6r Tjetjeniens redovisningskammare.<\/p>\n<p>Den 20 juli befann sig ett gift par och deras tv\u00e5 barn i staden Groznyj. N\u00e4r de stannade med bilen vid ett trafikljus blev de p\u00e5k\u00f6rda bakifr\u00e5n av en lyxbil som k\u00f6rdes av Zakriev.<\/p>\n<p>Till f\u00f6ljd av kollisionen slungades familjens bil in i en stolpe. B\u00e5da f\u00f6r\u00e4ldrarna dog och barnen skadades allvarligt. Zakriev kom undan oskadd och inget brottm\u00e5l inleddes efter\u00e5t, rapporterade m\u00e4nniskor\u00e4ttsorganisationen Memorial med h\u00e4nvisning till k\u00e4llor.<\/p>\n<p>\u201dS\u00e5ledes straffades inte personen som var ansvarig f\u00f6r olyckan som resulterade i d\u00f6dsfallen\u201d, skriver Memorial.<\/p>\n<p>\u201dFundamentalt olika reaktioner<\/p>\n<p>M\u00e4nniskor\u00e4ttsorganisationen n\u00e4mnde en annan d\u00f6dlig olycka som j\u00e4mf\u00f6relse.\u00a0<\/p>\n<p>Efter det att sju personer dog p\u00e5 grund av ett rattfyllo i november 2016 sade Kadyrov att trafikf\u00f6rbrytare borde hanteras \u201dp\u00e5 det h\u00e5rdaste s\u00e4ttet\u201d. Ett 40-tal anh\u00f6riga till personen som var ansvarig f\u00f6r olyckan utvisades sedan fr\u00e5n Tjetjenien.\u00a0<\/p>\n<p>\u201dB\u00e5da olyckorna resulterade i d\u00f6dsfall, men myndigheternas reaktioner var fundamentalt olika. Dessa tv\u00e5 fall visar den godtyckliga karakt\u00e4ren av brottsbek\u00e4mpande praxis i Tjetjenien. Straffet beror inte p\u00e5 brottets allvar, utan p\u00e5 den krets som den skyldige tillh\u00f6r\u201d, skriver Memorial.<\/p>\n","protected":false},"excerpt":{"rendered":"Publicerad 26 aug 2025 kl 22.08 Diktatorn Ramzan Kadyrovs brorson k\u00f6rde ihj\u00e4l ett gift par. Men brorsonen slapp&hellip;\n","protected":false},"author":2,"featured_media":14407,"comment_status":"","ping_status":"","sticky":false,"template":"","format":"standard","meta":{"footnotes":""},"categories":[14],"tags":[22,23,26,27,17,21,24,25,1893,28,29,15,16,1441,18,34,55,31,33,32,30,19,20,51,52,53,54],"class_list":{"0":"post-14406","1":"post","2":"type-post","3":"status-publish","4":"format-standard","5":"has-post-thumbnail","7":"category-varlden","8":"tag-breaking-news","9":"tag-breakingnews","10":"tag-featured-news","11":"tag-featurednews","12":"tag-headlines","13":"tag-huvudnyheter","14":"tag-latest-news","15":"tag-latestnews","16":"tag-location-tjetjenien","17":"tag-main-news","18":"tag-mainnews","19":"tag-news","20":"tag-nyheter","21":"tag-person-ramzan-kadyrov","22":"tag-rubriker","23":"tag-se","24":"tag-sections-varlden","25":"tag-svenska","26":"tag-sverige","27":"tag-sweden","28":"tag-swedish","29":"tag-top-stories","30":"tag-topstories","31":"tag-varlden","32":"tag-world","33":"tag-world-news","34":"tag-worldnews"},"share_on_mastodon":{"url":"","error":""},"_links":{"self":[{"href":"https:\/\/www.europesays.com\/se\/wp-json\/wp\/v2\/posts\/14406","targetHints":{"allow":["GET"]}}],"collection":[{"href":"https:\/\/www.europesays.com\/se\/wp-json\/wp\/v2\/posts"}],"about":[{"href":"https:\/\/www.europesays.com\/se\/wp-json\/wp\/v2\/types\/post"}],"author":[{"embeddable":true,"href":"https:\/\/www.europesays.com\/se\/wp-json\/wp\/v2\/users\/2"}],"replies":[{"embeddable":true,"href":"https:\/\/www.europesays.com\/se\/wp-json\/wp\/v2\/comments?post=14406"}],"version-history":[{"count":0,"href":"https:\/\/www.europesays.com\/se\/wp-json\/wp\/v2\/posts\/14406\/revisions"}],"wp:featuredmedia":[{"embeddable":true,"href":"https:\/\/www.europesays.com\/se\/wp-json\/wp\/v2\/media\/14407"}],"wp:attachment":[{"href":"https:\/\/www.europesays.com\/se\/wp-json\/wp\/v2\/media?parent=14406"}],"wp:term":[{"taxonomy":"category","embeddable":true,"href":"https:\/\/www.europesays.com\/se\/wp-json\/wp\/v2\/categories?post=14406"},{"taxonomy":"post_tag","embeddable":true,"href":"https:\/\/www.europesays.com\/se\/wp-json\/wp\/v2\/tags?post=14406"}],"curies":[{"name":"wp","href":"https:\/\/api.w.org\/{rel}","templated":true}]}}