{"id":14417,"date":"2025-08-26T20:58:10","date_gmt":"2025-08-26T20:58:10","guid":{"rendered":"https:\/\/www.europesays.com\/se\/14417\/"},"modified":"2025-08-26T20:58:10","modified_gmt":"2025-08-26T20:58:10","slug":"spelet-bakom-kulisserna-i-tv4-succen-obekvamt","status":"publish","type":"post","link":"https:\/\/www.europesays.com\/se\/14417\/","title":{"rendered":"Spelet bakom kulisserna i TV4-succ\u00e9n: \u201dObekv\u00e4mt\u201d"},"content":{"rendered":"<p>\u201dGl\u00f6m inte tandborsten\u201d var en av TV4:s tidiga storsatsningar.<\/p>\n<p>Ett galet studioprogram d\u00e4r publiken skickades ut p\u00e5 resor i v\u00e4rlden \u2013 \u00e4ven bakom kulisserna gick det vilt till.<\/p>\n<p>\u2013 Folk kunde bli avskedade mitt under m\u00f6ten, s\u00e4ger programledaren Joakim Geigert.<\/p>\n<p><img   alt=\"\"\/><\/p>\n<p>Geigert.<\/p>\n<p>Foto: TV4<\/p>\n<p>\u00d6ppna bild i helsk\u00e4rm<img loading=\"lazy\"   alt=\"\"\/><\/p>\n<p>Kajsa Mellgren och Joakim Geigert.<\/p>\n<p>Foto: TV4<\/p>\n<p>\u00d6ppna bild i helsk\u00e4rm<img loading=\"lazy\"   alt=\"\"\/><\/p>\n<p>\u201dGl\u00f6m inte tandborsten\u201d.<\/p>\n<p>\u00d6ppna bild i helsk\u00e4rm<img loading=\"lazy\"   alt=\"\"\/><\/p>\n<p>Joakim Geigert 2012.<\/p>\n<p>Foto: PER WISSING<\/p>\n<p>\u00d6ppna bild i helsk\u00e4rm<\/p>\n<p>Joakim Geigert hade egentligen aldrig t\u00e4nkt g\u00e5 i pappa Hagges fotsp\u00e5r. Det var f\u00f6rst n\u00e4r han b\u00f6rjade n\u00e4rma sig 30 som han 1993 fick jobb p\u00e5 lokala TV21 i G\u00f6teborg.<\/p>\n<p>\u2013 Det var inte s\u00e5 att jag var motstr\u00e4vig, jag hade bara andra typer av jobb och t\u00e4nkte inte ens p\u00e5 det. Men jag hamnade till slut p\u00e5 TV21 och n\u00e4r sedan Jan Zachrison, som var n\u00f6jeschef p\u00e5 <a href=\"https:\/\/www.expressen.se\/tagg\/organization\/tv4\/\" class=\"\" rel=\"nofollow noopener\" target=\"_blank\">TV4<\/a>, letade nya talanger fick han tips om mig, ber\u00e4ttar Joakim Geigert.<\/p>\n<p>FAKTA: Gl\u00f6m inte tandborsten<\/p>\n<p>\u201dGl\u00f6m inte tandborsten\u201d var ett underh\u00e5llningsprogram som visades i TV4 1994. Joakim Geigert var programledare, Kajsa Mellgren agerade sidekick och Anders G Carlsson var kapellm\u00e4stare i husbandet.<\/p>\n<p>Publiken skulle ha med sig tandborste och pass till inspelningen eftersom de kunde vinna en resa. Programmet baserades p\u00e5 det brittiska formatet \u201dDon\u2019t forget your toothbrush\u201d.<\/p>\n<p>\u201dGl\u00f6m inte tandborsten\u201d s\u00e4ndes bara i en s\u00e4song.<\/p>\n<p>Visa mer<\/p>\n<p>TV4 hade precis b\u00f6rjat s\u00e4nda i markn\u00e4tet och var i en extremt expansiv fas. Joakim Geigert fick jobb som programledare f\u00f6r en ny storsatsning \u2013 \u201dGl\u00f6m inte tandborsten\u201d 1994.<\/p>\n<p>Ett sv\u00e5rbeskrivet underh\u00e5llningsprogram i stor studio. I princip vad som helst kunde h\u00e4nda, men allt kulminerade i att n\u00e5gra ur publiken t\u00e4vlade om resor.<\/p>\n<p>\u2013 Det var tv\u00e5 par som t\u00e4vlade och det ena fick \u00e5ka till Miami och det andra till Motala. Eller till Bahamas och Bor\u00e5s, s\u00e4ger Joakim Geigert och skrattar.<\/p>\n<p>\u2013 Och man skulle \u00e5ka direkt efter programmet, det var d\u00e4rf\u00f6r man inte fick gl\u00f6mma tandborsten.<\/p>\n<p>\u201dLite som &#8217;Bingolotto&#8217;\u201d<\/p>\n<p>Men programtiden fylldes ocks\u00e5 med artister och uppt\u00e5g.<\/p>\n<p>\u2013 Pl\u00f6tsligt kunde det snurra fram ett k\u00f6k p\u00e5 scenen och n\u00e5gon i publiken bara \u201dmen det d\u00e4r \u00e4r ju mitt k\u00f6k\u201d. D\u00e5 har de vunnit ett nytt k\u00f6k \u2013 och vi hade redan varit hemma hos dem och monterat det, s\u00e4ger Joakim Geigert.<\/p>\n<p>Som sidekick hade han Kajsa Mellgren, som gjorde sin tv-debut.<\/p>\n<p>\u2013 Det var producenten Bosse Rehnberg som hittade mig och tog mig till TV4. Jag fick testa som v\u00e4derflicka, nyhetsuppl\u00e4sare och programledare. Till slut blev det \u201dGl\u00f6m inte tandborsten\u201d, ber\u00e4ttar hon.<\/p>\n<p>\u2013 Programmet var lite som \u201dBingolotto\u201d, fast en lyxvariant.<\/p>\n<p>\u201dGl\u00f6m inte tandborsten\u201d var komplicerat att producera \u2013 och dyrt.<\/p>\n<p>\u2013 Vi spelade in de tre f\u00f6rsta programmen p\u00e5 Cirkus, men det blev oh\u00e5llbart eftersom allt beh\u00f6vde monteras ned mellan inspelningarna. Vi fick flytta till \u00c4lvsj\u00f6m\u00e4ssan, s\u00e4ger Joakim Geigert.<\/p>\n<p>Kajsa Mellgren ber\u00e4ttar att hon knappt trodde det var sant n\u00e4r hon kom till inspelningarna.<\/p>\n<p>\u2013 Jag var ju en j\u00e4tteung tjej fr\u00e5n Varberg och t\u00e4nkte: Var har jag hamnat? Du vet, jag hade ju privat stylist. Det tyckte man var stort, s\u00e4ger hon.<\/p>\n<p>\u201dJ\u00e4ttetr\u00e5kigt\u201d<\/p>\n<p>Men bakom kulisserna kunde st\u00e4mningen vara h\u00e5rd.<\/p>\n<p>\u2013 Det var en helt annan arbetssituation f\u00f6rr j\u00e4mf\u00f6rt med i dag. En del gick in i v\u00e4ggen, folk kunde bli avskedade mitt under m\u00f6ten n\u00e4r vi gick igenom manus. Och d\u00e4r satt jag och blev uppburen f\u00f6r att jag var programledare. Det blev obekv\u00e4mt i vissa stunder, ber\u00e4ttar Joakim Geigert.<\/p>\n<p>Annons<\/p>\n<p>TV4 beslutade att programmet skulle g\u00e5 p\u00e5 torsdagar \u2013 mot SVT-succ\u00e9n \u201dRederiet\u201d.<\/p>\n<p>\u2013 Bosse Rehnberg var f\u00f6rbannad, det blev ett j\u00e4kla liv. Vi hade f\u00f6rv\u00e4ntat oss fredag kv\u00e4ll, det hade passat programmet b\u00e4ttre. Det kanske hade blivit en forts\u00e4ttning d\u00e5, s\u00e4ger Joakim Geigert.<\/p>\n<p>\u201dGl\u00f6m inte tandborsten\u201d lades ner efter bara en s\u00e4song \u2013 trots miljonpublik. En stor besvikelse f\u00f6r de inblandade.<\/p>\n<p>\u2013 Oh ja, man trodde ju att det d\u00e4r skulle h\u00e5lla p\u00e5 n\u00e5gra \u00e5r och t\u00e4nkte att man hade det kirrat. Det var j\u00e4ttetr\u00e5kigt, s\u00e4ger Kajsa Mellgren.<\/p>\n<p>Hon b\u00f6rjade i st\u00e4llet p\u00e5 ZTV d\u00e4r hon blev en av 90-talets hippaste programledare. Numera jobbar Kajsa Mellgren med casting till tv-program \u2013 senast med Ren\u00e9e Nybergs \u201dVilket liv\u201d \u2013 och som redakt\u00f6r.<\/p>\n<p>\u201dTillbaka i min gamla bransch\u201d<\/p>\n<p>Hon saknar inte att st\u00e5 p\u00e5 andra sidan kameran.<\/p>\n<p>\u2013 Jag tycker inte att man ska gegga ner sig i det d\u00e4r, att h\u00e5lla p\u00e5 och sakna saker. Det hade ju varit f\u00f6r sorgligt om jag hade g\u00e5tt runt och t\u00e4nkt p\u00e5 det sedan 90-talet. Det \u00e4r ett roligt jobb, men jag \u00e4r glad att jag inte \u00e4r programledare i dag \u2013 det \u00e4r s\u00e5 \u00e5lders- och utseendefixerat, s\u00e4ger Kajsa Mellgren, 51.<\/p>\n<p>Joakim Geigert, 61, gick vidare till TV3 d\u00e4r han jobbade med program som \u201dNu eller aldrig\u201d. D\u00e4refter blev det Com Hem och fotbolls- och hockeys\u00e4ndningar.<\/p>\n<p>Sedan tio \u00e5r tillbaka jobbar han f\u00f6r fotbollsklubben BK H\u00e4cken i G\u00f6teborg.<\/p>\n<p>\u2013 Jag \u00e4r tillbaka i min gamla bransch, med f\u00f6rs\u00e4ljning. Jag jobbar bland annat med Gothia Cup, ber\u00e4ttar han.<\/p>\n","protected":false},"excerpt":{"rendered":"\u201dGl\u00f6m inte tandborsten\u201d var en av TV4:s tidiga storsatsningar. Ett galet studioprogram d\u00e4r publiken skickades ut p\u00e5 resor&hellip;\n","protected":false},"author":2,"featured_media":14418,"comment_status":"","ping_status":"","sticky":false,"template":"","format":"standard","meta":{"footnotes":""},"categories":[67],"tags":[104,384,34,31,33,32,30,402,310,105],"class_list":{"0":"post-14417","1":"post","2":"type-post","3":"status-publish","4":"format-standard","5":"has-post-thumbnail","7":"category-underhallning","8":"tag-entertainment","9":"tag-organization-tv4","10":"tag-se","11":"tag-svenska","12":"tag-sverige","13":"tag-sweden","14":"tag-swedish","15":"tag-topic-artister","16":"tag-topic-kandisar","17":"tag-underhallning"},"share_on_mastodon":{"url":"","error":""},"_links":{"self":[{"href":"https:\/\/www.europesays.com\/se\/wp-json\/wp\/v2\/posts\/14417","targetHints":{"allow":["GET"]}}],"collection":[{"href":"https:\/\/www.europesays.com\/se\/wp-json\/wp\/v2\/posts"}],"about":[{"href":"https:\/\/www.europesays.com\/se\/wp-json\/wp\/v2\/types\/post"}],"author":[{"embeddable":true,"href":"https:\/\/www.europesays.com\/se\/wp-json\/wp\/v2\/users\/2"}],"replies":[{"embeddable":true,"href":"https:\/\/www.europesays.com\/se\/wp-json\/wp\/v2\/comments?post=14417"}],"version-history":[{"count":0,"href":"https:\/\/www.europesays.com\/se\/wp-json\/wp\/v2\/posts\/14417\/revisions"}],"wp:featuredmedia":[{"embeddable":true,"href":"https:\/\/www.europesays.com\/se\/wp-json\/wp\/v2\/media\/14418"}],"wp:attachment":[{"href":"https:\/\/www.europesays.com\/se\/wp-json\/wp\/v2\/media?parent=14417"}],"wp:term":[{"taxonomy":"category","embeddable":true,"href":"https:\/\/www.europesays.com\/se\/wp-json\/wp\/v2\/categories?post=14417"},{"taxonomy":"post_tag","embeddable":true,"href":"https:\/\/www.europesays.com\/se\/wp-json\/wp\/v2\/tags?post=14417"}],"curies":[{"name":"wp","href":"https:\/\/api.w.org\/{rel}","templated":true}]}}