{"id":1442,"date":"2025-08-11T01:42:18","date_gmt":"2025-08-11T01:42:18","guid":{"rendered":"https:\/\/www.europesays.com\/se\/1442\/"},"modified":"2025-08-11T01:42:18","modified_gmt":"2025-08-11T01:42:18","slug":"spelarbetyg-aik-djurgardens-if-svenskafans-com","status":"publish","type":"post","link":"https:\/\/www.europesays.com\/se\/1442\/","title":{"rendered":"Spelarbetyg: AIK &#8211; Djurg\u00e5rdens IF &#8211; SvenskaFans.com"},"content":{"rendered":"<ol>\n<li><a href=\"https:\/\/news.google.com\/rss\/articles\/CBMieEFVX3lxTE1fOFpSY2xGUzdHU0lOM2hyaHNkVDZ1MXVqdjNBNk16YXhWTzVRdlEyMjRCM3ZKdnY3b3EtbXRSSzFjd1Nhek5DbkFKYUhOWTZkSW50NHkzWThoRWVHRDU2S2tyWERPUUVwdUpfdnVBZGRMUW8zMWFQTw?oc=5\" target=\"_blank\" rel=\"nofollow noopener\">Spelarbetyg: AIK &#8211; Djurg\u00e5rdens IF<\/a>&nbsp;&nbsp;SvenskaFans.com<\/li>\n<li><a href=\"https:\/\/news.google.com\/rss\/articles\/CBMiqgFBVV95cUxNQ3VjVHd2bWY5RHF6NldqelByUG9wbC05VUlDckJKTkFKaVZ1aG9uT1c0bWJweVVUOHE1aWRfYUdIUGlJS1lLakFiWWRMekxzb1Buc3lFV05kNk5pV0hFYjRXbndJYThXRld0Q2lsOGx1a3RXVXlHV1c0VjhlcERUalBySzEya1NYb0U5ckQ4S0NkdkpZMHZNejNNbFg3V2wxTTFUVTdIZ0VvZw?oc=5\" target=\"_blank\" rel=\"nofollow noopener\">AIK\u2013Djurg\u00e5rden avbr\u00f6ts: \u201dJag spyr p\u00e5 det h\u00e4r\u201d<\/a>&nbsp;&nbsp;Aftonbladet<\/li>\n<li><a href=\"https:\/\/news.google.com\/rss\/articles\/CBMiiAFBVV95cUxPN2dIejBKaFBSajNOR2NpV1FRclo3MDlyMHAxcmtteElvOFk3ZzRnNkJQalF6Wmdmb1hmSm1rajdsZW44NTR0NVQ1SkoyOXV2dk8yamtDRlp4aXJhd1YyODIxWTJUNE90QkdFVzlzdmEyTVhMaHV0bFB3UGE1MnFQSEdkSXRGWWQw?oc=5\" target=\"_blank\" rel=\"nofollow noopener\">Fotboll: M\u00e5ll\u00f6st i derbyt \u2013 efter m\u00e5lvakternas storspel<\/a>&nbsp;&nbsp;SVT Nyheter<\/li>\n<li><a href=\"https:\/\/news.google.com\/rss\/articles\/CBMivAFBVV95cUxQSkNjOUlFdmhpbGFqOVpoVlBGTGF6elRMOTM2dXVJZzBDVGtGU2NBeUxuXzgza2NPT1ZyX3dEdXN5eW5YZlRsVTNQUlVyei15RE9TQ21qdTJNY05ZTTh6bGxVcEJ0QXVGVEs0d3hSODVSdHhPdE55UXF4cUt2Y3FObS1tWEFsU19OTDdOY2U5a3o1MEdmWEhSMHdsX1E3c00tMlFabHRGdUMtcTIzX1Rra0ZWZFRPeFdBbFM5Rw?oc=5\" target=\"_blank\" rel=\"nofollow noopener\">Tv-expertens ilska: \u201dS\u00e4tt ig\u00e5ng den h\u00e4r j\u00e4vla matchen\u201d<\/a>&nbsp;&nbsp;GP<\/li>\n<li><a href=\"https:\/\/news.google.com\/rss\/articles\/CBMihwFBVV95cUxQRDZBbGFKNnl1SDJEN2pVNHR4dUNuV2xGWVBBV25tLTg3Z2RrVVFGSjZ4VEFkalE3OWdqUmJnQzdubjU2aGNHdTc2eDAxcUJHNUlnM0xKNVFqT0NCY050bWFfSkhUN2Z1VkVzT0lsWjV3OFdSOXdjN1BBbEZua1hYVXQ2X2JROUE?oc=5\" target=\"_blank\" rel=\"nofollow noopener\">Oavgjort i tvillingderbyt efter flera avbrott<\/a>&nbsp;&nbsp;V\u00e4sterbottens-Kuriren<\/li>\n<\/ol>\n","protected":false},"excerpt":{"rendered":"Spelarbetyg: AIK &#8211; Djurg\u00e5rdens IF&nbsp;&nbsp;SvenskaFans.com AIK\u2013Djurg\u00e5rden avbr\u00f6ts: \u201dJag spyr p\u00e5 det h\u00e4r\u201d&nbsp;&nbsp;Aftonbladet Fotboll: M\u00e5ll\u00f6st i derbyt \u2013 efter&hellip;\n","protected":false},"author":2,"featured_media":1443,"comment_status":"","ping_status":"","sticky":false,"template":"","format":"standard","meta":{"footnotes":""},"categories":[5],"tags":[159,22,23,158,157,26,27,138,17,156,21,24,25,28,29,165,164,15,16,140,18,34,160,162,111,31,161,33,32,30,163,19,20],"class_list":{"0":"post-1442","1":"post","2":"type-post","3":"status-publish","4":"format-standard","5":"has-post-thumbnail","7":"category-rubriker","8":"tag-allsvenskan","9":"tag-breaking-news","10":"tag-breakingnews","11":"tag-fans","12":"tag-fantv","13":"tag-featured-news","14":"tag-featurednews","15":"tag-fotboll","16":"tag-headlines","17":"tag-hockey","18":"tag-huvudnyheter","19":"tag-latest-news","20":"tag-latestnews","21":"tag-main-news","22":"tag-mainnews","23":"tag-matcher","24":"tag-matchprogram","25":"tag-news","26":"tag-nyheter","27":"tag-premier-league","28":"tag-rubriker","29":"tag-se","30":"tag-serie-a","31":"tag-spelschema","32":"tag-sport","33":"tag-svenska","34":"tag-svenskafans","35":"tag-sverige","36":"tag-sweden","37":"tag-swedish","38":"tag-tabeller","39":"tag-top-stories","40":"tag-topstories"},"share_on_mastodon":{"url":"","error":""},"_links":{"self":[{"href":"https:\/\/www.europesays.com\/se\/wp-json\/wp\/v2\/posts\/1442","targetHints":{"allow":["GET"]}}],"collection":[{"href":"https:\/\/www.europesays.com\/se\/wp-json\/wp\/v2\/posts"}],"about":[{"href":"https:\/\/www.europesays.com\/se\/wp-json\/wp\/v2\/types\/post"}],"author":[{"embeddable":true,"href":"https:\/\/www.europesays.com\/se\/wp-json\/wp\/v2\/users\/2"}],"replies":[{"embeddable":true,"href":"https:\/\/www.europesays.com\/se\/wp-json\/wp\/v2\/comments?post=1442"}],"version-history":[{"count":0,"href":"https:\/\/www.europesays.com\/se\/wp-json\/wp\/v2\/posts\/1442\/revisions"}],"wp:featuredmedia":[{"embeddable":true,"href":"https:\/\/www.europesays.com\/se\/wp-json\/wp\/v2\/media\/1443"}],"wp:attachment":[{"href":"https:\/\/www.europesays.com\/se\/wp-json\/wp\/v2\/media?parent=1442"}],"wp:term":[{"taxonomy":"category","embeddable":true,"href":"https:\/\/www.europesays.com\/se\/wp-json\/wp\/v2\/categories?post=1442"},{"taxonomy":"post_tag","embeddable":true,"href":"https:\/\/www.europesays.com\/se\/wp-json\/wp\/v2\/tags?post=1442"}],"curies":[{"name":"wp","href":"https:\/\/api.w.org\/{rel}","templated":true}]}}