{"id":144814,"date":"2026-01-23T12:59:14","date_gmt":"2026-01-23T12:59:14","guid":{"rendered":"https:\/\/www.europesays.com\/se\/144814\/"},"modified":"2026-01-23T12:59:14","modified_gmt":"2026-01-23T12:59:14","slug":"harry-styles-aperture-popmuzik","status":"publish","type":"post","link":"https:\/\/www.europesays.com\/se\/144814\/","title":{"rendered":"Harry Styles &#8211; Aperture &#8211; Popmuzik"},"content":{"rendered":"<p>Aperture \u00e4r ju bl\u00e4ndaren p\u00e5 en kamera. Den del som sl\u00e4pper in ljuset p\u00e5 filmen eller bildsensorn p\u00e5 en digital kamera. Det \u00e4r ocks\u00e5 titeln p\u00e5 <strong>Harry Styles<\/strong> f\u00f6rsta smakprov fr\u00e5n hans kommande album <strong>Kiss All the Time. Disco, Occasionally<\/strong>, som m\u00e5ste ses som en av de mer lysande albumtitlarna i min bok. <\/p>\n<p><a href=\"https:\/\/music.apple.com\/profile\/popmuzik_se\" rel=\"nofollow noopener\" target=\"_blank\"><img decoding=\"async\" src=\"https:\/\/www.europesays.com\/se\/wp-content\/uploads\/2025\/11\/Banner-Apple-Music-2024.png\" alt=\"Apple Music\" class=\"lazyload\" style=\"--smush-placeholder-width: 1900px; --smush-placeholder-aspect-ratio: 1900\/1100;\"\/><\/a><\/p>\n<p>Den nya l\u00e5ten \u00e4r skriven av Harry tillsammans med l\u00e5tens producenter <strong>Kid Harpoon<\/strong> och <strong>Tom Owen-Savage<\/strong>. H\u00e4r f\u00e5r vi en dr\u00f6mmig elektropopl\u00e5t. Det \u00e4r mjuka synthar och beats som mixas med behagliga tranceelement. Lite som en l\u00e5t att l\u00e5ta sig f\u00f6rsvinna in i sig sj\u00e4lv p\u00e5 dansgolvet eller bara ha som bakgrund n\u00e4r man reser. F\u00f6r h\u00e4r bjuds vi p\u00e5 en l\u00e5t som \u00e4r \u00f6ver fem minuter l\u00e5ng och med det lite ger ett l\u00e5ngfinger till b\u00e5de radio och Spotifys algoritmer. <\/p>\n<p>Jag personligen uppskattade k\u00e4nslan i l\u00e5ten och hur den byggs upp fr\u00e5n det mer avskalade och hur arrangemanget l\u00e4gger p\u00e5 lager efter lager av melodislingor och intensitet. <\/p>\n<p>Vad tycker du om Harrys f\u00f6rsta smakprov fr\u00e5n sitt album? <\/p>\n","protected":false},"excerpt":{"rendered":"Aperture \u00e4r ju bl\u00e4ndaren p\u00e5 en kamera. Den del som sl\u00e4pper in ljuset p\u00e5 filmen eller bildsensorn p\u00e5&hellip;\n","protected":false},"author":2,"featured_media":144815,"comment_status":"","ping_status":"","sticky":false,"template":"","format":"standard","meta":{"footnotes":""},"categories":[67],"tags":[104,34,31,33,32,30,105],"class_list":{"0":"post-144814","1":"post","2":"type-post","3":"status-publish","4":"format-standard","5":"has-post-thumbnail","7":"category-underhallning","8":"tag-entertainment","9":"tag-se","10":"tag-svenska","11":"tag-sverige","12":"tag-sweden","13":"tag-swedish","14":"tag-underhallning"},"share_on_mastodon":{"url":"https:\/\/pubeurope.com\/@se\/115944538970551634","error":""},"_links":{"self":[{"href":"https:\/\/www.europesays.com\/se\/wp-json\/wp\/v2\/posts\/144814","targetHints":{"allow":["GET"]}}],"collection":[{"href":"https:\/\/www.europesays.com\/se\/wp-json\/wp\/v2\/posts"}],"about":[{"href":"https:\/\/www.europesays.com\/se\/wp-json\/wp\/v2\/types\/post"}],"author":[{"embeddable":true,"href":"https:\/\/www.europesays.com\/se\/wp-json\/wp\/v2\/users\/2"}],"replies":[{"embeddable":true,"href":"https:\/\/www.europesays.com\/se\/wp-json\/wp\/v2\/comments?post=144814"}],"version-history":[{"count":0,"href":"https:\/\/www.europesays.com\/se\/wp-json\/wp\/v2\/posts\/144814\/revisions"}],"wp:featuredmedia":[{"embeddable":true,"href":"https:\/\/www.europesays.com\/se\/wp-json\/wp\/v2\/media\/144815"}],"wp:attachment":[{"href":"https:\/\/www.europesays.com\/se\/wp-json\/wp\/v2\/media?parent=144814"}],"wp:term":[{"taxonomy":"category","embeddable":true,"href":"https:\/\/www.europesays.com\/se\/wp-json\/wp\/v2\/categories?post=144814"},{"taxonomy":"post_tag","embeddable":true,"href":"https:\/\/www.europesays.com\/se\/wp-json\/wp\/v2\/tags?post=144814"}],"curies":[{"name":"wp","href":"https:\/\/api.w.org\/{rel}","templated":true}]}}