{"id":14492,"date":"2025-08-27T00:14:17","date_gmt":"2025-08-27T00:14:17","guid":{"rendered":"https:\/\/www.europesays.com\/se\/14492\/"},"modified":"2025-08-27T00:14:17","modified_gmt":"2025-08-27T00:14:17","slug":"trump-har-ett-svagt-underlag-mot-cook","status":"publish","type":"post","link":"https:\/\/www.europesays.com\/se\/14492\/","title":{"rendered":"Trump har ett svagt underlag mot Cook"},"content":{"rendered":"<p>Flera bed\u00f6mare sl\u00e5r fast att Donald Trump kan sparka den ifr\u00e5gasatta Fed-guvern\u00f6ren Lisa Cook om det finns \u201dsk\u00e4l\u201d, skriver internationella medier. Men fr\u00e5gan \u00e4r om han har bel\u00e4gg f\u00f6r detta.<\/p>\n<p>Reuters skriver att en liknande fr\u00e5ga aldrig har pr\u00f6vats av en president. Peter Conti-Brown, forskare i Feds historia vid University of Pennsylvania, p\u00e5pekar att bol\u00e5neaff\u00e4rerna som Cook v\u00e4ntas utredas f\u00f6r \u00e4gde rum innan hon ansl\u00f6t till Fed. Dessutom fanns de i offentliga register n\u00e4r hon granskades och bekr\u00e4ftades av senaten.<\/p>\n<p>\u2013 Att i efterhand vrida tillbaka klockan och h\u00e4vda att tidigare h\u00e4ndelser nu skulle vara grund f\u00f6r avs\u00e4ttning strider, enligt mig, mot hela id\u00e9n med en avs\u00e4ttning p\u00e5 sakliga grunder, s\u00e4ger han.<\/p>\n<p>JP\u202fMorgan p\u00e5pekar att Cooks avs\u00e4ttning l\u00e4r bli en l\u00e5ng juridisk process och att hon troligen f\u00e5r sitta kvar under tiden, skriver CNBC.<\/p>\n<p>Omni \u00e4r politiskt obundna och oberoende. Vi str\u00e4var efter att ge fler perspektiv p\u00e5 nyheterna. Har du fr\u00e5gor eller synpunkter kring v\u00e5r rapportering? <a href=\"https:\/\/omni.se\/experter-trump-har-ett-svagt-underlag-mot-cook\/a\/mailto:redaktion@omni.se\" class=\"ArticleActions_contactLink__W2F1M\" rel=\"nofollow noopener\" target=\"_blank\">Kontakta redaktionen<\/a><\/p>\n","protected":false},"excerpt":{"rendered":"Flera bed\u00f6mare sl\u00e5r fast att Donald Trump kan sparka den ifr\u00e5gasatta Fed-guvern\u00f6ren Lisa Cook om det finns \u201dsk\u00e4l\u201d,&hellip;\n","protected":false},"author":2,"featured_media":14493,"comment_status":"","ping_status":"","sticky":false,"template":"","format":"standard","meta":{"footnotes":""},"categories":[5],"tags":[387,22,23,318,385,26,27,1725,17,21,24,25,28,29,324,15,268,16,1827,18,34,31,33,32,30,19,20,74],"class_list":{"0":"post-14492","1":"post","2":"type-post","3":"status-publish","4":"format-standard","5":"has-post-thumbnail","7":"category-rubriker","8":"tag-amerikansk-politik","9":"tag-breaking-news","10":"tag-breakingnews","11":"tag-centralbanker","12":"tag-donald-trump","13":"tag-featured-news","14":"tag-featurednews","15":"tag-federal-reserve","16":"tag-headlines","17":"tag-huvudnyheter","18":"tag-latest-news","19":"tag-latestnews","20":"tag-main-news","21":"tag-mainnews","22":"tag-makroekonomi","23":"tag-news","24":"tag-nordamerika","25":"tag-nyheter","26":"tag-presidentvalet-i-usa","27":"tag-rubriker","28":"tag-se","29":"tag-svenska","30":"tag-sverige","31":"tag-sweden","32":"tag-swedish","33":"tag-top-stories","34":"tag-topstories","35":"tag-usa"},"share_on_mastodon":{"url":"","error":""},"_links":{"self":[{"href":"https:\/\/www.europesays.com\/se\/wp-json\/wp\/v2\/posts\/14492","targetHints":{"allow":["GET"]}}],"collection":[{"href":"https:\/\/www.europesays.com\/se\/wp-json\/wp\/v2\/posts"}],"about":[{"href":"https:\/\/www.europesays.com\/se\/wp-json\/wp\/v2\/types\/post"}],"author":[{"embeddable":true,"href":"https:\/\/www.europesays.com\/se\/wp-json\/wp\/v2\/users\/2"}],"replies":[{"embeddable":true,"href":"https:\/\/www.europesays.com\/se\/wp-json\/wp\/v2\/comments?post=14492"}],"version-history":[{"count":0,"href":"https:\/\/www.europesays.com\/se\/wp-json\/wp\/v2\/posts\/14492\/revisions"}],"wp:featuredmedia":[{"embeddable":true,"href":"https:\/\/www.europesays.com\/se\/wp-json\/wp\/v2\/media\/14493"}],"wp:attachment":[{"href":"https:\/\/www.europesays.com\/se\/wp-json\/wp\/v2\/media?parent=14492"}],"wp:term":[{"taxonomy":"category","embeddable":true,"href":"https:\/\/www.europesays.com\/se\/wp-json\/wp\/v2\/categories?post=14492"},{"taxonomy":"post_tag","embeddable":true,"href":"https:\/\/www.europesays.com\/se\/wp-json\/wp\/v2\/tags?post=14492"}],"curies":[{"name":"wp","href":"https:\/\/api.w.org\/{rel}","templated":true}]}}