{"id":145038,"date":"2026-01-23T17:33:10","date_gmt":"2026-01-23T17:33:10","guid":{"rendered":"https:\/\/www.europesays.com\/se\/145038\/"},"modified":"2026-01-23T17:33:10","modified_gmt":"2026-01-23T17:33:10","slug":"chris-pratt-om-nya-sci-fi-thrillern-vi-filmade-40-minuter-langa-tagningar","status":"publish","type":"post","link":"https:\/\/www.europesays.com\/se\/145038\/","title":{"rendered":"Chris Pratt om nya sci-fi-thrillern: \u201dVi filmade 40 minuter l\u00e5nga tagningar\u201d"},"content":{"rendered":"<p><strong>Chris Pratt <\/strong>\u00e4r van vid sci-fi efter filmer som \u201dJurassic World\u201d och \u201dGuardians of the Galaxy\u201d. Men bioaktuella <a href=\"https:\/\/www.moviezine.se\/movies\/mercy-2025\" rel=\"nofollow noopener\" target=\"_blank\">\u201dMercy\u201d<\/a> kom med en helt annan utmaning. Han \u00e4r fastsp\u00e4nd vid en stol under st\u00f6rsta delen av filmens speltid, och kan allts\u00e5 inte anv\u00e4nda kroppen.<\/p>\n<p>\u2013 Det var en teknisk utmaning. Vi jobbade med l\u00e5nga tagningar. Det k\u00e4ndes som en teaterpj\u00e4s. En riktig utmaning f\u00f6r mig. Jag \u00e4r en fysisk person. Vare sig det handlar om komedi eller action s\u00e5 anv\u00e4nder jag hela kroppen, jag gestikulerar med mina h\u00e4nder\u2026 Att vara fastsp\u00e4nd i en stol var verkligen en utmaning f\u00f6r mig, ber\u00e4ttar Pratt f\u00f6r MovieZine.se.<\/p>\n<p><img loading=\"lazy\" height=\"342\" width=\"648\" class=\"wp-image-712000 sp-no-webp perfmatters-lazy\" alt=\"\" decoding=\"async\" src=\"https:\/\/www.europesays.com\/se\/wp-content\/uploads\/2026\/01\/rebecca-ferguson-mercy-1-648x342.jpg\"  data-\/> Hans \u00f6de vilar i hennes h\u00e4nder.<\/p>\n<p>\u201dMercy\u201d utspelar sig i en n\u00e4ra framtid d\u00e5 AI f\u00e5r l\u00f6sa och d\u00f6ma de sv\u00e5raste brottsfallen. Pratt spelar en mordutredare som sj\u00e4lv blir f\u00e4ngslad f\u00f6r mord. Skyldig eller ej? Domare Maddox (<strong>Rebecca Ferguson<\/strong> <a href=\"https:\/\/www.moviezine.se\/nyheter\/rebecca-ferguson-om-att-spela-en-ai-karaktar-hon-ar-oforutsagbar\" rel=\"nofollow noopener\" target=\"_blank\">som AI-karakt\u00e4r<\/a>) har redan best\u00e4mt sig. Ska han \u00f6vertyga henne om motsatsen m\u00e5ste han sj\u00e4lv hitta g\u00e4rningsmannen via datorsk\u00e4rmar, \u00f6vervakningskameror, sms och andra hj\u00e4lpmedel.<\/p>\n<p>Filmen utspelar sig i realtid och n\u00e4stan i en enda milj\u00f6 \u2013 jag s\u00e4ger n\u00e4stan, f\u00f6r vi f\u00e5r m\u00e5nga tillbakablickar via videoklipp som l\u00e4ggs fram som bevis i hans mordutredning.<\/p>\n<p>\u2013 Vi jobbade med 40 minuter l\u00e5nga tagningar, s\u00e4ger Pratt.<\/p>\n<p>\u2013 Men det h\u00e4ftiga var att karakt\u00e4ren sitter fast i en stol och han matas med massor av information. Tiotusentals videos, sk\u00e4rmar, e-mail och sms som h\u00e4mtas fr\u00e5n molnet och flyger emot mig. Det blir h\u00e4ftigt n\u00e4r man ser filmen i 3D och allt det d\u00e4r flyger f\u00f6rbi. D\u00e5 \u00e4r det som att man sj\u00e4lv sitter i stolen och \u00e4r med mig p\u00e5 den h\u00e4r resan i 90 minuter, och vi sl\u00e5ss f\u00f6r v\u00e5ra liv ihop. Det g\u00f6r filmen s\u00e5 sp\u00e4nnande.<\/p>\n<p>\u201dMercy\u201d g\u00e5r upp p\u00e5 svenska biodukar idag, 23 januari. Tyv\u00e4rr inte i 3D.<\/p>\n<p><img loading=\"lazy\" decoding=\"async\" alt=\"YouTube video\" width=\"480\" height=\"360\" data-pin-nopin=\"true\" nopin=\"nopin\" class=\"perfmatters-lazy\" src=\"https:\/\/www.europesays.com\/se\/wp-content\/uploads\/2026\/01\/1769189590_115_hqdefault.jpg\"\/><\/p>\n<p>L\u00e4s ocks\u00e5: <a href=\"https:\/\/www.moviezine.se\/nyheter\/stalenhag-filmen-the-electric-state-nominerad-till-3-razzies\" title=\"St\u00e5lenhag-filmen \u201dThe Electric State\u201d nominerad till 3 Razzies\" class=\"underline-custom !font-montserrat !font-bold !underline-offset-4 !decoration-4 !decoration-moviezine-green !text-md\" rel=\"nofollow noopener\" target=\"_blank\">St\u00e5lenhag-filmen \u201dThe Electric State\u201d nominerad till 3 Razzies<\/a><\/p>\n<p>L\u00e4s ocks\u00e5: <a href=\"https:\/\/www.moviezine.se\/nyheter\/efter-tre-ars-tystnade-brutal-fantasyfilm-med-rebecca-ferguson-laggs-ner\" title=\"Efter tre \u00e5rs tystnad \u2013 brutal fantasyfilm med Rebecca Ferguson l\u00e4ggs ner\" class=\"underline-custom !font-montserrat !font-bold !underline-offset-4 !decoration-4 !decoration-moviezine-green !text-md\" rel=\"nofollow noopener\" target=\"_blank\">Efter tre \u00e5rs tystnad \u2013 brutal fantasyfilm med Rebecca Ferguson l\u00e4ggs ner<\/a><\/p>\n","protected":false},"excerpt":{"rendered":"Chris Pratt \u00e4r van vid sci-fi efter filmer som \u201dJurassic World\u201d och \u201dGuardians of the Galaxy\u201d. Men bioaktuella&hellip;\n","protected":false},"author":2,"featured_media":145039,"comment_status":"","ping_status":"","sticky":false,"template":"","format":"standard","meta":{"footnotes":"","_share_on_mastodon":"0"},"categories":[67],"tags":[2113,104,2293,34,31,33,32,30,105],"class_list":["post-145038","post","type-post","status-publish","format-standard","has-post-thumbnail","category-underhallning","tag-bioaktuellt","tag-entertainment","tag-intervjuer","tag-se","tag-svenska","tag-sverige","tag-sweden","tag-swedish","tag-underhallning"],"share_on_mastodon":{"url":"https:\/\/pubeurope.com\/@se\/115945616368207387","error":""},"_links":{"self":[{"href":"https:\/\/www.europesays.com\/se\/wp-json\/wp\/v2\/posts\/145038","targetHints":{"allow":["GET"]}}],"collection":[{"href":"https:\/\/www.europesays.com\/se\/wp-json\/wp\/v2\/posts"}],"about":[{"href":"https:\/\/www.europesays.com\/se\/wp-json\/wp\/v2\/types\/post"}],"author":[{"embeddable":true,"href":"https:\/\/www.europesays.com\/se\/wp-json\/wp\/v2\/users\/2"}],"replies":[{"embeddable":true,"href":"https:\/\/www.europesays.com\/se\/wp-json\/wp\/v2\/comments?post=145038"}],"version-history":[{"count":0,"href":"https:\/\/www.europesays.com\/se\/wp-json\/wp\/v2\/posts\/145038\/revisions"}],"wp:featuredmedia":[{"embeddable":true,"href":"https:\/\/www.europesays.com\/se\/wp-json\/wp\/v2\/media\/145039"}],"wp:attachment":[{"href":"https:\/\/www.europesays.com\/se\/wp-json\/wp\/v2\/media?parent=145038"}],"wp:term":[{"taxonomy":"category","embeddable":true,"href":"https:\/\/www.europesays.com\/se\/wp-json\/wp\/v2\/categories?post=145038"},{"taxonomy":"post_tag","embeddable":true,"href":"https:\/\/www.europesays.com\/se\/wp-json\/wp\/v2\/tags?post=145038"}],"curies":[{"name":"wp","href":"https:\/\/api.w.org\/{rel}","templated":true}]}}