{"id":14571,"date":"2025-08-27T04:33:23","date_gmt":"2025-08-27T04:33:23","guid":{"rendered":"https:\/\/www.europesays.com\/se\/14571\/"},"modified":"2025-08-27T04:33:23","modified_gmt":"2025-08-27T04:33:23","slug":"mia-17-madde-daligtpa-musikfestival-dog","status":"publish","type":"post","link":"https:\/\/www.europesays.com\/se\/14571\/","title":{"rendered":"Mia, 17, m\u00e5dde d\u00e5ligt\np\u00e5 musikfestival \u2013 dog"},"content":{"rendered":"<p>Publicerad 27 aug 2025 kl 00.05<\/p>\n<p>Mia Keevan b\u00f6rjade m\u00e5 d\u00e5ligt p\u00e5 musikfestivalen.<\/p>\n<p>Senare dog 17-\u00e5ringen p\u00e5 sjukhuset, skriver <a href=\"https:\/\/www.irishtimes.com\/ireland\/2025\/08\/26\/teenage-girl-who-died-after-falling-ill-at-belfast-dance-festival-is-named\/\" rel=\"nofollow noopener\" target=\"_blank\">The Irish Times<\/a>.<\/p>\n<p>\u201dHennes skratt och v\u00e4rme kommer aldrig att gl\u00f6mmas\u201d, skriver Mias v\u00e4n Sarah Roche.<\/p>\n<p>Senaste nyhetsklippen fr\u00e5n Expressen.<img   alt=\"\"\/><\/p>\n<p>Mia Keevan.<\/p>\n<p>Foto: Facebook<\/p>\n<p>\u00d6ppna bild i helsk\u00e4rm<\/p>\n<p>17-\u00e5riga Mia Keevan gick p\u00e5 en musikfestival i staden Belfast i <a href=\"https:\/\/www.expressen.se\/tagg\/location\/nordirland\/\" class=\"\" rel=\"nofollow noopener\" target=\"_blank\">Nordirland<\/a> i helgen. Men n\u00e4r hon b\u00f6rjade m\u00e5 d\u00e5ligt f\u00f6rdes hon till akuten.<\/p>\n<p>Mias tillst\u00e5nd f\u00f6rv\u00e4rrades och hennes liv kunde inte r\u00e4ddas. 17-\u00e5ringen dog p\u00e5 sjukhuset under s\u00f6ndagen.<\/p>\n<p>\u2013 Under evenemanget rapporterades det att en 17-\u00e5rig flicka hade insjuknat. Tyv\u00e4rr avled hon senare p\u00e5 sjukhus, s\u00e4ger Allister Hagan vid polisen.<\/p>\n<p>\u201dTragisk och pl\u00f6tslig d\u00f6d\u201d<\/p>\n<p>D\u00f6dsorsaken \u00e4r inte k\u00e4nd.<\/p>\n<p>\u2013 En utredning f\u00f6r att fastst\u00e4lla omst\u00e4ndigheterna kring denna unga persons tragiska och pl\u00f6tsliga d\u00f6d p\u00e5g\u00e5r. V\u00e5ra tankar g\u00e5r till den avlidnas familj och v\u00e4nner, s\u00e4ger Allister Hagan.<\/p>\n<p>V\u00e4nnen Sarah Roche beskrev Mia som en \u201dlysande, rolig och mycket \u00e4lskad flicka som ber\u00f6rde hj\u00e4rtat hos alla som k\u00e4nde henne\u201d.<\/p>\n<p>\u201dHennes skratt och v\u00e4rme kommer aldrig att gl\u00f6mmas av dem som hade turen att f\u00e5 l\u00e4ra k\u00e4nna henne\u201d, skriver Sarah Roche.<\/p>\n","protected":false},"excerpt":{"rendered":"Publicerad 27 aug 2025 kl 00.05 Mia Keevan b\u00f6rjade m\u00e5 d\u00e5ligt p\u00e5 musikfestivalen. Senare dog 17-\u00e5ringen p\u00e5 sjukhuset,&hellip;\n","protected":false},"author":2,"featured_media":14572,"comment_status":"","ping_status":"","sticky":false,"template":"","format":"standard","meta":{"footnotes":""},"categories":[14],"tags":[22,23,26,27,17,21,24,25,1904,28,29,15,16,18,34,55,31,33,32,30,19,427,20,51,52,53,54],"class_list":{"0":"post-14571","1":"post","2":"type-post","3":"status-publish","4":"format-standard","5":"has-post-thumbnail","7":"category-varlden","8":"tag-breaking-news","9":"tag-breakingnews","10":"tag-featured-news","11":"tag-featurednews","12":"tag-headlines","13":"tag-huvudnyheter","14":"tag-latest-news","15":"tag-latestnews","16":"tag-location-nordirland","17":"tag-main-news","18":"tag-mainnews","19":"tag-news","20":"tag-nyheter","21":"tag-rubriker","22":"tag-se","23":"tag-sections-varlden","24":"tag-svenska","25":"tag-sverige","26":"tag-sweden","27":"tag-swedish","28":"tag-top-stories","29":"tag-topic-dodsfall","30":"tag-topstories","31":"tag-varlden","32":"tag-world","33":"tag-world-news","34":"tag-worldnews"},"share_on_mastodon":{"url":"","error":""},"_links":{"self":[{"href":"https:\/\/www.europesays.com\/se\/wp-json\/wp\/v2\/posts\/14571","targetHints":{"allow":["GET"]}}],"collection":[{"href":"https:\/\/www.europesays.com\/se\/wp-json\/wp\/v2\/posts"}],"about":[{"href":"https:\/\/www.europesays.com\/se\/wp-json\/wp\/v2\/types\/post"}],"author":[{"embeddable":true,"href":"https:\/\/www.europesays.com\/se\/wp-json\/wp\/v2\/users\/2"}],"replies":[{"embeddable":true,"href":"https:\/\/www.europesays.com\/se\/wp-json\/wp\/v2\/comments?post=14571"}],"version-history":[{"count":0,"href":"https:\/\/www.europesays.com\/se\/wp-json\/wp\/v2\/posts\/14571\/revisions"}],"wp:featuredmedia":[{"embeddable":true,"href":"https:\/\/www.europesays.com\/se\/wp-json\/wp\/v2\/media\/14572"}],"wp:attachment":[{"href":"https:\/\/www.europesays.com\/se\/wp-json\/wp\/v2\/media?parent=14571"}],"wp:term":[{"taxonomy":"category","embeddable":true,"href":"https:\/\/www.europesays.com\/se\/wp-json\/wp\/v2\/categories?post=14571"},{"taxonomy":"post_tag","embeddable":true,"href":"https:\/\/www.europesays.com\/se\/wp-json\/wp\/v2\/tags?post=14571"}],"curies":[{"name":"wp","href":"https:\/\/api.w.org\/{rel}","templated":true}]}}