{"id":145822,"date":"2026-01-24T17:46:07","date_gmt":"2026-01-24T17:46:07","guid":{"rendered":"https:\/\/www.europesays.com\/se\/145822\/"},"modified":"2026-01-24T17:46:07","modified_gmt":"2026-01-24T17:46:07","slug":"noteringar-fran-forsta-traningsmatchen-orgryte-is-ljungskile-3-3","status":"publish","type":"post","link":"https:\/\/www.europesays.com\/se\/145822\/","title":{"rendered":"Noteringar fr\u00e5n f\u00f6rsta tr\u00e4ningsmatchen. \u00d6rgryte IS &#8211; Ljungskile 3-3"},"content":{"rendered":"<p>Matchen mot Ljungskile slutade 3-3 efter att \u00d6IS tappat sin ledning i andra halvlek. Men precis som ingressen redan ber\u00e4ttat s\u00e5 \u00e4r inte resultatet det viktigaste. D\u00e4rf\u00f6r kommer ingen klassisk matchrapport utan jag har valt att plocka ut utropstecken och fr\u00e5getecken fr\u00e5n \u00d6IS f\u00f6rsta tr\u00e4ningsmatch. <\/p>\n<p><strong>! &#8211; Tobias Sana <\/strong><\/p>\n<p>Det syns p\u00e5 l\u00e5ng v\u00e4g att Sana tycker det \u00e4r roligt att spela fotboll. Han hade energi, gjorde m\u00e5l och s\u00e5g hungrig ut. \u00d6IS hade, i f\u00f6rsta halvlek flera fina anfall l\u00e4ngs v\u00e4nsterkanten. Sana, Andreasson och Parker visade upp ett fint kombinationsspel och kom flera g\u00e5nger fram som i en linje l\u00e4ngs v\u00e4nsterkanten. Det k\u00e4nns sk\u00f6nt att Sana visar att han har spelgl\u00e4dje och verkligen vill det h\u00e4r. <\/p>\n<p><strong>! &#8211; Michael Parker <\/strong><\/p>\n<p>Det var nog inte bara jag som t\u00e4nkte \u201dHonom ska vi ha!\u201d likt Ferdinandsagan p\u00e5 julafton. Redan efter 40 sekunder hittade han fram till Andreasson. Parker visade upp finess, snabbhet och hade en f\u00f6rm\u00e5ga att ta sig fram l\u00e4ngs v\u00e4nsterkanten. Att en 1,93 cm l\u00e5ng fotbollspelare kan flyta fram p\u00e5 det s\u00e4ttet \u00e4r fint att se. Det \u00e4r bara att hoppas att Parker blir en r\u00f6dbl\u00e5 spelare, f\u00f6r vi kommer att beh\u00f6va honom. <\/p>\n<p><strong>! &#8211; Marlon Ebietomere <\/strong><\/p>\n<p>M\u00e5lskytt i 35:e minuten efter framspelning av Noah. Hade ett par fina aktioner och s\u00e5g v\u00e4ldigt sp\u00e4nnande ut. Marlon blir v\u00e4ldigt sp\u00e4nnande att f\u00f6lja. Ni har v\u00e4l koll p\u00e5 Marlons \u00e5lder? Om inte, han \u00e4r <strong>16 \u00e5r! <\/strong>Att han sitter p\u00e5 ett 3-\u00e5rigt kontrakt g\u00f6r att vi kan sova gott om n\u00e4tterna. <\/p>\n<p><strong>? &#8211; \u00c4r Parker en mittback, en wing-back eller b\u00e5da tv\u00e5? <\/strong><\/p>\n<p>Ja, den fr\u00e5gan \u00e4r vi nog m\u00e5nga som klurar p\u00e5. Han \u00e4r visserligen l\u00e5ng men det hade onekligen varit intressant att se honom p\u00e5 Andreassons position. Parker var p\u00e5 offensiv planhalva fler g\u00e5nger \u00e4n Azulay varit under hela 2025. Under Parkers 45 minuter sattes inte heller defensiven riktigt p\u00e5 prov. I Allsvenskan l\u00e4r det bli en helt annan matchbild. S\u00e5 hur \u00e4r han defensivt? Hur \u00e4r han som huvudspelare? Oavsett vad s\u00e5 hoppas jag att han blir \u00d6ISare permanent. Men om jag fick best\u00e4mma helt skulle han nog ha f\u00e5tt spela wing-back i f\u00f6rsta hand. <\/p>\n<p><strong>? &#8211; Defensiven i andra halvlek <\/strong><\/p>\n<p>M\u00e5let i f\u00f6rsta halvlek var en lyckotr\u00e4ff. S\u00e5nt h\u00e4nder. Men i andra halvlek s\u00e5g det svajigt ut i f\u00f6rsvaret. Trots att b\u00e5de Styffe och Azulay var p\u00e5 planen, tv\u00e5 spelare som kommer att sl\u00e5ss om en startplats i elvan. Styffe gick f\u00f6rvisso ut tidigt, men defensiven i andra halvlek l\u00e4mnade oss \u00e4nd\u00e5 med en hel del fr\u00e5gor. Vad g\u00f6r vi om Dyrestam g\u00e5r s\u00f6nder? <\/p>\n<p><strong>? &#8211; William Kenndal <\/strong><\/p>\n<p>Kenndal gjorde ingen d\u00e5lig match, men f\u00f6r mig \u00e4r han \u00e4nd\u00e5 ett fr\u00e5getecken. Vilken roll ska han ha? Kommer han att vara kvar? Beh\u00f6ver vi honom? Han fick knappt speltid i Superettan. \u00c4r han d\u00e5 en spelare som ska finnas som back-up i Allsvenskan? <\/p>\n<p><strong>? &#8211; Var det inte kallt f\u00f6r Hampus Gustafsson <\/strong><\/p>\n<p>Jag kunde inte l\u00e5ta bli att t\u00e4nka lite p\u00e5 v\u00e5r m\u00e5lvakt i f\u00f6rsta halvlek. Jag kan ha r\u00e4knat fel, men jag tror han r\u00f6rde bollen tre g\u00e5nger under spelets g\u00e5ng. D\u00e5 r\u00e4knar jag inte med n\u00e4r han fick h\u00e4mta ut bollen ur m\u00e5let vid det insl\u00e4ppta m\u00e5let, ett m\u00e5l han inte kunde g\u00f6ra n\u00e5got \u00e5t. Det m\u00e5ste ha varit lite kallt f\u00f6r Hampus idag? <\/p>\n<p><strong>Du har v\u00e4l inte missat sista delen av Bobs ber\u00e4ttelser? <\/strong><\/p>\n<p><a target=\"_self\" href=\"https:\/\/www.svenskafans.com\/fotboll\/del-3-sagan-om-sven-rydell-690471\" rel=\"nofollow noopener\">https:\/\/www.svenskafans.com\/fotboll\/del-3-sagan-om-sven-rydell-690471 <\/a><\/p>\n","protected":false},"excerpt":{"rendered":"Matchen mot Ljungskile slutade 3-3 efter att \u00d6IS tappat sin ledning i andra halvlek. Men precis som ingressen&hellip;\n","protected":false},"author":2,"featured_media":145823,"comment_status":"","ping_status":"","sticky":false,"template":"","format":"standard","meta":{"footnotes":""},"categories":[68],"tags":[159,158,157,138,156,165,164,140,34,160,162,111,110,31,161,33,32,30,163],"class_list":{"0":"post-145822","1":"post","2":"type-post","3":"status-publish","4":"format-standard","5":"has-post-thumbnail","7":"category-sport","8":"tag-allsvenskan","9":"tag-fans","10":"tag-fantv","11":"tag-fotboll","12":"tag-hockey","13":"tag-matcher","14":"tag-matchprogram","15":"tag-premier-league","16":"tag-se","17":"tag-serie-a","18":"tag-spelschema","19":"tag-sport","20":"tag-sports","21":"tag-svenska","22":"tag-svenskafans","23":"tag-sverige","24":"tag-sweden","25":"tag-swedish","26":"tag-tabeller"},"share_on_mastodon":{"url":"https:\/\/pubeurope.com\/@se\/115951329824243113","error":""},"_links":{"self":[{"href":"https:\/\/www.europesays.com\/se\/wp-json\/wp\/v2\/posts\/145822","targetHints":{"allow":["GET"]}}],"collection":[{"href":"https:\/\/www.europesays.com\/se\/wp-json\/wp\/v2\/posts"}],"about":[{"href":"https:\/\/www.europesays.com\/se\/wp-json\/wp\/v2\/types\/post"}],"author":[{"embeddable":true,"href":"https:\/\/www.europesays.com\/se\/wp-json\/wp\/v2\/users\/2"}],"replies":[{"embeddable":true,"href":"https:\/\/www.europesays.com\/se\/wp-json\/wp\/v2\/comments?post=145822"}],"version-history":[{"count":0,"href":"https:\/\/www.europesays.com\/se\/wp-json\/wp\/v2\/posts\/145822\/revisions"}],"wp:featuredmedia":[{"embeddable":true,"href":"https:\/\/www.europesays.com\/se\/wp-json\/wp\/v2\/media\/145823"}],"wp:attachment":[{"href":"https:\/\/www.europesays.com\/se\/wp-json\/wp\/v2\/media?parent=145822"}],"wp:term":[{"taxonomy":"category","embeddable":true,"href":"https:\/\/www.europesays.com\/se\/wp-json\/wp\/v2\/categories?post=145822"},{"taxonomy":"post_tag","embeddable":true,"href":"https:\/\/www.europesays.com\/se\/wp-json\/wp\/v2\/tags?post=145822"}],"curies":[{"name":"wp","href":"https:\/\/api.w.org\/{rel}","templated":true}]}}