{"id":146079,"date":"2026-01-25T05:39:07","date_gmt":"2026-01-25T05:39:07","guid":{"rendered":"https:\/\/www.europesays.com\/se\/146079\/"},"modified":"2026-01-25T05:39:07","modified_gmt":"2026-01-25T05:39:07","slug":"matchintervjuer-magnus-hellberg-linus-klasen-och-robert-kimby","status":"publish","type":"post","link":"https:\/\/www.europesays.com\/se\/146079\/","title":{"rendered":"Matchintervjuer: Magnus Hellberg, Linus Klasen och Robert Kimby"},"content":{"rendered":"<p><strong>Intervju med Magnus Hellberg <\/strong><\/p>\n<p class=\"MsoNormal\"><strong>Magnus, hur k\u00e4nns det f\u00f6r dig under en s\u00e5n h\u00e4r match d\u00e4r du f\u00e5r r\u00e4dda ditt lag g\u00e5ng p\u00e5 g\u00e5ng? <\/strong><\/p>\n<p class=\"MsoNormal\"><strong>Magnus <\/strong>: Njao det vet jag inte om jag f\u00e5r g\u00f6ra. Det var en v\u00e4ldigt tight och kul match att spela. Vi g\u00f6r en betydligt b\u00e4ttre match \u00e4n vad vi har gjort om man tittar tillbaka p\u00e5 de senaste omg\u00e5ngarna. Jag \u00e4r \u00e4nd\u00e5 n\u00f6jd med hur vi presterar. Det \u00e4r klart att det tar emot n\u00e4r man f\u00f6rlorar med 1-0. Det svider. Vi hade n\u00e5gra puckar som kunde ha g\u00e5tt in, men det ville sig inte. <\/p>\n<p class=\"MsoNormal\"><strong>K\u00e4nner du att den h\u00e4r matchen var mer intensiv \u00e4n genomsnittsmatchen, f\u00f6r din del? <\/strong><\/p>\n<p class=\"MsoNormal\"><strong>Magnus <\/strong>: Nej, det skulle jag nog inte s\u00e4ga\u2026 Vi vet att Malm\u00f6 \u00e4r ett riktigt bra lag. De har bra powerplay. Vi visste att det skulle bli tufft. De har hittat sin form och har gjort det bra p\u00e5 sistone. Vi m\u00f6ter dem n\u00e4sta helg ocks\u00e5. Men idag var det en bra batalj. <\/p>\n<p class=\"MsoNormal\"><strong>Hur tycker du att kommunikationen var mellan dig och spelarna framf\u00f6r dig, kanske s\u00e4rskilt under pressade l\u00e4gen? <\/strong><\/p>\n<p class=\"MsoNormal\"><strong>Magnus <\/strong>: Jag tycker det funkade bra. I vissa andra matcher har vi varit lite passiva i egen zon. Vi har varit n\u00e5n halv sekund sena ibland. Men inte idag, vi var mer p\u00e5slagna och aggressiva. Jag \u00e4r v\u00e4ldigt n\u00f6jd med v\u00e5rt spel i f\u00f6rsvarszon idag. Sen fick de ju n\u00e5gra fril\u00e4gen p\u00e5 slutet, men s\u00e5 blir det n\u00e4r vi f\u00f6rs\u00f6ker trycka p\u00e5 och blir lite desperata fram\u00e5t. <\/p>\n<p class=\"MsoNormal\"><strong>Tycker du att du f\u00f6rtj\u00e4nar att vara med i Tre Kronor, om du forts\u00e4tter att spela s\u00e5 h\u00e4r? <\/strong><\/p>\n<p class=\"MsoNormal\"><strong>Magnus <\/strong>: Oj, det var en sv\u00e5r fr\u00e5ga. Jag har f\u00e5tt \u00e4ran att f\u00e5 vara med tidigare och det \u00e4r n\u00e5got jag v\u00e4rderar v\u00e4ldigt h\u00f6gt. Jag tycker att det \u00e4r hur kul som helst att f\u00e5 dra p\u00e5 sig landslagstr\u00f6jan. S\u00e5 sj\u00e4lvklart hade jag inte varit sen med att r\u00e4cka upp handen, om de skulle ringa. Det \u00e4r s\u00e5klart ett m\u00e5l man har, f\u00f6rutom m\u00e5len inom klubbhockeyn. Ett av mina b\u00e4sta minnen var n\u00e4r jag fick vara med och vinna VM-guld 2018 och \u00e4ven medverka under OS. S\u00e5 vi f\u00e5r se, helt enkelt. <\/p>\n<p class=\"MsoNormal\"><strong>\u00d6vriga intervjuer <\/strong><\/p>\n<p class=\"MsoNormal\"><strong>Robert, vad tycker du om Magnus Hellbergs insats idag? <\/strong><\/p>\n<p class=\"MsoNormal\"><strong>Robert Kimby <\/strong>: Han \u00e4r bra, han \u00e4r ju en bra m\u00e5lvakt som hj\u00e4lper oss och ger oss chanser att vinna hela tiden. Jag tror att hela laget k\u00e4nner att vi beh\u00f6ver peta in en puck f\u00f6r att backa upp honom lite grann. Forts\u00e4tter han att bara sl\u00e4ppa in ett m\u00e5l, har vi en bra chans att vinna och till slut vippa \u00f6ver matchen. <\/p>\n<p class=\"MsoNormal\"><strong>Linus, det h\u00e4r var din f\u00f6rsta match efter en l\u00e5ng skadefr\u00e5nvaro. K\u00e4nner du att du kan spela hur m\u00e5nga minutrar per match som helst nu, eller beh\u00f6ver vi ta det stegvis? <\/strong><\/p>\n<p class=\"MsoNormal\"><strong>Linus Klasen <\/strong>: K\u00e4nner inte riktigt s\u00e5 \u00e4n, vi f\u00e5r ta det allteftersom. Jag k\u00e4nner att jag blir mer och mer hel men \u00e4r inte riktigt d\u00e4r \u00e4n. <\/p>\n","protected":false},"excerpt":{"rendered":"Intervju med Magnus Hellberg Magnus, hur k\u00e4nns det f\u00f6r dig under en s\u00e5n h\u00e4r match d\u00e4r du f\u00e5r&hellip;\n","protected":false},"author":2,"featured_media":146080,"comment_status":"","ping_status":"","sticky":false,"template":"","format":"standard","meta":{"footnotes":""},"categories":[68],"tags":[159,158,157,138,156,165,164,140,34,160,162,111,110,31,161,33,32,30,163],"class_list":{"0":"post-146079","1":"post","2":"type-post","3":"status-publish","4":"format-standard","5":"has-post-thumbnail","7":"category-sport","8":"tag-allsvenskan","9":"tag-fans","10":"tag-fantv","11":"tag-fotboll","12":"tag-hockey","13":"tag-matcher","14":"tag-matchprogram","15":"tag-premier-league","16":"tag-se","17":"tag-serie-a","18":"tag-spelschema","19":"tag-sport","20":"tag-sports","21":"tag-svenska","22":"tag-svenskafans","23":"tag-sverige","24":"tag-sweden","25":"tag-swedish","26":"tag-tabeller"},"share_on_mastodon":{"url":"https:\/\/pubeurope.com\/@se\/115954133475749646","error":""},"_links":{"self":[{"href":"https:\/\/www.europesays.com\/se\/wp-json\/wp\/v2\/posts\/146079","targetHints":{"allow":["GET"]}}],"collection":[{"href":"https:\/\/www.europesays.com\/se\/wp-json\/wp\/v2\/posts"}],"about":[{"href":"https:\/\/www.europesays.com\/se\/wp-json\/wp\/v2\/types\/post"}],"author":[{"embeddable":true,"href":"https:\/\/www.europesays.com\/se\/wp-json\/wp\/v2\/users\/2"}],"replies":[{"embeddable":true,"href":"https:\/\/www.europesays.com\/se\/wp-json\/wp\/v2\/comments?post=146079"}],"version-history":[{"count":0,"href":"https:\/\/www.europesays.com\/se\/wp-json\/wp\/v2\/posts\/146079\/revisions"}],"wp:featuredmedia":[{"embeddable":true,"href":"https:\/\/www.europesays.com\/se\/wp-json\/wp\/v2\/media\/146080"}],"wp:attachment":[{"href":"https:\/\/www.europesays.com\/se\/wp-json\/wp\/v2\/media?parent=146079"}],"wp:term":[{"taxonomy":"category","embeddable":true,"href":"https:\/\/www.europesays.com\/se\/wp-json\/wp\/v2\/categories?post=146079"},{"taxonomy":"post_tag","embeddable":true,"href":"https:\/\/www.europesays.com\/se\/wp-json\/wp\/v2\/tags?post=146079"}],"curies":[{"name":"wp","href":"https:\/\/api.w.org\/{rel}","templated":true}]}}