{"id":146742,"date":"2026-01-25T22:54:22","date_gmt":"2026-01-25T22:54:22","guid":{"rendered":"https:\/\/www.europesays.com\/se\/146742\/"},"modified":"2026-01-25T22:54:22","modified_gmt":"2026-01-25T22:54:22","slug":"regeringen-gor-fel-kring-atervandring-till-syrien","status":"publish","type":"post","link":"https:\/\/www.europesays.com\/se\/146742\/","title":{"rendered":"\u201dRegeringen g\u00f6r fel kring \u00e5tervandring till Syrien\u201d"},"content":{"rendered":"<p>M\u00e5nga syrier i Sverige dr\u00f6mmer om att \u00e5terv\u00e4nda till hemlandet, men regeringens taktik med tv\u00e5ng och villkorat bist\u00e5nd \u00e4r kontraproduktiv. Det skriver Johan Schaar, seniorforskare p\u00e5 Stockholms internationella fredsforskningsinstitut (Sipri), p\u00e5 DN Debatt.<\/p>\n<p>\u201dI\u202fst\u00e4llet m\u00e5ste politiken utg\u00e5 fr\u00e5n m\u00e4nniskors starka vilja att \u00e5ter bygga upp sitt sargade ursprungsland och att trygga familjens och barnens framtid i Sverige och kanske p\u00e5 sikt i Syrien.\u201d<\/p>\n<p>Forskning visar att ett s\u00e4kert fotf\u00e4ste i det land man flytt till g\u00f6r att man v\u00e5gar \u00e5terv\u00e4nda \u2013 f\u00f6rst tillf\u00e4lligt, och s\u00e5 sm\u00e5ningom kanske permanent, skriver Schaar.<\/p>\n<p>Syrier med uppeh\u00e5llstillst\u00e5nd b\u00f6r inte tvingas att \u00e5terv\u00e4nda, deras uppeh\u00e5llstillst\u00e5nd b\u00f6r inte dras in p\u00e5 grund av vistelser i Syrien och dubbelt medborgarskap b\u00f6r accepteras som norm, forts\u00e4tter han.<\/p>\n<p>Omni \u00e4r politiskt obundna och oberoende. Vi str\u00e4var efter att ge fler perspektiv p\u00e5 nyheterna. Har du fr\u00e5gor eller synpunkter kring v\u00e5r rapportering? <a href=\"https:\/\/omni.se\/regeringen-gor-fel-kring-atervandring-till-syrien\/a\/mailto:redaktion@omni.se\" class=\"ArticleActions_contactLink__W2F1M\" rel=\"nofollow noopener\" target=\"_blank\">Kontakta redaktionen<\/a><\/p>\n","protected":false},"excerpt":{"rendered":"M\u00e5nga syrier i Sverige dr\u00f6mmer om att \u00e5terv\u00e4nda till hemlandet, men regeringens taktik med tv\u00e5ng och villkorat bist\u00e5nd&hellip;\n","protected":false},"author":2,"featured_media":146743,"comment_status":"","ping_status":"","sticky":false,"template":"","format":"standard","meta":{"footnotes":"","_share_on_mastodon":"0"},"categories":[5],"tags":[22,23,445,26,27,17,21,24,25,28,29,124,1510,15,16,369,18,34,11243,31,33,32,30,4251,19,20],"class_list":["post-146742","post","type-post","status-publish","format-standard","has-post-thumbnail","category-rubriker","tag-breaking-news","tag-breakingnews","tag-debatt","tag-featured-news","tag-featurednews","tag-headlines","tag-huvudnyheter","tag-latest-news","tag-latestnews","tag-main-news","tag-mainnews","tag-mellanostern","tag-migrationspolitik","tag-news","tag-nyheter","tag-politik","tag-rubriker","tag-se","tag-sipri","tag-svenska","tag-sverige","tag-sweden","tag-swedish","tag-syrien","tag-top-stories","tag-topstories"],"share_on_mastodon":{"url":"https:\/\/pubeurope.com\/@se\/115958203214334380","error":""},"_links":{"self":[{"href":"https:\/\/www.europesays.com\/se\/wp-json\/wp\/v2\/posts\/146742","targetHints":{"allow":["GET"]}}],"collection":[{"href":"https:\/\/www.europesays.com\/se\/wp-json\/wp\/v2\/posts"}],"about":[{"href":"https:\/\/www.europesays.com\/se\/wp-json\/wp\/v2\/types\/post"}],"author":[{"embeddable":true,"href":"https:\/\/www.europesays.com\/se\/wp-json\/wp\/v2\/users\/2"}],"replies":[{"embeddable":true,"href":"https:\/\/www.europesays.com\/se\/wp-json\/wp\/v2\/comments?post=146742"}],"version-history":[{"count":0,"href":"https:\/\/www.europesays.com\/se\/wp-json\/wp\/v2\/posts\/146742\/revisions"}],"wp:featuredmedia":[{"embeddable":true,"href":"https:\/\/www.europesays.com\/se\/wp-json\/wp\/v2\/media\/146743"}],"wp:attachment":[{"href":"https:\/\/www.europesays.com\/se\/wp-json\/wp\/v2\/media?parent=146742"}],"wp:term":[{"taxonomy":"category","embeddable":true,"href":"https:\/\/www.europesays.com\/se\/wp-json\/wp\/v2\/categories?post=146742"},{"taxonomy":"post_tag","embeddable":true,"href":"https:\/\/www.europesays.com\/se\/wp-json\/wp\/v2\/tags?post=146742"}],"curies":[{"name":"wp","href":"https:\/\/api.w.org\/{rel}","templated":true}]}}