{"id":146754,"date":"2026-01-25T23:43:49","date_gmt":"2026-01-25T23:43:49","guid":{"rendered":"https:\/\/www.europesays.com\/se\/146754\/"},"modified":"2026-01-25T23:43:49","modified_gmt":"2026-01-25T23:43:49","slug":"christoffer-jonsson-ett-amerikanskt-anfall-mot-iran-inom-rackhall","status":"publish","type":"post","link":"https:\/\/www.europesays.com\/se\/146754\/","title":{"rendered":"Christoffer Jonsson: Ett amerikanskt anfall mot Iran inom r\u00e4ckh\u00e5ll?"},"content":{"rendered":"<p class=\"has-drop-cap\">Under World Economic Forum-konferensen i Davos kritiserade Ukrainas president\u00a0<a href=\"https:\/\/www.iranintl.com\/en\/202601221517\" rel=\"nofollow noopener\" target=\"_blank\">Volodymyr Zelenskyj<\/a>\u00a0EU f\u00f6r dess passivitet \u2013 inte bara n\u00e4r det g\u00e4ller kriget mot Ryssland, utan \u00e4ven r\u00f6rande massm\u00f6rdandet i Iran.\u00a0<\/p>\n<p>\u201dN\u00e4r politikerna b\u00f6rjade ta st\u00e4llning hade ayatollan redan d\u00f6dat tusentals \u2026 Vad kommer Iran att bli efter denna blodsutgjutelse? Om regimen \u00f6verlever skickar det en tydlig signal till varje mobbare: d\u00f6da tillr\u00e4ckligt m\u00e5nga m\u00e4nniskor s\u00e5 stannar ni vid makten\u201d, sa den ukrainske presidenten i talet.<\/p>\n<p>Dagen d\u00e4rp\u00e5 fick den ukrainske presidenten r\u00e4tt. Kristdemokraternas Europaparlamentariker\u00a0<a href=\"https:\/\/x.com\/alicemedce\/status\/2014640050487628052?s=46\" rel=\"nofollow\">Alice Teodorescu M\u00e5we<\/a>\u00a0uppm\u00e4rksammade p\u00e5 sociala medier ett \u00e4ndringsf\u00f6rslag till en resolution fr\u00e5n v\u00e4nstern i Europaparlamentet. I f\u00f6rslaget ville v\u00e4nstern att EU ska \u201dut\u00f6va diplomatiska p\u00e5tryckningar p\u00e5 USA och Israel f\u00f6r att f\u00e5 dem att avst\u00e5 fr\u00e5n att uttala eller st\u00f6dja milit\u00e4ra hot mot Iran\u201d. S\u00e5 har det inte l\u00e5tit fr\u00e5n v\u00e4nstern r\u00f6rande kriget i Gaza, d\u00e4r man g\u00e4rna velat se\u00a0<a href=\"https:\/\/www.aftonbladet.se\/nyheter\/a\/gwzo4q\/v-skicka-fn-trupp-till-gaza\" rel=\"nofollow noopener\" target=\"_blank\">FN-styrkor<\/a>\u00a0i omr\u00e5det. <\/p>\n<p>Flera exiliranier mer eller mindre b\u00f6nar och ber om att antingen Israel eller USA ska attackera regimen. Sanktioner har historiskt inte stoppat regimen fr\u00e5n att m\u00f6rda sin egen befolkning, och inte heller kommer detta \u00e4ndringsf\u00f6rslag fr\u00e5n v\u00e4nstern \u2013 d\u00e4r man vill ut\u00f6va p\u00e5tryckningar p\u00e5 just de l\u00e4nder som med milit\u00e4ra medel kan stoppa m\u00f6rdandet i Iran \u2013 att g\u00f6ra det. <\/p>\n<p>Magnituden av massm\u00f6rdandet i Iran har rapporterats av flera, men det har inte rapporterats p\u00e5 samma s\u00e4tt som kriget i Gaza. Om m\u00f6rdandet av den iranska befolkningen forts\u00e4tter i denna takt kommer d\u00f6dssiffrorna inom kort, efter bara ett f\u00e5tal veckor, att \u00f6verstiga d\u00f6dssiffrorna i Gaza. <\/p>\n<p>Men Magda Gad har inte startat n\u00e5gra nya upprop, Greta Thunberg har inte f\u00f6rs\u00f6kt ta sig till Iran f\u00f6r att hj\u00e4lpa befolkningen, och Palestinav\u00e4nstern har varken planerat n\u00e5gra demonstrationer dedikerade till iranierna eller funderat p\u00e5 att skapa n\u00e5gon \u201dIran Cola\u201d. <\/p>\n<p>En exiliranska i Sverige, som valt att vara anonym, har ber\u00e4ttat f\u00f6r mig att hon haft kontakt med aktivister inne i Iran via Starlink. Dessa har ber\u00e4ttat om de fruktansv\u00e4rda metoder som regimen anv\u00e4nder mot demonstranterna. Enligt aktivisterna har islamistiska militanter ur Basij-styrkorna kl\u00e4tt ut sig till civila f\u00f6r att infiltrera de massiva demonstrationerna och d\u00e4refter skurit halsen av ett flertal demonstranter. <\/p>\n<p>Samtidigt som jag tog del av denna information rapporterades det av andra k\u00e4llor att en demonstrant g\u00f6mt sig i en liks\u00e4ck i tre dagar f\u00f6r att undvika regimens d\u00f6dspatruller. L\u00e4get i Iran, med regimens brutalitet mot befolkningen, beskrivs tydligt n\u00e4r en demonstrant \u00e4r villig att g\u00f6mma sig i en liks\u00e4ck. <\/p>\n<p>Det har inkommit rapporter om att USA:s flotta, med hangarfartyget\u00a0<a href=\"https:\/\/www.jns.org\/inside-the-us-militarys-massive-buildup-ahead-of-possible-iran-strike\/\" rel=\"nofollow noopener\" target=\"_blank\">USS Abraham Lincoln<\/a>, passerat Malackasundet och \u00e4r p\u00e5 v\u00e4g mot Persiska viken. <\/p>\n<p>Samtidigt har USS\u00a0George H.W. Bush\u00a0l\u00e4mnat hamnen i Virginia och p\u00e5st\u00e5s \u00e4ven den vara p\u00e5 v\u00e4g mot Persiska viken. Sannolikt kan d\u00e4rf\u00f6r ett amerikanskt anfall riktat mot den islamistiska regimen vara inom r\u00e4ckh\u00e5ll, \u00e4ven om Trump sj\u00e4lv \u00f6ppet s\u00e4ger att alla alternativ finns p\u00e5 bordet.\u00a0<\/p>\n<p>P\u00e5 grund av oro f\u00f6r ett amerikanskt anfall har den h\u00f6gste ledaren, ayatolla Ali Khamenei, f\u00f6rflyttats till en underjordisk <a href=\"https:\/\/www.jpost.com\/middle-east\/iran-news\/article-884382\" rel=\"nofollow noopener\" target=\"_blank\">bunker<\/a>. Amerikanerna kan dock n\u00e5 ayatollan om de vill. Den amerikanska bunkerbomben har visat att varken Hizbollahs h\u00f6gste ledare Hassan Nasrallah i Libanon eller den islamiska regimens k\u00e4rnanl\u00e4ggningar kunde skyddas mot ett luftanfall \u2013 n\u00e5got som eventuellt ayatollah Khamenei kan f\u00e5 uppleva. <\/p>\n<p>Om Iran blir befriat fr\u00e5n mullorna och deras islamistiska f\u00f6rtryck kommer det inte att vara tack vare EU. Europeiska ledare \u00e4r alltf\u00f6r tandl\u00f6sa i situationer d\u00e4r det egentligen kr\u00e4vs handling. \u00c4nnu en gemensam resolution kommer inte att bidra till en b\u00e4ttre framtid f\u00f6r det iranska folket.\u00a0<\/p>\n","protected":false},"excerpt":{"rendered":"Under World Economic Forum-konferensen i Davos kritiserade Ukrainas president\u00a0Volodymyr Zelenskyj\u00a0EU f\u00f6r dess passivitet \u2013 inte bara n\u00e4r det&hellip;\n","protected":false},"author":2,"featured_media":146755,"comment_status":"","ping_status":"","sticky":false,"template":"","format":"standard","meta":{"footnotes":"","_share_on_mastodon":"0"},"categories":[5],"tags":[3299,13453,22,23,26,27,2150,121,2987,17,21,1530,342,24,25,866,28,29,14260,15,16,18,34,31,33,32,30,19,20,74,262],"class_list":["post-146754","post","type-post","status-publish","format-standard","has-post-thumbnail","category-rubriker","tag-alice-teodorescu-mawe","tag-ayatolla-ali-khamenei","tag-breaking-news","tag-breakingnews","tag-featured-news","tag-featurednews","tag-fn","tag-gaza","tag-greta-thunberg","tag-headlines","tag-huvudnyheter","tag-iran","tag-israel","tag-latest-news","tag-latestnews","tag-magda-gad","tag-main-news","tag-mainnews","tag-malackasundet","tag-news","tag-nyheter","tag-rubriker","tag-se","tag-svenska","tag-sverige","tag-sweden","tag-swedish","tag-top-stories","tag-topstories","tag-usa","tag-volodymyr-zelenskyj"],"share_on_mastodon":{"url":"https:\/\/pubeurope.com\/@se\/115958399871974491","error":""},"_links":{"self":[{"href":"https:\/\/www.europesays.com\/se\/wp-json\/wp\/v2\/posts\/146754","targetHints":{"allow":["GET"]}}],"collection":[{"href":"https:\/\/www.europesays.com\/se\/wp-json\/wp\/v2\/posts"}],"about":[{"href":"https:\/\/www.europesays.com\/se\/wp-json\/wp\/v2\/types\/post"}],"author":[{"embeddable":true,"href":"https:\/\/www.europesays.com\/se\/wp-json\/wp\/v2\/users\/2"}],"replies":[{"embeddable":true,"href":"https:\/\/www.europesays.com\/se\/wp-json\/wp\/v2\/comments?post=146754"}],"version-history":[{"count":0,"href":"https:\/\/www.europesays.com\/se\/wp-json\/wp\/v2\/posts\/146754\/revisions"}],"wp:featuredmedia":[{"embeddable":true,"href":"https:\/\/www.europesays.com\/se\/wp-json\/wp\/v2\/media\/146755"}],"wp:attachment":[{"href":"https:\/\/www.europesays.com\/se\/wp-json\/wp\/v2\/media?parent=146754"}],"wp:term":[{"taxonomy":"category","embeddable":true,"href":"https:\/\/www.europesays.com\/se\/wp-json\/wp\/v2\/categories?post=146754"},{"taxonomy":"post_tag","embeddable":true,"href":"https:\/\/www.europesays.com\/se\/wp-json\/wp\/v2\/tags?post=146754"}],"curies":[{"name":"wp","href":"https:\/\/api.w.org\/{rel}","templated":true}]}}