{"id":146963,"date":"2026-01-26T06:31:08","date_gmt":"2026-01-26T06:31:08","guid":{"rendered":"https:\/\/www.europesays.com\/se\/146963\/"},"modified":"2026-01-26T06:31:08","modified_gmt":"2026-01-26T06:31:08","slug":"alicia-vikander-ser-fram-emot-nya-tomb-raider-alskade-forsta-bilden","status":"publish","type":"post","link":"https:\/\/www.europesays.com\/se\/146963\/","title":{"rendered":"Alicia Vikander ser fram emot nya \u201dTomb Raider\u201d: \u201d\u00c4lskade f\u00f6rsta bilden\u201d"},"content":{"rendered":"<p>2018 blev <strong>Alicia Vikander<\/strong> actionstj\u00e4rna med huvudrollen som Lara Croft i <a href=\"https:\/\/www.moviezine.se\/movies\/tomb-raider\" rel=\"nofollow noopener\" target=\"_blank\">\u201dTomb Raider\u201d<\/a>. Det var mycket tal om en uppf\u00f6ljare, men i slut\u00e4ndan blev en s\u00e5dan aldrig av.<\/p>\n<p>Nu, sju \u00e5r senare, \u00e4r inspelningarna ig\u00e5ng p\u00e5 en ny adaption av de klassiska tv-spelen. Den h\u00e4r g\u00e5ngen \u00e4r det en tv-serie skapad av <strong>Phoebe Waller-Bridge<\/strong> (\u201dFleabag\u201d), och i huvudrollen ser vi \u201dGame of Thrones\u201d-stj\u00e4rnan <strong>Sophie Turner<\/strong>. S\u00e5 sent som i dagarna fick vi \u00e4ntligen ta del av <a href=\"https:\/\/www.moviezine.se\/nyheter\/forsta-bilden-pa-lara-croft-inspelningen-av-nya-tomb-raider-ar-igang\" rel=\"nofollow noopener\" target=\"_blank\">en f\u00f6rsta bild p\u00e5 den nya Lara Croft<\/a>.<\/p>\n<p>Alicia Vikander bes\u00f6ker just nu Sverige i samband med G\u00f6teborgs filmfestival. Jag fick tillf\u00e4lle att prata med Oscarsvinnaren om rollen i det politiska dramat <a href=\"https:\/\/www.moviezine.se\/movies\/trollkarlen-i-kreml\" rel=\"nofollow noopener\" target=\"_blank\">\u201dTrollkarlen i Kreml\u201d<\/a>, s\u00e5v\u00e4l som om ett <a href=\"https:\/\/www.moviezine.se\/nyheter\/alicia-vikander-om-putin-filmen-och-regissoren-som-kan-locka-henne-till-sverige\" rel=\"nofollow noopener\" target=\"_blank\">potentiellt svenskt filmprojekt<\/a>.\u00a0<\/p>\n<p>Sj\u00e4lvklart passade jag \u00e4ven p\u00e5 att fr\u00e5ga om hennes tankar inf\u00f6r nya \u201dTomb Raider\u201d-serien. Och hon har fullt f\u00f6rtroende f\u00f6r att Sophie Turner kommer tolka rollen fint.<\/p>\n<p>\u2013 Jag och Sophie har tr\u00e4ffats ganska m\u00e5nga g\u00e5nger under \u00e5ren p\u00e5 Louis Vuitton-shows och s\u00e5dant, ber\u00e4ttar Alicia Vikander.<\/p>\n<p>\u2013 Jag \u00e4lskade n\u00e4r jag s\u00e5g den f\u00f6rsta bilden nu, s\u00e4ger hon. Och Phoebe \u00e4r s\u00e5 stark. Det har liksom g\u00e5tt full circle nu. Nu f\u00e5r man g\u00e5 tillbaka och hylla 90-talet, vilket jag tycker \u00e4r s\u00e5 kul. Jag tror att det \u00e4r ett j\u00e4ttesmart val.<\/p>\n<p><img loading=\"lazy\" height=\"365\" width=\"648\" class=\"wp-image-712200 sp-no-webp perfmatters-lazy\" alt=\"\" decoding=\"async\" src=\"https:\/\/www.europesays.com\/se\/wp-content\/uploads\/2026\/01\/untitled-1-1-648x365.jpg\"  data-\/> Sophie Turner \u2013 den nya Lara Croft<\/p>\n<p>Sj\u00e4lv har sk\u00e5despelerskan har bara goda minnen fr\u00e5n sin egen upplevelse av \u201dTomb Raider\u201d, \u00e4ven om det inte blev den filmserie teamet hade hoppats p\u00e5.<\/p>\n<p>\u2013 Jag hade j\u00e4ttekul n\u00e4r jag gjorde min film, ber\u00e4ttar hon. Sen var det en massa v\u00e4ndor d\u00e4r jag inte riktigt vet vad som h\u00e4nde. Men det \u00e4r ju galet. Det har g\u00e5tt n\u00e4stan tio \u00e5r sedan jag spelade in den nu.<\/p>\n<p>\u2013 S\u00e5 jag hoppas p\u00e5 samma s\u00e4tt som jag hoppades d\u00e5, att jag kunde f\u00f6ra in en ny ung generation. Jag tror absolut att de kommer g\u00f6ra detsamma nu. Det \u00e4r ju en fantastisk karakt\u00e4r.<\/p>\n<p>P\u00e5 fr\u00e5gan ifall hon kommer titta p\u00e5 serien \u00e4r svaret sj\u00e4lvklart.<\/p>\n<p>\u2013 Ja, absolut, s\u00e4ger Alicia Vikander.<\/p>\n<p>Vill g\u00f6ra actionfilm igen<\/p>\n<p><img loading=\"lazy\" height=\"365\" width=\"648\" class=\"wp-image-712201 sp-no-webp perfmatters-lazy\" alt=\"\" decoding=\"async\" src=\"https:\/\/www.europesays.com\/se\/wp-content\/uploads\/2026\/01\/AAAABRxY1NZ0qIKrxoL-P-HdzCTY7vo8hus78rLAddQlB4Djs6dqxQcsvtbBD_SLJI1hftXyEP7BYaHCVzvhH9rshDHKAXBT3TFd.jpeg\"  data-\/> <\/p>\n<p>\u00c4ven om Alicia Vikander inte l\u00e4r spela Lara Croft igen \u00e4r hon intresserad av att \u00e5terv\u00e4nda till storslagna actionfilmer \u00e4ven i framtiden.<\/p>\n<p>\u2013 Jag \u00e4lskade den fysiska aspekten av att g\u00f6ra den filmen, s\u00e4ger sk\u00e5despelerskan. Det tror jag absolut att jag skulle vilja g\u00f6ra igen. Jag tror att jag ganska nyligen har k\u00e4nt det, att nu vill jag s\u00f6ka mig till n\u00e5got s\u00e5dant igen.<\/p>\n<p>\u2013 Jag l\u00e4ste nyss n\u00e5gonting, ber\u00e4ttar hon. Det \u00e4r inte riktigt action, men det jag tycker \u00e4r s\u00e5 kul med film \u00e4r att man f\u00e5r s\u00e4tta sig in i och l\u00e4ra sig n\u00e5gonting. Eller tr\u00e4na f\u00f6r n\u00e5gonting. Man bara: Det h\u00e4r \u00e4r mitt jobb nu i tre, fyra m\u00e5nader. Jag ska bara g\u00f6ra det h\u00e4r f\u00f6r att f\u00f6rs\u00f6ka luras s\u00e5 bra jag kan. Att jag \u00e4r v\u00e4ldigt duktig p\u00e5 n\u00e5gonting som jag aldrig gjort tidigare.<\/p>\n<p>Alicia Vikander \u00e4r n\u00e4rmast aktuell i \u201dTrollkarlen i Kreml\u201d, som f\u00e5r svensk biopremi\u00e4r den 13 mars.<\/p>\n<p>L\u00e4s ocks\u00e5: <a href=\"https:\/\/www.moviezine.se\/nyheter\/alicia-vikander-om-putin-filmen-och-regissoren-som-kan-locka-henne-till-sverige\" title=\"Alicia Vikander om Putin-filmen \u2013 och regiss\u00f6ren som kan locka henne till Sverige\" class=\"underline-custom !font-montserrat !font-bold !underline-offset-4 !decoration-4 !decoration-moviezine-green !text-md\" rel=\"nofollow noopener\" target=\"_blank\">Alicia Vikander om Putin-filmen \u2013 och regiss\u00f6ren som kan locka henne till Sverige<\/a><\/p>\n<p>L\u00e4s ocks\u00e5: <a href=\"https:\/\/www.moviezine.se\/nyheter\/nya-lara-croft-vill-inte-se-de-tidigare-tomb-raider-filmerna-maste-skapa-min-egen-grej\" title=\"Nya Lara Croft vill inte se de tidigare \u201dTomb Raider\u201d-filmerna: \u201dM\u00e5ste skapa min egen grej\u201d\" class=\"underline-custom !font-montserrat !font-bold !underline-offset-4 !decoration-4 !decoration-moviezine-green !text-md\" rel=\"nofollow noopener\" target=\"_blank\">Nya Lara Croft vill inte se de tidigare \u201dTomb Raider\u201d-filmerna: \u201dM\u00e5ste skapa min egen grej\u201d<\/a><\/p>\n","protected":false},"excerpt":{"rendered":"2018 blev Alicia Vikander actionstj\u00e4rna med huvudrollen som Lara Croft i \u201dTomb Raider\u201d. Det var mycket tal om&hellip;\n","protected":false},"author":2,"featured_media":146964,"comment_status":"","ping_status":"","sticky":false,"template":"","format":"standard","meta":{"footnotes":"","_share_on_mastodon":"0"},"categories":[67],"tags":[104,2292,12940,2293,34,31,33,32,30,105],"class_list":["post-146963","post","type-post","status-publish","format-standard","has-post-thumbnail","category-underhallning","tag-entertainment","tag-exklusivt","tag-goteborg-film-festival","tag-intervjuer","tag-se","tag-svenska","tag-sverige","tag-sweden","tag-swedish","tag-underhallning"],"share_on_mastodon":{"url":"https:\/\/pubeurope.com\/@se\/115960000197626431","error":""},"_links":{"self":[{"href":"https:\/\/www.europesays.com\/se\/wp-json\/wp\/v2\/posts\/146963","targetHints":{"allow":["GET"]}}],"collection":[{"href":"https:\/\/www.europesays.com\/se\/wp-json\/wp\/v2\/posts"}],"about":[{"href":"https:\/\/www.europesays.com\/se\/wp-json\/wp\/v2\/types\/post"}],"author":[{"embeddable":true,"href":"https:\/\/www.europesays.com\/se\/wp-json\/wp\/v2\/users\/2"}],"replies":[{"embeddable":true,"href":"https:\/\/www.europesays.com\/se\/wp-json\/wp\/v2\/comments?post=146963"}],"version-history":[{"count":0,"href":"https:\/\/www.europesays.com\/se\/wp-json\/wp\/v2\/posts\/146963\/revisions"}],"wp:featuredmedia":[{"embeddable":true,"href":"https:\/\/www.europesays.com\/se\/wp-json\/wp\/v2\/media\/146964"}],"wp:attachment":[{"href":"https:\/\/www.europesays.com\/se\/wp-json\/wp\/v2\/media?parent=146963"}],"wp:term":[{"taxonomy":"category","embeddable":true,"href":"https:\/\/www.europesays.com\/se\/wp-json\/wp\/v2\/categories?post=146963"},{"taxonomy":"post_tag","embeddable":true,"href":"https:\/\/www.europesays.com\/se\/wp-json\/wp\/v2\/tags?post=146963"}],"curies":[{"name":"wp","href":"https:\/\/api.w.org\/{rel}","templated":true}]}}