{"id":147239,"date":"2026-01-26T11:13:07","date_gmt":"2026-01-26T11:13:07","guid":{"rendered":"https:\/\/www.europesays.com\/se\/147239\/"},"modified":"2026-01-26T11:13:07","modified_gmt":"2026-01-26T11:13:07","slug":"yaeger-ager-nojesguiden","status":"publish","type":"post","link":"https:\/\/www.europesays.com\/se\/147239\/","title":{"rendered":"Yaeger \u00e4ger | N\u00f6jesguiden"},"content":{"rendered":"<p><strong>Hon \u00e4r pirat \u2013 men ingen kopia. Frasse Levinsson tr\u00e4ffar Yaeger och diskuterar AI-musik, icks p\u00e5 killar och priserna alla tror att hon vunnit.<\/strong><\/p>\n<p>\u201dSvensk popmusik har blivit s\u00e5 tr\u00e5kig. Jag vill g\u00f6ra n\u00e5got som inte l\u00e5ter som allt annat\u201d, sa alla svenska popartister i k\u00f6r 2025, 2024, 2024, 2023\u2026 Nuf\u00f6rtiden anv\u00e4nds listpop som l\u00e4kemedel mot s\u00f6mnproblem i allt h\u00f6gre utstr\u00e4ckning. Den som har allvarliga sv\u00e5righeter rekommenderas att lyssna p\u00e5 intervjuer med svenska popstj\u00e4rnor. Sj\u00e4lv har jag inga problem med att somna. Men det blir sv\u00e5rare och sv\u00e5rare att vakna. F\u00f6r att komma upp p\u00e5 morgnarna brukar jag g\u00e5 ner till Sturebadet och uts\u00e4tta min kropp f\u00f6r en ritual som p\u00e5minner om bestraffningen Erik Pontis skolkamrater till\u00e4mpar i Ondskan, n\u00e4r Ponti k\u00e4ftat mot fj\u00e4rde\u00e5rseleverna en g\u00e5ng f\u00f6r mycket. Bastu, isbad, bastu, isbad, bastu, isbad. Men fr\u00e5gan \u00e4r om inte Yaeger piggar upp \u00e4nnu mer. Medan konkurrenterna lagt sina 10 000 timmar p\u00e5 att fundera \u00f6ver hur de inte vill l\u00e5ta har Hanna J\u00e4ger, som hennes f\u00f6r\u00e4ldrar envisas med att kalla henne, \u00e4gnat sina \u00e5t n\u00e5got s\u00e5 omodernt som att t\u00e4nka p\u00e5 vad hon vill med sin musik. Och 2026 ska bli hennes \u00e5r. I april sl\u00e4pps debutalbumet Piratebae. D\u00e4refter v\u00e4ntar karri\u00e4rens hittills st\u00f6rsta spelning, p\u00e5 Slaktkyrkan i Stockholm. F\u00f6rberedelserna sker i hennes alldeles egna rum i Sonys h\u00f6gkvarter p\u00e5 nionde v\u00e5ningen i Katarinahuset. \u201dHannas k\u00e4llare\u201d, st\u00e5r det p\u00e5 d\u00f6rren.\u2028\u2028<\/p>\n<p><strong>Hur har h\u00e4stens \u00e5r b\u00f6rjat?\u2028<\/strong><br \/>\u2013 Det har ju inte b\u00f6rjat \u00e4n! Det b\u00f6rjar den 15 februari, det \u00e4r fortfarande ormens \u00e5r. Men jag vill hoppa upp p\u00e5 den d\u00e4r h\u00e4sten nu. Jag \u00e4r s\u00e5 j\u00e4vla tr\u00f6tt p\u00e5 att orma mig! Jag orkar inte att folk ska h\u00e5lla p\u00e5 med det mer. Det \u00e4r klart nu!<\/p>\n<p><strong>H\u00e5lla p\u00e5 med vad?<\/strong><br \/>\u2013 Utveckling och resor. Det k\u00e4nns som att alla, inklusive jag, har h\u00e5llit p\u00e5 s\u00e5 mycket med soul searching. Djupa, jobbiga saker. K\u00e4nner du s\u00e5?\u2028\u2028<\/p>\n<p><strong>Gud, ja. Jag har g\u00e5tt i terapi i tre \u00e5r och man kommer ju \u00e4nd\u00e5 ingen vart.<\/strong><br \/>\u2028\u2013 En liten bit kommer man \u00e4nd\u00e5. Men nu \u00e4r vi p\u00e5 v\u00e4g mot h\u00e4sten! Det ska galopperas! Acceptera och lev! Jag tror att det kommer komma en ha kul-trend. De senaste \u00e5ren har varit v\u00e4ldigt &#8221;heroin&#8221;. Alla har b\u00f6rjat r\u00f6ka, ingen \u00e4r vegetarian l\u00e4ngre: \u201dFuck det! Vi kommer \u00e4nd\u00e5 att d\u00f6!\u201d. Nu kommer det bli fett att vara glad igen. Alla bara: \u201dVarf\u00f6r ska vi g\u00f6ra det d\u00e4r?\u201d. F\u00f6r att det \u00e4r KUL! Fuck it, ingenting \u00e4r cringe l\u00e4ngre!<\/p>\n<p><strong>Jag hoppas att du har r\u00e4tt. Hur k\u00e4ndes det f\u00f6rresten att Aftonbladet gav din outfit p\u00e5 P3 Guld ett plus?\u2028<\/strong><br \/>\u2013 Jag h\u00f6rde det i g\u00e5r. Jag fick en fyra i Expressen. Vad skrev dem?\u2028<\/p>\n<p><strong>Minns inte. Men det \u00e4r irriterande att de alltid s\u00e4tter n\u00e5gon som inte kan skilja p\u00e5 en kostym och en smoking p\u00e5 det d\u00e4r. Jag tycker att du var den enda som inte s\u00e5g ut som att du skulle p\u00e5 maskerad.<\/strong><br \/>\u2028\u2013 \u00c4r det sant? Tack s\u00e5 j\u00e4ttemycket. Men det blir ofta s\u00e5, att folk t\u00e4nker \u201dnu ska jag g\u00e5 p\u00e5 en r\u00f6d matta\u201d\u2026\u2028\u2028<\/p>\n<p><strong>Och s\u00e5 tar de i fr\u00e5n t\u00e5rna! Typ som n\u00e4r man ska p\u00e5 en dejt och f\u00e5r f\u00f6r sig att man ska g\u00f6ra n\u00e5got annorlunda med h\u00e5ret och s\u00e5 blir det helt fucked.<\/strong><br \/>\u2013 Eller hur? Jag tycker att Daniela Rathana g\u00f6r det v\u00e4ldigt bra. Man tror p\u00e5 henne. Hon ser inte ut som att hon ska p\u00e5 maskerad. Men n\u00e4r man tittar p\u00e5 andra kan man t\u00e4nka \u201dJag tror inte p\u00e5 det. Jag tror inte att du \u00e4r den personen\u201d.<\/p>\n<p><strong>Var k\u00f6per du dina kl\u00e4der?<\/strong><br \/>\u2013 Det \u00e4r v\u00e4ldigt olika. Det kan vara allt fr\u00e5n en riktigt sketen second hand-butik i K\u00f6penhamn till en j\u00e4ttefin designervintage i New York. Jag k\u00f6per n\u00e4stan ingenting nytt\u2026\u2028\u2028<\/p>\n<p><strong>Fast det \u00e4r v\u00e4l en ERL-hoodie du har p\u00e5 dig nu?<\/strong><br \/>\u2028\u2013 Det \u00e4r det! Hur visste du det?<\/p>\n<p><strong>Jag har gjort mina 10 000 timmar p\u00e5 Dover Street Market. Och jag antar att den inte \u00e4r vintage?<\/strong><br \/>\u2028\u2013 Jag k\u00f6pte den inte i butik. Men den hade prislappen kvar.<\/p>\n<p><strong>Har du alltid haft excentrisk stil?\u2028<\/strong><br \/>\u2013 Nej. Jag gick p\u00e5 Engelska skolan i T\u00e4by och hade Ralph Lauren f\u00f6r att passa in. Sedan ville jag g\u00f6ra revolt. Jag var helt bipol\u00e4r i det. Om jag skateade ville jag ha j\u00e4tteh\u00f6ga kn\u00e4strumpor fr\u00e5n American Apparel och j\u00e4ttestor pik\u00e9. Men jag hade aldrig kunnat bleka mina \u00f6gonbryn n\u00e4r jag var 13.\u2028\u2028<\/p>\n<p><strong>D\u00e5 l\u00e5g ju smockan i luften bara man hade fel nyans p\u00e5 tr\u00f6jan.\u2028<\/strong><br \/>\u2013 Smockan var s\u00e5 j\u00e4vla n\u00e4rvarande! De gjorde memes om mig! Om jag inte s\u00e5g ut som de andra tjejerna var jag lesbisk. \u201dTjena, \u00e4r Lebb-Hanna h\u00e4r i dag eller?\u201d<\/p>\n<p><strong>N\u00e4r b\u00f6rjade din fashionrevolt?<\/strong><br \/>\u2013 N\u00e4r jag ins\u00e5g att man f\u00e5r ha p\u00e5 sig vad fan som helst. Jag tror jag b\u00f6rjade experimentera n\u00e4r jag var typ 24. Jag tror jag hade lekt fram det till att det bara blev s\u00e5. Jag \u00e5kte till London i sex m\u00e5nader och uppt\u00e4ckte att knarkarna p\u00e5 gatan typ drippar.\u2028\u2028<\/p>\n<p><strong>Och d\u00e4r har alla redan sett allt?<\/strong><br \/>\u2013 Exakt. Du kommer inte chocka n\u00e5gon oavsett vad du har p\u00e5 dig.<\/p>\n<p><strong>Hur hamnade du d\u00e4r?\u2028<\/strong><br \/>\u2013 Jag bodde p\u00e5 G\u00e4rdet trots att jag var alldeles f\u00f6r ung f\u00f6r att bo p\u00e5 G\u00e4rdet. Jag hade typ panik. S\u00e5 tr\u00e4ffade jag n\u00e5gon tjej p\u00e5 en fest och sa att jag ville flytta till London. Hon svarade att jag kunde flytta in hos henne. S\u00e5 jag gjorde det.\u2028\u2028<\/p>\n<p><strong>Jag l\u00e4ste att du fick flera erbjudanden om skivkontrakt i den vevan, som du tackade nej till. Varf\u00f6r gjorde du det?\u2028<\/strong><br \/>\u2013 Gud. F\u00f6r att jag var kaxig, tror jag. Jag hade v\u00e4xt upp med att skivbolag \u00e4r \u201dhell no\u201d. Jag visste inte ens vem jag var sj\u00e4lv. Skulle en vuxen s\u00e4ga till mig vem jag skulle vara? Det gick inte. Jag var p\u00e5 alla m\u00f6ten och l\u00e4ste alla kontrakt men jag f\u00f6rstod inte vad de kunde g\u00f6ra f\u00f6r mig som jag inte kunde g\u00f6ra sj\u00e4lv. En budget f\u00f6r att filma grejer? Det gjorde jag sj\u00e4lv med min kusin. \u201dJag jobbar extra, s\u00e5 jag kan betala mina mastrar sj\u00e4lv\u201d.\u2028\u2028<\/p>\n<p><strong>Vad jobbade du extra med egentligen?\u2028<\/strong><br \/>\u2013 Jag tog alla spelningar jag kunde. Fick 7 000 kronor f\u00f6r att spela p\u00e5 en lastpall h\u00e4r och d\u00e4r. Och s\u00e5 stod jag i butik.<\/p>\n<p><strong>\u00c4r dina f\u00f6r\u00e4ldrar m\u00e5ngmiljon\u00e4rer?\u2028<\/strong><br \/>\u2013 Nej. Mamma driver ett caf\u00e9 p\u00e5 Bogesund, utanf\u00f6r Vaxholm. De har v\u00e4rldens fucking godaste bullar. Woohooo! Folk \u00e5ker liksom fr\u00e5n Liding\u00f6\u2026\u2028<\/p>\n<p><strong>Det l\u00e4t som att du skulle s\u00e4ga Japan\u2026<\/strong>\u2028<br \/>\u2013 Hahaha. \u00c5h, nej. Liding\u00f6! Och pappa \u00e4r gr\u00e4vmaskinist p\u00e5 Skarp\u00f6.\u2028\u2028<\/p>\n<p><strong>Och folk \u00e5ker fr\u00e5n Japan f\u00f6r att se hans gropar?\u2028<\/strong><br \/>\u2013 Ja, precis. Folk d\u00f6r f\u00f6r de d\u00e4r groparna! Nej, men han jobbade med reklam innan.\u2028\u2028<\/p>\n<p><strong>Du har ju b\u00e5de blivit utsedd till Framtidens artist och Sveriges b\u00e4st kl\u00e4dda kvinna. Vilket blev du gladast f\u00f6r?\u2028<\/strong><br \/>\u2013 Vet du vad? Det h\u00e4r \u00e4r s\u00e5 kul. Folk tror att jag har blivit Framtidens artist, vunnit Grammis\u2026\u2028\u2028<\/p>\n<p><strong>V\u00e4nta. Du har inte det?\u2028<\/strong><br \/>\u2013 Nej.\u2028\u2028<\/p>\n<p><strong>Varf\u00f6r tror jag det?\u2028<\/strong><br \/>\u2013 Du \u00e4r inte den f\u00f6rsta! Alla har gl\u00f6mt bort att det var Eah J\u00e9 som blev Framtidens artist. Jag var bara nominerad. Men jag gillar att folk har den bilden.\u2028\u2028<\/p>\n<p><img decoding=\"async\" alt=\"\" src=\"https:\/\/www.europesays.com\/se\/wp-content\/uploads\/2026\/01\/yaeger_pressbild_3_v06.jpg\" style=\"width:801px; height:1200px\"\/><\/p>\n<p><strong>I \u00e5r sl\u00e4pper du i alla fall ditt debutalbum Piratebae\u2026<\/strong><br \/>\u2028\u2013 Kan du f\u00f6rst\u00e5 det?\u2028\u2028<\/p>\n<p><strong>Ja.\u2028<\/strong><br \/>\u2013 Det ska bli s\u00e5 sjukt nice. Det k\u00e4nns stort. Jag \u00e4r verkligen taggad p\u00e5 att marknadsf\u00f6ra det\u2026\u2028\u2028<\/p>\n<p><strong>Det var det osexigaste jag h\u00f6rt.\u2028<\/strong><br \/>\u2013 Jag vet. Men det \u00e4r en s\u00e5 stor del av mitt jobb. Har du sett den d\u00e4r intervjun med Tyler the Creator\u2026\u2028\u2028<\/p>\n<p><strong>Nej.<\/strong><br \/>\u2028\u2013 Han pratar om n\u00e4r folk sl\u00e4pper sin musik och blir s\u00e5 ledsna \u00f6ver att ingen h\u00f6r den. Men de har inte gett sig fan p\u00e5 att folk ska f\u00e5 h\u00f6ra den. Det kan man ju n\u00e4r man k\u00e4nner att man har gjort n\u00e5got av v\u00e4rde. D\u00e5 kan man sitta d\u00e4r och bara \u201dLyssna p\u00e5 det h\u00e4r! Du kommer fucka med det!\u201d.\u2028\u2028<\/p>\n<p><strong>Beskriv skivan.\u2028<\/strong><br \/>\u2013 Det \u00e4r verkligen ett album. Allt fr\u00e5n laidback groove till eufori och st\u00f6rre \u00e4n en sj\u00e4lv-k\u00e4nsla. En kombination av den mer chill delen av mig och den som verkligen vill kuka ur. \u2028\u2028<\/p>\n<p><strong>B\u00e5de ormen och h\u00e4sten?\u2028<\/strong><br \/>\u2013 Exakt! Det finns en l\u00e5t om alla vidriga ton\u00e5rsfester man var p\u00e5, os\u00e4kerhetsbubblan n\u00e4r jag gick p\u00e5 Engelska skolan och killarna var s\u00e5 vidriga. De gick i \u00e5ttan, drog ladd fr\u00e5n sina telefoner och bara: \u201dBruuudaaaar!!!!!!\u201d. De var verkligen \u201dboy sharks\u201d, som jag sjunger p\u00e5 l\u00e5ten. De k\u00e4nde doften av blod i korridorerna.\u2028<br \/>\u2013 Hela estetiken \u00e4r v\u00e4ldigt nostalgisk kring Piratebay-eran, det \u00e4r d\u00e4r namnet kommer ifr\u00e5n\u2026\u2028<\/p>\n<p><strong>Jag anade det.\u2028<\/strong><br \/>\u2013 Den \u00e4r v\u00e4ldigt inspirerad av det jag inspirerades av d\u00e5. The Hives, The Shins, The Sounds\u2026 alla \u201dThe\u201d. Att ladda ner musik var det som gjorde att jag verkligen blev k\u00e4r i musik, som var min och som jag best\u00e4mde \u00f6ver, p\u00e5 min Ipod.\u2028\u2028<\/p>\n<p><strong>Du funderade aldrig p\u00e5 att k\u00f6ra seglarstil?\u2028<\/strong><br \/>\u2013 Det kanske blir det ocks\u00e5. Seglarskor \u00e4r inte helt fel. Fast jag skulle nog mer vilja ha loafers. Jag var v\u00e4ldigt inne p\u00e5 att k\u00f6pa ett par lila loafers i somras. Varf\u00f6r gjorde jag inte det? \u2028<\/p>\n<p><strong>Du f\u00e5r v\u00e4nta tills du hittar ett par lila loafers p\u00e5 second hand.\u2028<\/strong><br \/>\u2013 Haha, ja! Jag kan ju inte k\u00f6pa ett par nya lila loafers, driver du? Det \u00e4r det som \u00e4r grejen med second hand. Man kan hitta s\u00e5 dumma grejer. \u2028\u2028<\/p>\n<p><strong>Vad \u00e4r det dummaste du har k\u00f6pt?<\/strong><br \/>\u2028\u2013 Oj, men gud. Det g\u00e5r n\u00e4stan inte att svara p\u00e5. Jag kommer att t\u00e4nka p\u00e5 saker, men jag tycker ju de \u00e4r snygga. En gul hatt med palmer och ett litet hus fr\u00e5n Prada\u2026\u2028\u2028<\/p>\n<p><strong>Det l\u00e5ter inte s\u00e5 dumt.\u2028<\/strong><br \/>\u2013 Din tr\u00f6ja \u00e4r inte s\u00e5 dum. Man tycker ju inte det om man k\u00f6per den.\u2028\u2028<\/p>\n<p><strong>Fast jag funderade \u00e4nd\u00e5 p\u00e5 om den var f\u00f6r dum n\u00e4r jag k\u00f6pte den. Jag t\u00e4nkte att de h\u00e4r stora stickade weed-bladen skulle kunna leda till problem i s\u00e4kerhetskontrollen p\u00e5 flygplatser. Men s\u00e5 kom jag p\u00e5 att jag kan ha p\u00e5 mig n\u00e5got annat n\u00e4r jag flyger.<\/strong>\u2028<br \/>\u2013 Smart!\u2028\u2028<\/p>\n<p><strong>Kan du ber\u00e4tta n\u00e5gon fun fact om pirater?<\/strong><br \/>\u2028\u2013 Inte riktigt.\u2028<\/p>\n<p><strong>\u2028D\u00e5 skiter vi i det. Vad skulle du ta med dig till en \u00f6de \u00f6?\u2028<\/strong><br \/>\u2013 Hur m\u00e5nga saker f\u00e5r jag ta med mig? En?<\/p>\n<p><strong>V\u00e4lj du. Det \u00e4r du som ska vara p\u00e5 en \u00f6de \u00f6.\u2028<\/strong><br \/>\u2013 F\u00e5r jag ta med mig en person?\u2028<\/p>\n<p><strong>\u2028Ja.\u2028<\/strong><br \/>\u2013 D\u00e5 skulle jag ta med mig en person. Och lotion! Det d\u00e4r har jag faktiskt t\u00e4nkt p\u00e5. Hur klarar man sig om man har j\u00e4ttetorr hud och m\u00e5ste sm\u00f6rja sig hela tiden? D\u00e5 d\u00f6r man ju av det. Man \u00e4r k\u00f6rd! Hejd\u00e5!\u2028\u2028<\/p>\n<p><strong>Du spelade i Paris i h\u00f6stas. Hur var det?<\/strong>\u2028<br \/>\u2013 Det var j\u00e4ttekul. Det var i en svettig k\u00e4llare och jag var sjukt n\u00e4rvarande. Jag \u00e4lskar Paris. Folk sitter och dricker vin mitt p\u00e5 dagen n\u00e4r de jobbar. Och s\u00e5 har de bra klubbar, eller de har i alla fall klubbar\u2026\u2028\u2028<\/p>\n<p><strong>Du passar p\u00e5 att skicka en k\u00e4nga till Stockholms nattliv?<\/strong>\u2028<br \/>\u2013 Nej, jag har s\u00e5dan j\u00e4vla respekt f\u00f6r folk som jobbar med det. Praise Spice! De som styr Tr\u00e4dg\u00e5rden, Spice och Under bron \u00e4r stadens hj\u00e4ltar!\u2028\u2028<\/p>\n<p><strong>De jobbar i motvind. Stockholms stad blir ju nerv\u00f6sa bara det h\u00f6rs lite musik p\u00e5 en balkong.\u2028<\/strong><br \/>\u2013 Jag \u00e4r s\u00e5 lack p\u00e5 att man l\u00e5ngsamt f\u00f6rs\u00f6ker d\u00f6da kulturlivet\u2026\u2028\u2028<\/p>\n<p><strong>Och politikerna bara sitter p\u00e5 sina feta arslen och g\u00f6r ingenting\u2026\u2028<\/strong><br \/>\u2013 Typ. Jag f\u00f6rst\u00e5r inte att de tar bort all finansiering. Hur ser den utr\u00e4kningen ut? Hur ska alla konstn\u00e4rer, musiker och band ha n\u00e5gonstans att vara? Det \u00e4r ju att ha ett fungerande samh\u00e4lle! Det \u00e4r d\u00e4rf\u00f6r jag \u00e4r s\u00e5 glad f\u00f6r alla som startar nya klubbar. I morgon \u00f6ppnar till exempel en ny queerklubb p\u00e5 Caf\u00e9 Operas bakficka. Men alla kan v\u00e4l h\u00e5lla med om att Stockholm inte \u00e4r staden d\u00e4r vi festar b\u00e4st? Man m\u00e5ste \u00e5ka utomlands.\u2028\u2028<\/p>\n<p><strong>Har du n\u00e5gon uppfattning om hur mycket buzz det \u00e4r kring din musik utomlands?\u2028<\/strong><br \/>\u2013 Ja, det finns ju statistik. Jag spelade mycket i Tyskland 2025. Lyssningarna gick upp i Polen h\u00e4romdagen\u2026 Norge, Finland, Danmark, USA, Storbritannien\u2026 \u2028\u2028<\/p>\n<p><strong>Hur k\u00e4nner du inf\u00f6r att Sveriges mest popul\u00e4ra l\u00e5t just nu \u00e4r AI-genererad?\u2028<\/strong><br \/>\u2013 Det d\u00e4r \u00e4r s\u00e5 konstigt. Jag fattar typ inte att det \u00e4r till\u00e5tet. Det kommer g\u00e5 \u00e5t helvete. En AI-artist har precis signat en skitstor deal i USA. Det \u00e4r en massa m\u00e4n som har skapat en svart r&amp;b-ai-tjej. Kehalni gick ut och pratade om det, ni kan inte skapa en svart ai-kvinna som g\u00f6r r&amp;b. Det \u00e4r bara fel. De tar redan streams fr\u00e5n andra artister. Jag tror det kommer bli \u00e4nnu viktigare att musik \u00e4r p\u00e5 riktigt, \u00e4kta. Och att livescenen kommer bli st\u00f6rre. Just nu \u00e4r den ju d\u00f6d. Artister kan inte turnera.\u2028\u2028<\/p>\n<p><strong>Ja, man kan ju faktiskt t\u00e4nka sig att statusen f\u00f6r m\u00e4nniskogjord musik kommer \u00f6ka n\u00e4r AI-musik blir vanligare.<\/strong><br \/>\u2028\u2013 Precis! Det g\u00e5r att ta p\u00e5. Man beh\u00f6ver ju redan fundera p\u00e5 vad som \u00e4r p\u00e5 riktigt i den v\u00e4rlden vi lever i nu. N\u00e4r jag sitter vid datorn k\u00e4nner jag verkligen att jag \u00e4r i datorn. Det \u00e4r en parallell v\u00e4rld, en annan verklighet.\u2028\u2028<\/p>\n<p><strong>Men om vi nu har uppfunnit en verklighet som \u00e4r b\u00e4ttre \u00e4n den verkliga verkligheten\u2026 Ska vi inte bara vara i den?<\/strong>\u2028<br \/>\u2013 Nja. Eskapism \u00e4r viktigt n\u00e4r v\u00e4rlden k\u00e4nns s\u00e5 m\u00f6rk och l\u00e4skig. Det \u00e4r d\u00e4rf\u00f6r alla \u00e4lskar 2016. Allt k\u00e4ndes kul, selfien var relevant\u2026 Det var s\u00e5 nice. F\u00f6r mig k\u00e4nns det n\u00f6dv\u00e4ndigt att kunna f\u00f6rsvinna in i ett tv-spel och st\u00e4nga av. Men det \u00e4r m\u00f6rkt om AI uppfinner en b\u00e4ttre v\u00e4rld..\u2028\u2028<\/p>\n<p><strong>Men den \u00e4r ju b\u00e4ttre?<\/strong><br \/>\u2028\u2013 Really? Vem \u00e4ger den v\u00e4rlden? N\u00e5got techbolag typ? Och vi har ingenting att s\u00e4ga till om. Vi \u00e4r \u00e4gda. Det \u00e4r f\u00f6r m\u00f6rkt.\u2028\u2028<\/p>\n<p><strong>Vad anv\u00e4nder du ChatGPT till?<\/strong><br \/>\u2028\u2013 Inte som psykolog! Jag brukar bara fr\u00e5ga hur saker fungerar och hur folk brukar t\u00e4nka. H\u00e4romdagen fr\u00e5gade jag vilket som \u00e4r det vanligaste s\u00e4ttet att uppleva minnen. 95 procent ser bilder i varierande utstr\u00e4ckning. Men runt 5 procent har afantasi, enligt ChatGPT.\u2028\u2028<\/p>\n<p><strong>Jag \u00e4r en av dem.\u2028<\/strong><br \/>\u2013 Va? Ber\u00e4tta allt! Jag \u00e4r s\u00e5 intresserad av det h\u00e4r.\u2028\u2028<\/p>\n<p><strong>F\u00f6r n\u00e5gra \u00e5r sedan f\u00f6rstod jag att m\u00e4nniskor f\u00e5r upp en bild av en fotorealistisk banan n\u00e4r de t\u00e4nker p\u00e5 en banan. Jag kan helt enkelt inte f\u00f6rest\u00e4lla mig bilder p\u00e5 det viset.\u2028<\/strong><br \/>\u2013 Vad sjukt! S\u00e5 efter den h\u00e4r intervjun kommer du inte f\u00e5 upp en bild av vart jag sitter och hur den h\u00e4r mattan ser ut?\u2028\u2028<\/p>\n<p><strong>Nix.<\/strong><br \/>\u2028\u2013 Jag \u00e4r raka motsatsen. Min stylist \u00e4r likadan som jag. Hon ber\u00e4ttade att n\u00e4r hon t\u00e4nker p\u00e5 hur hon ska styla mig ser hon mig och alla mina kl\u00e4der framf\u00f6r sig. S\u00e5 kan hon swipea mellan alla plagg i huvudet. S\u00e5 \u00e4r det f\u00f6r mig ocks\u00e5.\u2028\u2028<\/p>\n<p><strong>Har du en inre monolog?\u2028<\/strong><br \/>\u2013 Konstant. Har du?\u2028\u2028Ja.<\/p>\n<p><strong>Men det finns tydligen m\u00e4nniskor som inte h\u00f6r n\u00e5gonting. Det tycker jag \u00e4r sjukt. Vad \u00e4r det som p\u00e5g\u00e5r d\u00e5?\u2028<\/strong><br \/>\u2013 Eller hur! \u00c4r det bara tyst? Det \u00e4r s\u00e5 intressant att vi upplever verkligheten olika hela tiden.\u2028\u2028<\/p>\n<p><strong>Vad har du f\u00f6r icks p\u00e5 killar?\u2028<\/strong><br \/>\u2013 Jadu.. Det \u00e4r v\u00e4l lite som det vi pratade om med kl\u00e4derna, att man m\u00e4rker n\u00e4r n\u00e5gon kl\u00e4r ut sig. Om man inte upplever att man pratar med den personen som man pratar med. Det f\u00e5r jag ick p\u00e5.\u2028\u2028<\/p>\n<p><strong>Icke-autentiska killar?<\/strong><br \/>\u2028\u2013 Ja. Du kan vara datorn\u00f6rd, s\u00e5 l\u00e4nge jag k\u00e4nner att du \u00e4r datorn\u00f6rd och inte l\u00e5tsas vara datorn\u00f6rd.\u2028\u2028<\/p>\n<p><strong>Bianca Ingrosso har sagt n\u00e5got liknande. Typ \u201dJag har j\u00e4ttesv\u00e5rt f\u00f6r m\u00e4nniskor som inte bara \u00e4r den de \u00e4r i dag\u201d. Det \u00e4r samplat i en C Gambino-l\u00e5t.\u2028<\/strong><br \/>\u2013 Bra Bianca! I feel you. 100 procent! Det \u00e4r samma grej med killar som ska vara coola. Du hade kunnat vara sn\u00e4ll, men ist\u00e4llet \u00e4r du cool och dryg. Kroppspr\u00e5ket, kl\u00e4derna\u2026 Man ser igenom f\u00f6rs\u00f6ket att vara n\u00e5gon s\u00e5 snabbt.\u2028\u2028<\/p>\n<p><strong>Den 23 april g\u00f6r du din st\u00f6rsta egna konsert n\u00e5gonsin. Hur k\u00e4nns det?\u2028<\/strong><br \/>\u2013 Jag ska fan s\u00e4lja ut den! Jag har aldrig s\u00e5lt biljetter innan, bara spelat p\u00e5 festivaler eller supportat andra artister. Det \u00e4r fett l\u00e4skigt. Kommer n\u00e5gon k\u00f6pa?\u2028\u2028<\/p>\n<p><strong>Sitter du inne och uppdaterar biljettf\u00f6rs\u00e4ljningen varje dag?<\/strong><br \/>\u2028\u2013 Nej. Men jag f\u00e5r v\u00e4ldigt positiva uppdateringar. Det k\u00e4nns s\u00e5 fett att folk k\u00f6per biljetter med riktiga pengar f\u00f6r att komma och se n\u00e5gonting. Jag \u00e4r s\u00e5 redo.\u2028\u2028<\/p>\n<p><strong>Vad kan de f\u00f6rv\u00e4nta sig?\u2028<\/strong><br \/>\u2013 Mitt allt! Jag har skitmycket energi p\u00e5 scen, jag kommer inte kunna sluta le. Jag kan inte g\u00f6mma hur glad jag \u00e4r p\u00e5 scen. Det finns s\u00e5 m\u00e5nga bilder p\u00e5 n\u00e4r jag sjunger n\u00e5gon sorgsen breakupl\u00e5t och ler fr\u00e5n \u00f6ra till \u00f6ra\u2026 \u2028\u2028<\/p>\n<p><strong>Tur att det inte syns vilken l\u00e5t du sjunger p\u00e5 bilderna.\u2028<\/strong><br \/>\u2013 Det hade sett dumt ut, men det \u00e4r f\u00f6r att jag \u00e4r glad. Jag \u00e4lskar det jag g\u00f6r, jag \u00e4lskar att tr\u00e4ffa m\u00e4nniskor och jag \u00e4lskar att st\u00e5 p\u00e5 scen. Jag ska fan v\u00e5ga vara glad 2026!<\/p>\n<p><img decoding=\"async\" alt=\"\" src=\"https:\/\/www.europesays.com\/se\/wp-content\/uploads\/2026\/01\/yaeger_pressbild_2_v06.jpg\" style=\"width:1600px; height:1067px\"\/><br \/>\u00a0<\/p>\n<p>Frasse Levinsson har tidigare intervjuat bland andra <a href=\"https:\/\/ng.se\/artiklar\/mannen-fran-mallorca\" target=\"_blank\" rel=\"nofollow noopener\">Felix Herngren<\/a>,\u00a0<a href=\"https:\/\/ng.se\/artiklar\/amanda-romare-jag-bad-till-gud-om-en-skadis-som-vagar-visa-hud\" target=\"_blank\" rel=\"nofollow noopener\">Amanda Romare och Carla Sehn<\/a>,\u00a0<a href=\"https:\/\/ng.se\/artiklar\/daniela-rathana-det-kanns-cringe-att-vilja-vara-popstjarna\" target=\"_blank\" rel=\"nofollow noopener\">Daniela Rathana<\/a>,\u00a0<a href=\"https:\/\/ng.se\/artiklar\/hunkiga-mauri\" target=\"_blank\" rel=\"nofollow noopener\">Mauri Hermundsson<\/a>,\u00a0<a href=\"https:\/\/ng.se\/artiklar\/hannah-amanda-vi-mar-fortfarande-piss\" target=\"_blank\" rel=\"nofollow noopener\">Hannah Widell och Amanda Schulman<\/a>,\u00a0<a href=\"https:\/\/ng.se\/artiklar\/anis-don-demina-jag-ar-helt-talanglos\" target=\"_blank\" rel=\"nofollow noopener\">Anis Don Demina<\/a>,\u00a0<a href=\"https:\/\/ng.se\/artiklar\/liv-stromquist-tank-om-det-ar-du-som-ar-ett-rovhal\" target=\"_blank\" rel=\"nofollow noopener\">Liv Str\u00f6mquist<\/a>,\u00a0<a href=\"https:\/\/ng.se\/artiklar\/de-gick-i-terapi-for-100-miljoner-kronor\" target=\"_blank\" rel=\"nofollow noopener\">Michaela Hamilton, Edvin Ryding och Felicia Maxime<\/a>,\u00a0<a href=\"https:\/\/ng.se\/artiklar\/frasse-levinsson-moter-pete-doherty\" target=\"_blank\" rel=\"nofollow noopener\">Pete Doherty<\/a>,\u00a0<a href=\"https:\/\/ng.se\/artiklar\/victor-leksell-jag-hatar-samarbeten\" target=\"_blank\" rel=\"nofollow noopener\">Victor Leksell<\/a>,\u00a0<a href=\"https:\/\/ng.se\/artiklar\/little-jinder-blir-krankt-nar-verkligheten-inte-stammer-med-fantasin\" target=\"_blank\" rel=\"nofollow noopener\">Little Jinder<\/a>,\u00a0<a href=\"https:\/\/ng.se\/artiklar\/unge-meyers-lidanden\" target=\"_blank\" rel=\"nofollow noopener\">Bianca Meyer och Jonatan Unge<\/a>,\u00a0<a href=\"https:\/\/ng.se\/artiklar\/benjamin-ingrosso-jag-ar-radd-for-att-prata-med-tjejer\" target=\"_blank\" rel=\"nofollow noopener\">Benjamin Ingrosso<\/a>\u00a0f\u00f6r N\u00f6jesguidens omslag.<\/p>\n","protected":false},"excerpt":{"rendered":"Hon \u00e4r pirat \u2013 men ingen kopia. Frasse Levinsson tr\u00e4ffar Yaeger och diskuterar AI-musik, icks p\u00e5 killar och&hellip;\n","protected":false},"author":2,"featured_media":147240,"comment_status":"","ping_status":"","sticky":false,"template":"","format":"standard","meta":{"footnotes":"","_share_on_mastodon":"0"},"categories":[67],"tags":[1589,104,903,1083,1590,1591,902,1588,1082,1596,417,1592,172,1587,1593,34,1595,258,31,33,32,30,1594,105],"class_list":["post-147239","post","type-post","status-publish","format-standard","has-post-thumbnail","category-underhallning","tag-dryck","tag-entertainment","tag-film","tag-goteborg","tag-klubb","tag-konsert","tag-konst","tag-krog","tag-litteratur","tag-lund","tag-malmo","tag-mode","tag-musik","tag-nojesguiden","tag-scen","tag-se","tag-spel","tag-stockholm","tag-svenska","tag-sverige","tag-sweden","tag-swedish","tag-tv","tag-underhallning"],"share_on_mastodon":{"url":"https:\/\/pubeurope.com\/@se\/115961109100312767","error":""},"_links":{"self":[{"href":"https:\/\/www.europesays.com\/se\/wp-json\/wp\/v2\/posts\/147239","targetHints":{"allow":["GET"]}}],"collection":[{"href":"https:\/\/www.europesays.com\/se\/wp-json\/wp\/v2\/posts"}],"about":[{"href":"https:\/\/www.europesays.com\/se\/wp-json\/wp\/v2\/types\/post"}],"author":[{"embeddable":true,"href":"https:\/\/www.europesays.com\/se\/wp-json\/wp\/v2\/users\/2"}],"replies":[{"embeddable":true,"href":"https:\/\/www.europesays.com\/se\/wp-json\/wp\/v2\/comments?post=147239"}],"version-history":[{"count":0,"href":"https:\/\/www.europesays.com\/se\/wp-json\/wp\/v2\/posts\/147239\/revisions"}],"wp:featuredmedia":[{"embeddable":true,"href":"https:\/\/www.europesays.com\/se\/wp-json\/wp\/v2\/media\/147240"}],"wp:attachment":[{"href":"https:\/\/www.europesays.com\/se\/wp-json\/wp\/v2\/media?parent=147239"}],"wp:term":[{"taxonomy":"category","embeddable":true,"href":"https:\/\/www.europesays.com\/se\/wp-json\/wp\/v2\/categories?post=147239"},{"taxonomy":"post_tag","embeddable":true,"href":"https:\/\/www.europesays.com\/se\/wp-json\/wp\/v2\/tags?post=147239"}],"curies":[{"name":"wp","href":"https:\/\/api.w.org\/{rel}","templated":true}]}}