{"id":147258,"date":"2026-01-26T11:29:15","date_gmt":"2026-01-26T11:29:15","guid":{"rendered":"https:\/\/www.europesays.com\/se\/147258\/"},"modified":"2026-01-26T11:29:15","modified_gmt":"2026-01-26T11:29:15","slug":"maria-trilsk-till-dryckesfest-goteborg-2026","status":"publish","type":"post","link":"https:\/\/www.europesays.com\/se\/147258\/","title":{"rendered":"Maria Trilsk till Dryckesfest G\u00f6teborg 2026"},"content":{"rendered":"<p>\n\t<strong>Maria Trilsk Bryggeriaktiebolag har snabbt seglat upp som en av favoriterna hos v\u00e5ra bes\u00f6kare. D\u00e4rf\u00f6r \u00e4r det toppen att de har valt att vara med \u00e4ven i \u00e5r.\u00a0<\/strong><\/p>\n<p>\n\t\u00a0<\/p>\n<p>\n\tVi st\u00e4llde n\u00e5gra snabba fr\u00e5got till Maria, och ni kan utan st\u00f6rre anstr\u00e4ngning l\u00e4sa svaren genom att flytta blicken n\u00e5gra rader ned i den h\u00e4r artikeln.<\/p>\n<p>\n\t\u00a0<\/p>\n<p>\n\t<strong>Hej Maria, kul att ni kommer i \u00e5r igen. Vilken \u00f6l som ni har med m\u00e5ste vi bara provsmaka?<\/strong><\/p>\n<p>\n\t\u2013 Ja vi \u00e4r j\u00e4tteglada f\u00f6r det och i \u00e5r tar vi med en brittisk bitter, som \u00e4r min personliga favoritstil. Den har blivit justerad n\u00e5gra g\u00e5nger men nu tycker jag nog att vi har satt den!<\/p>\n<p>\n\t\u00a0<\/p>\n<p>\n\t<strong>Hur skulle du beskriva er \u00f6lstil?<\/strong><\/p>\n<p>\n\t\u2013 Traditionell och l\u00e4ttsam, det ska vara enkelt, gott och rakt p\u00e5 smak.<\/p>\n<p>\n\t\u00a0<\/p>\n<p>\n\t<strong>Vad har ni f\u00f6r tips till en person som inte l\u00e4rt sig uppskatta en god \u00f6l?<\/strong><\/p>\n<p>\n\t\u2013 Oj, ja men prova prova prova. Jag har haft provningar med folk som sagt tex \u201djag gillar inte ipa\u201d som sedan kanske visar sig bara testat en typ men hittar en annan typ de gillar. S\u00e5 prova och be om tips.<\/p>\n<p>\n\t\u00a0<\/p>\n<p>\n\t<strong>Vad ser du fram emot under 2026?<\/strong><\/p>\n<p>\n\t\u2013 Alla roliga m\u00e4ssor, att f\u00e5 in en \u00f6l p\u00e5 Systembolaget och att brygga en ny \u00f6l till en restaurang som vill ha en hus\u00f6l.<\/p>\n<p>\n\t\u00a0<\/p>\n<p>\n\t<strong>Hur avnjuter ni helst er \u00f6l? B\u00e4sta scenariot!<\/strong><\/p>\n<p>\n\t\u2013 Tillsammans med en riktig pangmiddag s\u00e5 klart! Nu i januari kan man g\u00f6ra en riktigt mustig s\u00e5s som passar perfekt till en bitter eller amber ale. Att laga mat med \u00f6l \u00e4r ocks\u00e5 super, vi har exempelvis gjort en moule frites med v\u00e5r syrliga \u00f6l som ers\u00e4ttare f\u00f6r vitt vin.<\/p>\n<p>\n\t\u00a0<\/p>\n<p>\n\t\u00a0<\/p>\n<p>\n\t\u00a0<\/p>\n","protected":false},"excerpt":{"rendered":"Maria Trilsk Bryggeriaktiebolag har snabbt seglat upp som en av favoriterna hos v\u00e5ra bes\u00f6kare. D\u00e4rf\u00f6r \u00e4r det toppen&hellip;\n","protected":false},"author":2,"featured_media":147259,"comment_status":"","ping_status":"","sticky":false,"template":"","format":"standard","meta":{"footnotes":"","_share_on_mastodon":"0"},"categories":[67],"tags":[1589,104,903,1083,1590,1591,902,1588,1082,1596,417,1592,172,1587,1593,34,1595,258,31,33,32,30,1594,105],"class_list":["post-147258","post","type-post","status-publish","format-standard","has-post-thumbnail","category-underhallning","tag-dryck","tag-entertainment","tag-film","tag-goteborg","tag-klubb","tag-konsert","tag-konst","tag-krog","tag-litteratur","tag-lund","tag-malmo","tag-mode","tag-musik","tag-nojesguiden","tag-scen","tag-se","tag-spel","tag-stockholm","tag-svenska","tag-sverige","tag-sweden","tag-swedish","tag-tv","tag-underhallning"],"share_on_mastodon":{"url":"https:\/\/pubeurope.com\/@se\/115961171977599027","error":""},"_links":{"self":[{"href":"https:\/\/www.europesays.com\/se\/wp-json\/wp\/v2\/posts\/147258","targetHints":{"allow":["GET"]}}],"collection":[{"href":"https:\/\/www.europesays.com\/se\/wp-json\/wp\/v2\/posts"}],"about":[{"href":"https:\/\/www.europesays.com\/se\/wp-json\/wp\/v2\/types\/post"}],"author":[{"embeddable":true,"href":"https:\/\/www.europesays.com\/se\/wp-json\/wp\/v2\/users\/2"}],"replies":[{"embeddable":true,"href":"https:\/\/www.europesays.com\/se\/wp-json\/wp\/v2\/comments?post=147258"}],"version-history":[{"count":0,"href":"https:\/\/www.europesays.com\/se\/wp-json\/wp\/v2\/posts\/147258\/revisions"}],"wp:featuredmedia":[{"embeddable":true,"href":"https:\/\/www.europesays.com\/se\/wp-json\/wp\/v2\/media\/147259"}],"wp:attachment":[{"href":"https:\/\/www.europesays.com\/se\/wp-json\/wp\/v2\/media?parent=147258"}],"wp:term":[{"taxonomy":"category","embeddable":true,"href":"https:\/\/www.europesays.com\/se\/wp-json\/wp\/v2\/categories?post=147258"},{"taxonomy":"post_tag","embeddable":true,"href":"https:\/\/www.europesays.com\/se\/wp-json\/wp\/v2\/tags?post=147258"}],"curies":[{"name":"wp","href":"https:\/\/api.w.org\/{rel}","templated":true}]}}