{"id":147634,"date":"2026-01-26T17:24:07","date_gmt":"2026-01-26T17:24:07","guid":{"rendered":"https:\/\/www.europesays.com\/se\/147634\/"},"modified":"2026-01-26T17:24:07","modified_gmt":"2026-01-26T17:24:07","slug":"tommy-samuelsson-lamnar-timra-vk-se","status":"publish","type":"post","link":"https:\/\/www.europesays.com\/se\/147634\/","title":{"rendered":"Tommy Samuelsson l\u00e4mnar Timr\u00e5 &#8211; vk.se"},"content":{"rendered":"<ol>\n<li><a href=\"https:\/\/news.google.com\/rss\/articles\/CBMickFVX3lxTE8xdTQ0bzkzMFZzRzJDMjBqTVdSN2otT19ZNTdyblQ3a3pESFN3OTBSeVFhcUpyT3dZN185Z19qVkRSS0pocG0tVTRPc1haVTExaDhqQWxnRzBheFJxX3BnUWJ1N1QyR0g1d3BpQl9OOGthUQ?oc=5\" target=\"_blank\" rel=\"nofollow noopener\">Tommy Samuelsson l\u00e4mnar Timr\u00e5<\/a>&nbsp;&nbsp;vk.se<\/li>\n<li><a href=\"https:\/\/news.google.com\/rss\/articles\/CBMilwFBVV95cUxQYjU5RE82VU01em1zUUpzQmNkb2hRUmJ2NUtOQ2E4S1JZRFNGbndsSEU2dW9nalVfMmdub2RfemU3TWx6YmJQWTJUN0F6bU9yUF9INVJyU2M2MjkydGVJOE9hSzl0cXRONE1QTEo5d2plZHcyc1Boa2pRbmZWdThqMEhzeFBDa3BhT2RaR0xscVBFZmhkSWdr?oc=5\" target=\"_blank\" rel=\"nofollow noopener\">SHL: Tommy Samuelsson l\u00e4mnar Timr\u00e5 efter s\u00e4songen<\/a>&nbsp;&nbsp;Aftonbladet<\/li>\n<li><a href=\"https:\/\/news.google.com\/rss\/articles\/CBMioAFBVV95cUxNX0FDQXlVck1ONjNiOUMtQWc3UG5pX3dlN1Jydm1iMFNIMzBkQ284UDZvbEpPN2lOVE9iVUdyb3VQNnJaZWxZc0lycUtwUEItOTI4SG9WcTVlTnpvRzEyTzNhNFVjUm1UY1RiajNDaVNIelR2RXRpeVhmS0tZV3pObXJsUFVqYng1Rnk2TTdFYlMxeTR5ek9mM1A5NXpzdXI3?oc=5\" target=\"_blank\" rel=\"nofollow noopener\">Efter en s\u00e4song \u2013 FBK-ikonen l\u00e4mnar: \u201dSlippa spekulationerna\u201d<\/a>&nbsp;&nbsp;nwt.se<\/li>\n<li><a href=\"https:\/\/news.google.com\/rss\/articles\/CBMikAFBVV95cUxQNExpVWlHa244OXdUbVJXX1ZRVkdRX3NkTmNQQXRtWFI3TFJuRTdQdDBXS2F4SDJvM0ZJV2lVRTVnSGZiRjVscUxSd3hieGhfRGhnMTNmb0VmOHVxQ0tBQlhNNXhJRDJsUGtId3gtT2FhUlJlMFJRUmFRZnFpcUlIWnRIOGQyOWdIa3dhT3o1aGM?oc=5\" target=\"_blank\" rel=\"nofollow noopener\">Ishockey: Tommy Samuelsson l\u00e4mnar Timr\u00e5 efter s\u00e4songen \u2013 Senaste nytt: SHL<\/a>&nbsp;&nbsp;SVT Nyheter<\/li>\n<li><a href=\"https:\/\/news.google.com\/rss\/articles\/CBMibkFVX3lxTE94VTZvS3AtcEZUTGk1YzAtQy1NOUtOLVFvd2FEZ3pYcTdKWkM2M3NvbUQyaVVaY1gxUmZRMDJrMFRZT1Z5UlJ1aERtTE5kQXowbW95WnhzYjF4bHMyM1BBODZEakNFQkRuWFQwY3F3?oc=5\" target=\"_blank\" rel=\"nofollow noopener\">KR\u00d6NIKA: Ett kort men lyckligt (?) \u00e4ktenskap<\/a>&nbsp;&nbsp;st.nu<\/li>\n<\/ol>\n","protected":false},"excerpt":{"rendered":"Tommy Samuelsson l\u00e4mnar Timr\u00e5&nbsp;&nbsp;vk.se SHL: Tommy Samuelsson l\u00e4mnar Timr\u00e5 efter s\u00e4songen&nbsp;&nbsp;Aftonbladet Efter en s\u00e4song \u2013 FBK-ikonen l\u00e4mnar: \u201dSlippa&hellip;\n","protected":false},"author":2,"featured_media":147635,"comment_status":"","ping_status":"","sticky":false,"template":"","format":"standard","meta":{"footnotes":""},"categories":[68],"tags":[34,111,110,31,33,32,30],"class_list":{"0":"post-147634","1":"post","2":"type-post","3":"status-publish","4":"format-standard","5":"has-post-thumbnail","7":"category-sport","8":"tag-se","9":"tag-sport","10":"tag-sports","11":"tag-svenska","12":"tag-sverige","13":"tag-sweden","14":"tag-swedish"},"share_on_mastodon":{"url":"https:\/\/pubeurope.com\/@se\/115962568128824885","error":""},"_links":{"self":[{"href":"https:\/\/www.europesays.com\/se\/wp-json\/wp\/v2\/posts\/147634","targetHints":{"allow":["GET"]}}],"collection":[{"href":"https:\/\/www.europesays.com\/se\/wp-json\/wp\/v2\/posts"}],"about":[{"href":"https:\/\/www.europesays.com\/se\/wp-json\/wp\/v2\/types\/post"}],"author":[{"embeddable":true,"href":"https:\/\/www.europesays.com\/se\/wp-json\/wp\/v2\/users\/2"}],"replies":[{"embeddable":true,"href":"https:\/\/www.europesays.com\/se\/wp-json\/wp\/v2\/comments?post=147634"}],"version-history":[{"count":0,"href":"https:\/\/www.europesays.com\/se\/wp-json\/wp\/v2\/posts\/147634\/revisions"}],"wp:featuredmedia":[{"embeddable":true,"href":"https:\/\/www.europesays.com\/se\/wp-json\/wp\/v2\/media\/147635"}],"wp:attachment":[{"href":"https:\/\/www.europesays.com\/se\/wp-json\/wp\/v2\/media?parent=147634"}],"wp:term":[{"taxonomy":"category","embeddable":true,"href":"https:\/\/www.europesays.com\/se\/wp-json\/wp\/v2\/categories?post=147634"},{"taxonomy":"post_tag","embeddable":true,"href":"https:\/\/www.europesays.com\/se\/wp-json\/wp\/v2\/tags?post=147634"}],"curies":[{"name":"wp","href":"https:\/\/api.w.org\/{rel}","templated":true}]}}