{"id":14785,"date":"2025-08-27T09:01:07","date_gmt":"2025-08-27T09:01:07","guid":{"rendered":"https:\/\/www.europesays.com\/se\/14785\/"},"modified":"2025-08-27T09:01:07","modified_gmt":"2025-08-27T09:01:07","slug":"sverige-ber-storbritannien-om-hjalp-med-dermot-clemenger","status":"publish","type":"post","link":"https:\/\/www.europesays.com\/se\/14785\/","title":{"rendered":"Sverige ber Storbritannien om hj\u00e4lp med Dermot Clemenger"},"content":{"rendered":"<p>Publicerad 27 aug 2025 kl 10.31Uppdaterad kl 10.42<\/p>\n<p>\u00d6rebro tingsr\u00e4tt ber \u00e5terigen om r\u00e4ttslig hj\u00e4lp fr\u00e5n Storbritannien f\u00f6r att hitta Dermot Clemenger, som \u00e4r internationellt efterlyst f\u00f6r flera sexk\u00f6p.<\/p>\n<p>Se Dermot Clemenger fly fr\u00e5n Expressens fr\u00e5gor<img   alt=\"\"\/><\/p>\n<p>Dermot Clemenger.<\/p>\n<p>Foto: PATRIK C \u00d6STERBERG \/ STELLA PICTURES<\/p>\n<p>\u00d6ppna bild i helsk\u00e4rm<\/p>\n<p>Av de 31 sexk\u00f6p TV4- och \u201dLet&#8217;s dance\u201d-profilen Dermot Clemenger \u00e5talades f\u00f6r \u00e5terst\u00e5r nu bara fyra. <a href=\"https:\/\/www.expressen.se\/noje\/27-sexkop-avskrivna-da-gar-clemenger-fri\/\" rel=\"nofollow noopener\" target=\"_blank\">Resten har preskriberats.<\/a><\/p>\n<p>Nu vill \u00e5klagaren och \u00d6rebro tingsr\u00e4tt ha hj\u00e4lp av Storbritannien f\u00f6r att delge <a href=\"https:\/\/www.expressen.se\/tagg\/person\/dermot-clemenger\/\" class=\"\" rel=\"nofollow noopener\" target=\"_blank\">Dermot Clemenger<\/a> st\u00e4mningen, vilket skulle inneb\u00e4ra att \u00e5talspunkterna slutade skrivas av.<\/p>\n<p>Under tiden p\u00e5 flykt har Clemenger misst\u00e4nkts befinna sig i Storbritannien och p\u00e5 Irland. I mars <a href=\"https:\/\/www.expressen.se\/noje\/har-hittar-expressen-dermot-clemenger-da-flyr-han-direkt\/\" rel=\"nofollow noopener\" target=\"_blank\">hittade Expressen honom <\/a>p\u00e5 ett hotell i London.<\/p>\n<p>F\u00f6rs\u00f6kt tidigare utan resultat<\/p>\n<p>I dokument Expressen tagit del av trycker nu \u00d6rebro tingsr\u00e4tt p\u00e5 just tidspressen n\u00e4r de v\u00e4djar om hj\u00e4lp.<\/p>\n<p>\u201d\u00d6rebro tingsr\u00e4tt ber respektfullt om hj\u00e4lp att delge de bifogade handlingarna\u201d, skriver tingsr\u00e4tten i ett mejl till UKCA, United Kingdom crime agency.<\/p>\n<p>Det \u00e4r en myndighet som samarbetar med polisen och andra f\u00f6r att bek\u00e4mpa brott i Storbritannien.<\/p>\n<p>Sverige har tidigare v\u00e4nt sig till dem f\u00f6r hj\u00e4lp, men d\u00e5 utan resultat.<\/p>\n","protected":false},"excerpt":{"rendered":"Publicerad 27 aug 2025 kl 10.31Uppdaterad kl 10.42 \u00d6rebro tingsr\u00e4tt ber \u00e5terigen om r\u00e4ttslig hj\u00e4lp fr\u00e5n Storbritannien f\u00f6r&hellip;\n","protected":false},"author":2,"featured_media":14786,"comment_status":"","ping_status":"","sticky":false,"template":"","format":"standard","meta":{"footnotes":""},"categories":[67],"tags":[104,199,1204,34,31,33,32,30,1242,105],"class_list":{"0":"post-14785","1":"post","2":"type-post","3":"status-publish","4":"format-standard","5":"has-post-thumbnail","7":"category-underhallning","8":"tag-entertainment","9":"tag-location-storbritannien","10":"tag-person-dermot-clemenger","11":"tag-se","12":"tag-svenska","13":"tag-sverige","14":"tag-sweden","15":"tag-swedish","16":"tag-topic-sexualbrott","17":"tag-underhallning"},"share_on_mastodon":{"url":"","error":""},"_links":{"self":[{"href":"https:\/\/www.europesays.com\/se\/wp-json\/wp\/v2\/posts\/14785","targetHints":{"allow":["GET"]}}],"collection":[{"href":"https:\/\/www.europesays.com\/se\/wp-json\/wp\/v2\/posts"}],"about":[{"href":"https:\/\/www.europesays.com\/se\/wp-json\/wp\/v2\/types\/post"}],"author":[{"embeddable":true,"href":"https:\/\/www.europesays.com\/se\/wp-json\/wp\/v2\/users\/2"}],"replies":[{"embeddable":true,"href":"https:\/\/www.europesays.com\/se\/wp-json\/wp\/v2\/comments?post=14785"}],"version-history":[{"count":0,"href":"https:\/\/www.europesays.com\/se\/wp-json\/wp\/v2\/posts\/14785\/revisions"}],"wp:featuredmedia":[{"embeddable":true,"href":"https:\/\/www.europesays.com\/se\/wp-json\/wp\/v2\/media\/14786"}],"wp:attachment":[{"href":"https:\/\/www.europesays.com\/se\/wp-json\/wp\/v2\/media?parent=14785"}],"wp:term":[{"taxonomy":"category","embeddable":true,"href":"https:\/\/www.europesays.com\/se\/wp-json\/wp\/v2\/categories?post=14785"},{"taxonomy":"post_tag","embeddable":true,"href":"https:\/\/www.europesays.com\/se\/wp-json\/wp\/v2\/tags?post=14785"}],"curies":[{"name":"wp","href":"https:\/\/api.w.org\/{rel}","templated":true}]}}