{"id":14789,"date":"2025-08-27T09:03:13","date_gmt":"2025-08-27T09:03:13","guid":{"rendered":"https:\/\/www.europesays.com\/se\/14789\/"},"modified":"2025-08-27T09:03:13","modified_gmt":"2025-08-27T09:03:13","slug":"pernilla-nyrensten-om-forsaljningarna-och-piken-mot-altor-blir-for-nervosa","status":"publish","type":"post","link":"https:\/\/www.europesays.com\/se\/14789\/","title":{"rendered":"Pernilla Nyrensten om f\u00f6rs\u00e4ljningarna och piken mot Altor \u2013 \u201cBlir f\u00f6r nerv\u00f6sa\u201d"},"content":{"rendered":"<p>F\u00f6r Breakit f\u00f6rs\u00f6ker Pernilla Nyrensten f\u00f6rklara varf\u00f6r. Avg\u00f6r sj\u00e4lv om hon lyckas!\u00a0&#13;<\/p>\n<p>Entrepren\u00f6rsprofilen passar samtidigt p\u00e5 att ge Harald Mix riskkapitalbolag Altor, som \u00e4r st\u00f6rsta \u00e4gare i RVRC, en syrlig k\u00e4nga.\u00a0&#13;<\/p>\n<p>\u201cDe har gjort sitt i bolaget\u201d, s\u00e4ger hon.<\/p>\n<p>I f\u00f6rra veckan <a href=\"https:\/\/www.breakit.se\/artikel\/43956\/paret-nyrensten-saljer-igen-cashar-in-en-kvarts-miljard\" rel=\"nofollow noopener\" target=\"_blank\">var det dags igen<\/a>. Paret Nyrensten, som inte har n\u00e5gra uppdrag i Revolutionrace l\u00e4ngre, lastade av aktier f\u00f6r en stor summa pengar \u2013 precis som de gjort upprepade g\u00e5nger under de senaste \u00e5ren.<\/p>\n<p>N\u00e4r Breakit \u00e4r i kontakt med <strong>Pernilla<\/strong> <strong>Nyrensten<\/strong> ber\u00f6mmer hon Revolutionrace utveckling och framtidspotential. Hon beskriver bolaget till och med som \u201cn\u00e4sta svenska exportunder\u201d och s\u00e4ger att bolaget g\u00e5r fr\u00e5n klarhet till klarhet.<\/p>\n<p>\u201cFenix Outdoor (Fj\u00e4llr\u00e4vens \u00e4gare; reds anm\u00e4rkning) f\u00e5r se upp. Vi \u00f6ppnar inte bara butiken tv\u00e4rs \u00f6ver gatan, nu ska vi \u00e4ven passera dem i oms\u00e4ttning\u201d, s\u00e4ger hon med anspelning p\u00e5 att Revolutionrace snart ska \u00f6ppna butik p\u00e5 Kungsgatan i centrala Stockholm.<\/p>\n<p>Revolutionrace omsatte 1,9 miljarder kronor under det senaste r\u00e4kenskaps\u00e5ret. Fenix ligger kring 7,5 miljarder kronor, men d\u00e5 ing\u00e5r flera andra saker \u00e4n Fj\u00e4llr\u00e4ven som Pernilla Nyrensten vill att Revolutionrace ska k\u00f6ra f\u00f6rbi i Norden.\u00a0<\/p>\n<p>Stabilt \u00e4r bra<\/p>\n<p>Hennes hyllningar g\u00f6r fr\u00e5gan med stort F extra intressant.\u00a0<\/p>\n<p>Varf\u00f6r s\u00e4lja om bolaget kommer g\u00e5 s\u00e5 himla bra?\u00a0<\/p>\n<p>Pernilla Nyrenstens svar g\u00e5r i m\u00e5ngt och mycket ut p\u00e5 att man inte bara kan titta p\u00e5 bolagets utveckling. Det finns andra saker att ta h\u00e4nsyn till, till exempel bolagets \u00e4garlista.\u00a0<\/p>\n<p>I den senaste aff\u00e4ren stod sex svenska institutionella \u00e4gare p\u00e5 k\u00f6parsidan. Vilka s\u00e4ger hon inte, men det kan till exempel handla om svenska pensionsfonder och vanliga aktiefonder. De aktuella sex \u00e4garna ville in i bolaget och var beredda att k\u00f6pa utan att kr\u00e4va rabatt (vilket annars \u00e4r praxis vid k\u00f6p av stora poster), ber\u00e4ttar Pernilla Nyrensten.<\/p>\n<p>Hon menar vidare att den h\u00e4r gruppen v\u00e4rnar om svenskt n\u00e4ringsliv och \u00e4r d\u00e4rf\u00f6r bra, l\u00e5ngsiktiga \u00e4gare till Revolutionrace. Bra och stabila \u00e4gare smittar \u00e4ven av sig p\u00e5 aktiekursen, lyder hennes resonemang.\u00a0<\/p>\n<p>\u201cAtt de g\u00e5r in som kapitalstarka aktie\u00e4gare skapar ju b\u00e4ttre f\u00f6ruts\u00e4ttningar f\u00f6r en stabilare aktieutveckling som bygger p\u00e5 fundamenta\u201d, s\u00e4ger hon till Breakit.<\/p>\n<p>Om ett bolag f\u00e5r in \u201cfel\u201d \u00e4gare, s\u00e4ger Pernilla Nyrensten och pekar p\u00e5 vissa hedgefonder och utl\u00e4ndska \u00e4gare, \u00f6kar risken f\u00f6r okloka beslut. Fel \u00e4gare kan ha egna agendor som inte gynnar det svenska bolaget p\u00e5 sikt.<\/p>\n<p>\u201cN\u00e4r man bygger n\u00e4sta svenska exportunder vill man ha med sig svenska institutionella muskler\u201d, forts\u00e4tter hon.\u00a0<\/p>\n<p>Alla vill bli av med Altor<\/p>\n<p>Paret Nyrensten \u00e4r idag n\u00e4st st\u00f6rsta \u00e4gare i Revolutionrace. St\u00f6rst \u00e4r Altor som satte bolaget p\u00e5 b\u00f6rsen tillsammans med grundarparet.<\/p>\n<p>Riskkapitalbolaget \u00e4r verkligen inte heller en optimal \u00e4gare till Revolutionrace i nuvarande l\u00e4ge, verkar Pernilla Nyrensten tycka av hennes kommentarer att d\u00f6ma.<\/p>\n<p>\u201cAltor vill nog alla helst bli av med. De passar b\u00e4st i onoterad milj\u00f6\u201d, s\u00e4ger hon och forts\u00e4tter:\u00a0<\/p>\n<p>\u201cI b\u00f6rsmilj\u00f6 ska de ut och de har gjort sitt i bolaget. Deras kompetens \u00e4r inte lika aktuell i n\u00e4sta fas f\u00f6r RVRC. De gillar inte att leva utanf\u00f6r boxen och \u2018comfort zone\u2019, och blir f\u00f6r nerv\u00f6sa och har inte det som kr\u00e4vs i denna fas av bolagsbygget\u201d.<\/p>\n<p>Hon och hennes make har 11,5 procent av aktierna i Revolutionrace efter den senaste f\u00f6rs\u00e4ljningen. Pernilla Nyrensten, som var bolagets vd fram till sommaren 2022, vill inte lova n\u00e5got om det kvarvarande innehavet annat \u00e4n att duon kommer att vara kvar som stor\u00e4gare och st\u00f6tta bolaget. \u201cMest sannolikt\u201d kommer \u00e4garandelen inte g\u00e5 under 10 procent. Det finns \u00e5tminstone inte n\u00e5gra avsikter idag att s\u00e4lja s\u00e5 mycket.<\/p>\n<p>\u201cMen alla vrider och v\u00e4nder p\u00e5 allt vi s\u00e4ger. Ingen f\u00f6rst\u00e5r att vi f\u00f6rs\u00f6ker g\u00f6ra det som \u00e4r r\u00e4tt\u201d, s\u00e4ger hon ocks\u00e5.\u00a0<\/p>\n<p>I det h\u00e4r sammanhanget betonar hon att grundarparets lojalitet n\u00e5gonstans \u00e4nd\u00e5 \u00e4r beroende av att ledningen inte avviker alltf\u00f6r l\u00e5ngt ifr\u00e5n den ursprungliga aff\u00e4rsmodellen \u2013 \u201caktiv outdoor\u201d under parollen \u201cNature is our playground\u201d.<\/p>\n<p>Revolutionrace noterades sommaren 2021 och priset i erbjudandet l\u00e5g p\u00e5 75 kronor (nu ligger kursen ett par, tre kronor under 50-lappen).<\/p>\n<p>Paret Nyrensten s\u00e5lde aktier f\u00f6r lite mer \u00e4n 600 miljoner kronor i samband med noteringen, och har sedan s\u00e5lt i flera omg\u00e5ngar. Enligt Breakits ber\u00e4kningar, baserat p\u00e5 \u00e4gardata fr\u00e5n Holdings, b\u00f6rjar den totala f\u00f6rs\u00e4ljningssumman nu n\u00e4rma sig 1,5 miljarder kronor.<\/p>\n<p>Delar av det beloppet har via Nyrensten Invest pl\u00f6jts ner i andra unga bolag. Vilka<a href=\"https:\/\/www.breakit.se\/artikel\/43994\/vad-gor-paret-nyrensten-med-alla-pengarna-sa-har-ser-startup-portfoljen-ut\" rel=\"nofollow noopener\" target=\"_blank\"> kan du se h\u00e4r.<\/a><\/p>\n","protected":false},"excerpt":{"rendered":"F\u00f6r Breakit f\u00f6rs\u00f6ker Pernilla Nyrensten f\u00f6rklara varf\u00f6r. Avg\u00f6r sj\u00e4lv om hon lyckas!\u00a0&#13; Entrepren\u00f6rsprofilen passar samtidigt p\u00e5 att ge&hellip;\n","protected":false},"author":2,"featured_media":14790,"comment_status":"","ping_status":"","sticky":false,"template":"","format":"standard","meta":{"footnotes":""},"categories":[65],"tags":[72,87,70,71,88,91,90,92,34,89,86,31,33,32,30,85],"class_list":{"0":"post-14789","1":"post","2":"type-post","3":"status-publish","4":"format-standard","5":"has-post-thumbnail","7":"category-ekonomi","8":"tag-business","9":"tag-digital","10":"tag-economy","11":"tag-ekonomi","12":"tag-entreprenor","13":"tag-king","14":"tag-klarna","15":"tag-riskkapital","16":"tag-se","17":"tag-spotify","18":"tag-startups","19":"tag-svenska","20":"tag-sverige","21":"tag-sweden","22":"tag-swedish","23":"tag-tech"},"share_on_mastodon":{"url":"","error":""},"_links":{"self":[{"href":"https:\/\/www.europesays.com\/se\/wp-json\/wp\/v2\/posts\/14789","targetHints":{"allow":["GET"]}}],"collection":[{"href":"https:\/\/www.europesays.com\/se\/wp-json\/wp\/v2\/posts"}],"about":[{"href":"https:\/\/www.europesays.com\/se\/wp-json\/wp\/v2\/types\/post"}],"author":[{"embeddable":true,"href":"https:\/\/www.europesays.com\/se\/wp-json\/wp\/v2\/users\/2"}],"replies":[{"embeddable":true,"href":"https:\/\/www.europesays.com\/se\/wp-json\/wp\/v2\/comments?post=14789"}],"version-history":[{"count":0,"href":"https:\/\/www.europesays.com\/se\/wp-json\/wp\/v2\/posts\/14789\/revisions"}],"wp:featuredmedia":[{"embeddable":true,"href":"https:\/\/www.europesays.com\/se\/wp-json\/wp\/v2\/media\/14790"}],"wp:attachment":[{"href":"https:\/\/www.europesays.com\/se\/wp-json\/wp\/v2\/media?parent=14789"}],"wp:term":[{"taxonomy":"category","embeddable":true,"href":"https:\/\/www.europesays.com\/se\/wp-json\/wp\/v2\/categories?post=14789"},{"taxonomy":"post_tag","embeddable":true,"href":"https:\/\/www.europesays.com\/se\/wp-json\/wp\/v2\/tags?post=14789"}],"curies":[{"name":"wp","href":"https:\/\/api.w.org\/{rel}","templated":true}]}}