{"id":147896,"date":"2026-01-27T00:49:40","date_gmt":"2026-01-27T00:49:40","guid":{"rendered":"https:\/\/www.europesays.com\/se\/147896\/"},"modified":"2026-01-27T00:49:40","modified_gmt":"2026-01-27T00:49:40","slug":"v-politiker-forsvarar-hotfull-aktion-mot-ministrar","status":"publish","type":"post","link":"https:\/\/www.europesays.com\/se\/147896\/","title":{"rendered":"V-politiker f\u00f6rsvarar hotfull aktion mot ministrar"},"content":{"rendered":"<p>Flera politiker i V\u00e4nsterpartiet har gillat sociala medier-inl\u00e4gg om aktivistgruppen Rojavakommitt\u00e9ernas aktioner mot tv\u00e5 ministrar, rapporterar Aftonbladet.<\/p>\n<p>En korg med \u00e4pplen med p\u00e5m\u00e5lade Hitleransikten placerades utanf\u00f6r migrationsminister Johan Forssells (M) hem, och en docka f\u00f6rest\u00e4llande en IS-terrorist med ett avhugget kvinnohuvud utanf\u00f6r bist\u00e5ndsminister Benjamin Dousas (M) hem.<\/p>\n<p>Showan Shattak (V), ledamot i Malm\u00f6 kommunfullm\u00e4ktige, s\u00e4ger att han f\u00f6rsvarar aktionen \u201dtill 110 procent\u201d i ljuset av regeringens samarbete med det nya styret i Syrien.<\/p>\n<p>\u2013 Om det \u00e4r vad som kr\u00e4vs f\u00f6r att kunna f\u00e5 upp det h\u00e4r p\u00e5 dagordningen, s\u00e5 ja.<\/p>\n<p>Jesper Sahl\u00e9n (V), distriktsordf\u00f6rande i Sk\u00e5ne, uppger att han kontaktat de partikollegor som gillat inl\u00e4ggen och insk\u00e4rpt att det \u00e4r ol\u00e4mpligt.<\/p>\n<p>Omni \u00e4r politiskt obundna och oberoende. Vi str\u00e4var efter att ge fler perspektiv p\u00e5 nyheterna. Har du fr\u00e5gor eller synpunkter kring v\u00e5r rapportering? <a href=\"https:\/\/omni.se\/v-politiker-forsvarar-hotfull-aktion-mot-ministrar\/a\/mailto:redaktion@omni.se\" class=\"ArticleActions_contactLink__W2F1M\" rel=\"nofollow noopener\" target=\"_blank\">Kontakta redaktionen<\/a><\/p>\n","protected":false},"excerpt":{"rendered":"Flera politiker i V\u00e4nsterpartiet har gillat sociala medier-inl\u00e4gg om aktivistgruppen Rojavakommitt\u00e9ernas aktioner mot tv\u00e5 ministrar, rapporterar Aftonbladet. En&hellip;\n","protected":false},"author":2,"featured_media":147897,"comment_status":"","ping_status":"","sticky":false,"template":"","format":"standard","meta":{"footnotes":"","_share_on_mastodon":"0"},"categories":[5],"tags":[1105,22,23,26,27,17,21,2693,24,25,28,29,124,551,15,16,369,18,34,14308,31,33,32,30,4251,19,20,1406],"class_list":["post-147896","post","type-post","status-publish","format-standard","has-post-thumbnail","category-rubriker","tag-benjamin-dousa","tag-breaking-news","tag-breakingnews","tag-featured-news","tag-featurednews","tag-headlines","tag-huvudnyheter","tag-johan-forssell","tag-latest-news","tag-latestnews","tag-main-news","tag-mainnews","tag-mellanostern","tag-moderaterna","tag-news","tag-nyheter","tag-politik","tag-rubriker","tag-se","tag-showan-shattak","tag-svenska","tag-sverige","tag-sweden","tag-swedish","tag-syrien","tag-top-stories","tag-topstories","tag-vansterpartiet"],"share_on_mastodon":{"url":"https:\/\/pubeurope.com\/@se\/115964317683694023","error":""},"_links":{"self":[{"href":"https:\/\/www.europesays.com\/se\/wp-json\/wp\/v2\/posts\/147896","targetHints":{"allow":["GET"]}}],"collection":[{"href":"https:\/\/www.europesays.com\/se\/wp-json\/wp\/v2\/posts"}],"about":[{"href":"https:\/\/www.europesays.com\/se\/wp-json\/wp\/v2\/types\/post"}],"author":[{"embeddable":true,"href":"https:\/\/www.europesays.com\/se\/wp-json\/wp\/v2\/users\/2"}],"replies":[{"embeddable":true,"href":"https:\/\/www.europesays.com\/se\/wp-json\/wp\/v2\/comments?post=147896"}],"version-history":[{"count":0,"href":"https:\/\/www.europesays.com\/se\/wp-json\/wp\/v2\/posts\/147896\/revisions"}],"wp:featuredmedia":[{"embeddable":true,"href":"https:\/\/www.europesays.com\/se\/wp-json\/wp\/v2\/media\/147897"}],"wp:attachment":[{"href":"https:\/\/www.europesays.com\/se\/wp-json\/wp\/v2\/media?parent=147896"}],"wp:term":[{"taxonomy":"category","embeddable":true,"href":"https:\/\/www.europesays.com\/se\/wp-json\/wp\/v2\/categories?post=147896"},{"taxonomy":"post_tag","embeddable":true,"href":"https:\/\/www.europesays.com\/se\/wp-json\/wp\/v2\/tags?post=147896"}],"curies":[{"name":"wp","href":"https:\/\/api.w.org\/{rel}","templated":true}]}}