{"id":14793,"date":"2025-08-27T09:08:07","date_gmt":"2025-08-27T09:08:07","guid":{"rendered":"https:\/\/www.europesays.com\/se\/14793\/"},"modified":"2025-08-27T09:08:07","modified_gmt":"2025-08-27T09:08:07","slug":"nordqvist-forstar-att-han-vill-bort-fran-djurgarden-viskats-lange-om-det","status":"publish","type":"post","link":"https:\/\/www.europesays.com\/se\/14793\/","title":{"rendered":"NORDQVIST: &#8221;F\u00f6rst\u00e5r att han vill bort fr\u00e5n Djurg\u00e5rden \u2013 viskats l\u00e4nge om det&#8221;"},"content":{"rendered":"<p><strong><a href=\"https:\/\/fotbolldirekt.se\/spelare\/jacob-rinne\/\" rel=\"nofollow noopener\" target=\"_blank\">Jacob Rinnes<\/a> saga med <a href=\"https:\/\/fotbolldirekt.se\/klubb\/djurgardens-if\/\" rel=\"nofollow noopener\" target=\"_blank\">Djurg\u00e5rden<\/a> har inte alls blivit s\u00e5 lycklig som han och alla bl\u00e5r\u00e4nder hoppats p\u00e5.<br \/>Vad jag h\u00f6rt har det viskats l\u00e4nge om att han vill bort efter den jobbiga sitsen och n\u00e4r nu <a href=\"https:\/\/www.aftonbladet.se\/sportbladet\/fotboll\/a\/63E2eO\/avslojar-jacob-rinne-kan-lamna-klubben-efter-bara-ett-ar-i-klubben\" rel=\"nofollow noopener\" target=\"_blank\">Sportbladet<\/a> i g\u00e5r kom med nya uppgifter kring fjol\u00e5rsv\u00e4rvningen fr\u00e5n Saudiarabiens eventuella exit redan nu nickar jag bara inst\u00e4mmande, f\u00f6r det \u00e4r fullt f\u00f6rtst\u00e5eligt att Rinne vill hitta en ny klubbadress.<\/strong><\/p>\n<p>\u201d<strong>Jag ville st\u00f6tta fram en derbyseger<\/strong>\u201d. Som kontrakterad av Al Fateh fanns Jacob Rinne p\u00e5 plats p\u00e5 derbyt mellan Djurg\u00e5rden och Hammarby i b\u00f6rjan av juni f\u00f6rra \u00e5ret. <a href=\"https:\/\/fotbolldirekt.se\/allsvenskan\/rinne-sag-djurgarden-forlora-jag-ville-stotta\/\" rel=\"nofollow noopener\" target=\"_blank\">Saudiproffset stod glatt i sm\u00e5 Djurg\u00e5rden-kl\u00e4der <\/a>som han k\u00f6pt till barnen. Det \u00e4r ingen hemlighet att Rinne under hela sitt liv dr\u00f6mt om att spela f\u00f6r sin favoritklubb Djurg\u00e5rden \u2013 och tv\u00e5 m\u00e5nader senare blev flytten en verklighet.<\/p>\n<p>Rinne v\u00e4nde hem fr\u00e5n Saudiarabien efter tv\u00e5 \u00e5r i Mellan\u00f6stern och ersatte Jacob Widell Zetterstr\u00f6m i Djurg\u00e5rdens m\u00e5l. <\/p>\n<p>H\u00f6sten var helt okej fr\u00e5n Rinnes sida i ett Djurg\u00e5rden som tappade mark i allsvenskan som gjorde succ\u00e9 i Europa.<\/p>\n<p>Tidigt i v\u00e5ras efter att Rinne tabbat sig i cupen mot IFK G\u00f6teborg sa han att han <a href=\"https:\/\/fotbolldirekt.se\/svenska-cupen\/rinne-jag-har-svikit-lagkamraterna-och-foreningen\/\" rel=\"nofollow noopener\" target=\"_blank\">inte var n\u00f6jd med sin tid i Djurg\u00e5rden<\/a>, att han hade f\u00f6rv\u00e4ntat sig mer fr\u00e5n sig sj\u00e4lv.<\/p>\n<p>V\u00e4rre blev det. Efter den cupmatchen petades Rinne av doldisen Malkolm Nilsson S\u00e4fqvist mot Pafos borta i Conference League-\u00e5ttondelsfinalen, men n\u00e4r hall\u00e4nningen sedermera gick s\u00f6nder fick Rinne chansen igen \u2013 f\u00f6r att kort senare b\u00e4nkas p\u00e5 nytt av Nilsson S\u00e4fqvists inv\u00e4rvade ers\u00e4ttare Filip Manojlovi\u0107. <\/p>\n<p>D\u00e4r och d\u00e5 b\u00f6rjade det viskas om att Rinne f\u00e5tt nog, att han ville bort. Helt pl\u00f6tsligt s\u00e5gs han mer eller mindre som trea i Djurg\u00e5rdens m\u00e5lvaktsupps\u00e4ttning, han som skulle vara den stora fr\u00e4lsaren och axla Widell Zetterstr\u00f6ms mantel mellan stolparna. <\/p>\n<p>V\u00e4rre har det blivit, Rinne gjorde knappt en allsvensk match under v\u00e5ren utan fick spela i Conference League-slutspelet d\u00e5 Manojlovi\u0107 inte var inskriven i truppen. <\/p>\n<p>F\u00f6rst i derbyt mot AIK nu i augusti tog Rinne tillbaka platsen mellan stolparna och efter den h\u00e5llna nollan var 31-\u00e5ringen tydlig: \u201dOm Jani (Honkavaara) vill att Filip (Manojlovi\u0107) ska spela blir jag f\u00f6rbannad\u201d, sa han till FD.<\/p>\n<p>Rinne fick nytt f\u00f6rtroende mot serieledarna Mj\u00e4llby i omg\u00e5ngen d\u00e4rp\u00e5 och efter 1-1 p\u00e5 Strandvallen trodde nog de flesta att han skulle vakta m\u00e5let mot BP i s\u00f6ndags.<\/p>\n<p>S\u00e5 blev det inte, Manojlovi\u0107 var tillbaka i m\u00e5let och hyllades av Honkavaara efter\u00e5t.<\/p>\n<p>Tidigare i somras fick jag h\u00f6ra att <a href=\"https:\/\/fotbolldirekt.se\/allsvenskan\/rinne-utesluter-inte-mellanostern-pa-nytt\/\" rel=\"nofollow noopener\" target=\"_blank\">Rinne uppvaktas av klubbar i Mellan\u00f6stern<\/a>, n\u00e5got Rinne inte sj\u00e4lv f\u00f6rv\u00e5nades \u00f6ver n\u00e4r jag fr\u00e5gade honom p\u00e5 Kakn\u00e4s.<\/p>\n<p>\u201dJag tror de tyckte om mig som m\u00e5lvakt och person (i Saudiarabien). Jag fick den k\u00e4nslan. De uppskattade mig som jag var och det klart att det ger ringar p\u00e5 vattnet ocks\u00e5\u201d, sa han d\u00e5.<\/p>\n<p>I g\u00e5r kom Sportbladet med uppgifter om att Rinne kan l\u00e4mna Djurg\u00e5rden redan nu, efter bara ett \u00e5r i sin dr\u00f6mmars klubb.<\/p>\n<p>Jag f\u00f6rst\u00e5r honom. Han verkar trivts v\u00e4ldigt bra i Saudi och som han sj\u00e4lv sa n\u00e4r jag bollade upp en \u00e5terkomst till Mellan\u00f6stern: \u201dS\u00e5 klart jag vill spela fotboll och kontrakten d\u00e4rborta \u00e4r mer lukrativa\u201d.<\/p>\n<p>Jag hade nog inte varit b\u00e4ttre sj\u00e4lv i Rinnes position \u00e4n att dra tillbaka dit han \u00e4r \u00f6nskad och tj\u00e4na en j\u00e4kla massa mer pengar p\u00e5 k\u00f6pet, f\u00f6r vem vill sitta b\u00e4nk n\u00e4r man kan spela \u2013 och dessutom s\u00e4kra familjens ekonomiska trygghet ytterligare? <\/p>\n","protected":false},"excerpt":{"rendered":"Jacob Rinnes saga med Djurg\u00e5rden har inte alls blivit s\u00e5 lycklig som han och alla bl\u00e5r\u00e4nder hoppats p\u00e5.Vad&hellip;\n","protected":false},"author":2,"featured_media":14794,"comment_status":"","ping_status":"","sticky":false,"template":"","format":"standard","meta":{"footnotes":""},"categories":[68],"tags":[754,34,111,110,31,33,32,30],"class_list":{"0":"post-14793","1":"post","2":"type-post","3":"status-publish","4":"format-standard","5":"has-post-thumbnail","7":"category-sport","8":"tag-huvudblock","9":"tag-se","10":"tag-sport","11":"tag-sports","12":"tag-svenska","13":"tag-sverige","14":"tag-sweden","15":"tag-swedish"},"share_on_mastodon":{"url":"","error":""},"_links":{"self":[{"href":"https:\/\/www.europesays.com\/se\/wp-json\/wp\/v2\/posts\/14793","targetHints":{"allow":["GET"]}}],"collection":[{"href":"https:\/\/www.europesays.com\/se\/wp-json\/wp\/v2\/posts"}],"about":[{"href":"https:\/\/www.europesays.com\/se\/wp-json\/wp\/v2\/types\/post"}],"author":[{"embeddable":true,"href":"https:\/\/www.europesays.com\/se\/wp-json\/wp\/v2\/users\/2"}],"replies":[{"embeddable":true,"href":"https:\/\/www.europesays.com\/se\/wp-json\/wp\/v2\/comments?post=14793"}],"version-history":[{"count":0,"href":"https:\/\/www.europesays.com\/se\/wp-json\/wp\/v2\/posts\/14793\/revisions"}],"wp:featuredmedia":[{"embeddable":true,"href":"https:\/\/www.europesays.com\/se\/wp-json\/wp\/v2\/media\/14794"}],"wp:attachment":[{"href":"https:\/\/www.europesays.com\/se\/wp-json\/wp\/v2\/media?parent=14793"}],"wp:term":[{"taxonomy":"category","embeddable":true,"href":"https:\/\/www.europesays.com\/se\/wp-json\/wp\/v2\/categories?post=14793"},{"taxonomy":"post_tag","embeddable":true,"href":"https:\/\/www.europesays.com\/se\/wp-json\/wp\/v2\/tags?post=14793"}],"curies":[{"name":"wp","href":"https:\/\/api.w.org\/{rel}","templated":true}]}}