{"id":148668,"date":"2026-01-27T20:59:12","date_gmt":"2026-01-27T20:59:12","guid":{"rendered":"https:\/\/www.europesays.com\/se\/148668\/"},"modified":"2026-01-27T20:59:12","modified_gmt":"2026-01-27T20:59:12","slug":"sd-ledaren-jimmie-akesson-hyllas-i-israel-pa-konferens-om-antisemitism-men-far-ocksa-kritik-han-mot-forintelsens-offer","status":"publish","type":"post","link":"https:\/\/www.europesays.com\/se\/148668\/","title":{"rendered":"SD-ledaren Jimmie \u00c5kesson hyllas i Israel p\u00e5 konferens om antisemitism, men f\u00e5r ocks\u00e5 kritik: \u201dH\u00e5n mot F\u00f6rintelsens offer\u201d"},"content":{"rendered":"<p>Jimmie \u00c5kesson f\u00e5r varma appl\u00e5der n\u00e4r han f\u00f6rd\u00f6mer antisemitism och hyllar Israel.<\/p>\n<p>Han talar p\u00e5 en konferens i Jerusalem \u2013 men samtidigt s\u00e4ger kritiker i Israel att SD:s och liknande partiers n\u00e4rvaro \u00e4r ett \u201dh\u00e5n mot F\u00f6rintelsens offer\u201d.<\/p>\n<p>\u2013 Att vi \u00e4r officiellt inbjudna visar att Israel inser att vi har gjort upp med v\u00e5rt f\u00f6rflutna, s\u00e4ger SD-ledaren.<\/p>\n<p><img loading=\"lazy\"   alt=\"\"\/><\/p>\n<p>Jimmie \u00c5kesson talar i Jerusalem p\u00e5 konferens om antisemitism.<\/p>\n<p>Foto: ARNE LAPIDUS<\/p>\n<p>\u00d6ppna bild i helsk\u00e4rm<img loading=\"lazy\"   alt=\"\"\/><\/p>\n<p>Israels premi\u00e4rminister Benjamin Netanyahu p\u00e5 antisemitism-konferensen i Jerusalem.<\/p>\n<p>Foto: ABIR SULTAN \/ EPA<\/p>\n<p>\u00d6ppna bild i helsk\u00e4rm<img loading=\"lazy\"   alt=\"\"\/><\/p>\n<p>Jimmie \u00c5kesson med pl\u00e5ster i pannan efter att ha slagit i huvudet \u2013 n\u00e4r han dr\u00f6mde en mardr\u00f6m.<\/p>\n<p>Foto: ARNE LAPIDUS<\/p>\n<p>\u00d6ppna bild i helsk\u00e4rm<img loading=\"lazy\"   alt=\"\"\/><\/p>\n<p>Jimmie \u00c5kesson och Amichai Chikli, Israels minister f\u00f6r kamp mot antisemitism.<\/p>\n<p>Foto: ARNE LAPIDUS<\/p>\n<p>\u00d6ppna bild i helsk\u00e4rm<img loading=\"lazy\"   alt=\"\"\/><\/p>\n<p>Efraim Zuroff, v\u00e4rldens mest k\u00e4nde nazistj\u00e4gare, kritiserar att SD \u00e4r med p\u00e5 konferensen om antisemitism.<\/p>\n<p>Foto: ARNE LAPIDUS<\/p>\n<p>\u00d6ppna bild i helsk\u00e4rm<img loading=\"lazy\"   alt=\"\"\/><\/p>\n<p>Efraim Zuroff, v\u00e4rldens mest k\u00e4nde nazistj\u00e4gare, kritiserar att SD \u00e4r med p\u00e5 konferensen om antisemitism.<\/p>\n<p>Foto: ARNE LAPIDUS<\/p>\n<p>\u00d6ppna bild i helsk\u00e4rm<\/p>\n<p>Politiker och opinionsbildare p\u00e5 h\u00f6gerkanten dominerar den stora konferensen om antisemitism i Jerusalem p\u00e5 F\u00f6rintelsens minnesdag p\u00e5 tisdagen.\u00a0<\/p>\n<p>Sverigedemokraternas ledare <a href=\"https:\/\/www.expressen.se\/tagg\/person\/jimmie-akesson\/\" class=\"\" rel=\"nofollow noopener\" target=\"_blank\">Jimmie \u00c5kesson<\/a> \u00e4r en av m\u00e5nga huvudtalare tillsammans med politiker fr\u00e5n liknande partier \u00f6ver hela v\u00e4rlden.<\/p>\n<p>Artikeln i korthet<\/p>\n<p> Jimmie \u00c5kesson f\u00e5r varma appl\u00e5der n\u00e4r han f\u00f6rd\u00f6mer antisemitism och hyllar Israel p\u00e5 en konferens i Jerusalem.<\/p>\n<p> Men kritiker s\u00e4ger att hans och liknande politikers n\u00e4rvaro \u00e4r ett \u201dh\u00e5n mot F\u00f6rintelsens offer\u201d.<\/p>\n<p> \u201dAtt vi \u00e4r officiellt inbjudna visar att Israel inser att vi gjort upp med v\u00e5rt f\u00f6rflutna\u201d, s\u00e4ger han.<\/p>\n<p>Visa merAvsl\u00f6jar SD:s nya valfr\u00e5ga<\/p>\n<p>\u2013 Historien visar oss de fruktansv\u00e4rda resultaten av antisemitism. Nu ser vi den igen i USA, Mellan\u00f6stern, Europa och ocks\u00e5 i mitt land. Judar i Sverige trakasseras och k\u00e4nner sig otrygga, s\u00e4ger Jimmie \u00c5kesson.<\/p>\n<p>SD-ledaren f\u00e5r st\u00e5ende ovationer n\u00e4r han i sitt tal f\u00f6rd\u00f6mer antisemitism i skarpa ordalag och samtidigt uttrycker sitt starka st\u00f6d f\u00f6r Israel. Liksom n\u00e4r han avsl\u00f6jar att SD:s nya valfr\u00e5ga \u00e4r en svensk terrorlista, som fr\u00e4mst riktar sig mot islamistiska anh\u00e4ngare till Muslimska br\u00f6draskapet och Iranska revolutionsgardet.<\/p>\n<p>Men det h\u00f6rs ocks\u00e5 kritiska r\u00f6ster i Israel mot att han och liknande politiker \u00f6verhuvudtaget \u00e4r inbjudna. Israel bojkottade tidigare partier med nazistiska r\u00f6tter, men \u00e4ndrade den policyn f\u00f6r n\u00e5got \u00e5r sedan.<\/p>\n<p>\u201dH\u00e5n mot F\u00f6rintelsens offer\u201d<\/p>\n<p>\u2013 Det \u00e4r ett h\u00e5n mot offren f\u00f6r F\u00f6rintelsen och deras efterlevande att partier som SD bjuds in. Tidigare var Israel mycket avvisande mot att ha kontakt med partier med problematisk historia, s\u00e4ger Efraim Zuroff, fram till nyligen chef f\u00f6r Simon Wiesenthalcentrets avdelning i Jerusalem och k\u00e4nd som v\u00e4rldens ledande nazistj\u00e4gare.<\/p>\n<p>\u2013 Israel kan samarbeta med partier som har lik i garderoben, men d\u00e5 ska de ha gjort avb\u00f6n och bett om f\u00f6rl\u00e5telse. Det \u00e4r inte fallet med SD. Israel r\u00e4knar med politiskt st\u00f6d fr\u00e5n s\u00e5dana partier, men det kan sl\u00e5 tillbaka, s\u00e4ger han.<\/p>\n<p><img loading=\"lazy\"   alt=\"\"\/><\/p>\n<p>Efraim Zuroff, v\u00e4rldens ledande nazistj\u00e4gare, kritiserar SD:s n\u00e4rvaro p\u00e5 konferensen i Jerusalem.<\/p>\n<p>Foto: ARNE LAPIDUS<\/p>\n<p>\u00d6ppna bild i helsk\u00e4rm<\/p>\n<p>Ocks\u00e5 Sharon Pardo, professor i statsvetenskap vid universitetet i Beersheba i s\u00f6dra Israel, \u00e4r skeptisk till Israels n\u00e4ra relationer med partier p\u00e5 yttersta h\u00f6gerkanten.<\/p>\n<p>\u201dHandlar om v\u00e4rdegemenskap\u201d<\/p>\n<p>\u2013 Tidigare r\u00f6rde det sig om israelisk realpolitik och strategi, Israel r\u00e4knade med att f\u00e5 politiskt st\u00f6d i utbyte. Men med den nuvarande israeliska regeringen handlar det om v\u00e4rdegemenskap, s\u00e4ger han och forts\u00e4tter:<\/p>\n<p>\u2013 V\u00e5r nuvarande regering har samma v\u00e4rderingar som dessa partier n\u00e4r det g\u00e4ller islam, internationell r\u00e4tt, minoriteter. Tidigare h\u00f6ll Israel relationerna undanskymda. Nu \u00e4r de helt \u00f6ppna trots att till exempel judiska f\u00f6rsamlingar i partiernas heml\u00e4nder \u00e4r starkt emot s\u00e5dana kontakter.<\/p>\n<p>Annons<\/p>\n<p>Jimmie \u00c5kesson avvisar kritiken.<\/p>\n<p>\u2013 Folk f\u00e5r tycka vad de vill. Att vi \u00e4r inbjudna av Israels regering visar att Israel har insett att vi gjort upp med v\u00e5rt f\u00f6rflutna. Sv\u00e5rt att vara tydligare, s\u00e4ger Jimmie \u00c5kesson.<\/p>\n<p>\u2013 Efter Hamas terrorattack den 7 oktober 2023 \u00e4r det ocks\u00e5 uppenbart f\u00f6r alla vilka som \u00e4r Israels verkliga v\u00e4nner. Och de befinner sig inte till v\u00e4nster, s\u00e4ger han.<\/p>\n<p>Riksdagsledamoten Mattias Karlsson (SD) \u00e4r ocks\u00e5 p\u00e5 plats i Jerusalem.\u00a0<\/p>\n<p>\u201dVi \u00e4r ett reformerat parti\u201d<\/p>\n<p>\u2013 F\u00f6r oss \u00e4r inbjudan hit ett slags erk\u00e4nnande av att vi \u00e4r ett reformerat parti. Israels ministerium med uppgift att s\u00e4kra judars s\u00e4kerhet i v\u00e4rlden har bjudit in oss. Det \u00e4r uppenbart att de har en annan uppfattning \u00e4n andra som kritiserar v\u00e5r n\u00e4rvaro, s\u00e4ger han.<\/p>\n<p>Jimmie \u00c5kesson och andra konferensdeltagare bes\u00f6kte p\u00e5 tisdagseftermiddagen Yad Vashem, Israels f\u00f6rintelsemuseum och -minnesm\u00e4rke bel\u00e4get p\u00e5 en av Jerusalems m\u00e5nga kullar. D\u00e4r finns en gripande utst\u00e4llning, d\u00e4r finns ett stort arkiv med vittnesm\u00e5l och d\u00e4r bedrivs forskning om F\u00f6rintelsen.<\/p>\n<p>Men Yad Vashem \u00e4r inte inblandat i konferensen. Dess chef har sett till att han \u00e4r upptagen utomlands s\u00e5 han deltar inte i m\u00f6tet. Precis som under motsvarande konferens f\u00f6r ett \u00e5r sedan.<\/p>\n<p>Yad Vashems talesperson Ari Rabinovitch vill inte kommentera SD:s och andra partiers n\u00e4rvaro, men ger institutionens officiella st\u00e5ndpunkt:<\/p>\n<p>\u201dYad Vashem har ofta uttryckt djup oro \u00f6ver att partier p\u00e5 yttersta h\u00f6gerkanten g\u00e5r fram i Europa. M\u00e5nga av dem har tydliga antisemitiska r\u00f6tter. Kontakt med s\u00e5dana partier kr\u00e4ver att de genomf\u00f6r en djupg\u00e5ende f\u00f6r\u00e4ndring av sina program och ideologier.\u201d<\/p>\n<p>\u201dAntisemitism l\u00e4nge marginellt fenomen\u201d<\/p>\n<p>Strax f\u00f6re Jimmie \u00c5kessons tal framtr\u00e4der \u00d6sterrikes tidigare f\u00f6rbundskansler Sebastian Kurz och den brasilianske presidentkandidaten Fl\u00e1vio Bolsonaro, son till Brasiliens expresident Jair Bolsonaro som nyligen d\u00f6mdes till 27 \u00e5rs f\u00e4ngelse f\u00f6r f\u00f6rs\u00f6k till statskupp.<\/p>\n<p>I talet s\u00e4ger han att antisemitism v\u00e4xer sig stark i Sverige p\u00e5 grund av invandring \u2013 efter att tidigare ha varit praktiskt taget obefintlig.<\/p>\n<p>\u2013 N\u00e4r man v\u00e4xer upp i ett land d\u00e4r antisemitism under l\u00e5ng tid var ett marginellt fenomen, n\u00e5got som f\u00f6rknippades med en grupp exkluderade, marginaliserade och bortgl\u00f6mda unga m\u00e4n, n\u00e5got som resten av samh\u00e4llet tydligt tog avst\u00e5nd fr\u00e5n. D\u00e5 \u00e4r det en skr\u00e4mmande insikt att detta inte l\u00e4ngre \u00e4r fallet, s\u00e4ger Jimmie \u00c5kesson.<\/p>\n<p>Konferensen anordnas i regi av Amichai Chikli, Israels minister f\u00f6r diasporan, allts\u00e5 fr\u00e5gor som r\u00f6r judar runtom i v\u00e4rlden, samt f\u00f6r kampen mot antisemitism.<\/p>\n<p><img loading=\"lazy\"   alt=\"\"\/><\/p>\n<p>Arne Lapidus p\u00e5 plats i Jerusalem.<\/p>\n<p>\u00d6ppna bild i helsk\u00e4rm<strong>L\u00c4S MER: <\/strong><a href=\"https:\/\/www.expressen.se\/nyheter\/politik\/bilden-pa-akesson-efter-skadan-en-personlig-drom\/\" class=\"\" rel=\"nofollow noopener\" target=\"_blank\">\u00c5kessons mardr\u00f6m: Jagad av \u201daggressiv islamist\u201d<\/a><strong>L\u00c4S MER: <\/strong><a href=\"https:\/\/www.expressen.se\/nyheter\/politik\/jimmie-akesson-fick-akutvard-otur\/\" class=\"\" rel=\"nofollow noopener\" target=\"_blank\">Jimmie \u00c5kesson fick akutv\u00e5rd: \u201dOtur\u201d<\/a><strong>L\u00c4S MER: <\/strong><a href=\"https:\/\/www.expressen.se\/debatt\/debatt-an-i-dag-kostar-judehatet-liv\/\" class=\"\" rel=\"nofollow noopener\" target=\"_blank\">DEBATT: \u00c4n i dag kostar judehatet liv<\/a><\/p>\n","protected":false},"excerpt":{"rendered":"Jimmie \u00c5kesson f\u00e5r varma appl\u00e5der n\u00e4r han f\u00f6rd\u00f6mer antisemitism och hyllar Israel. Han talar p\u00e5 en konferens i&hellip;\n","protected":false},"author":2,"featured_media":148669,"comment_status":"","ping_status":"","sticky":false,"template":"","format":"standard","meta":{"footnotes":"","_share_on_mastodon":"0"},"categories":[5],"tags":[22,23,26,27,17,21,24,25,58,3655,28,29,15,16,4947,1806,11851,14346,944,5910,14347,18,34,583,31,33,32,30,19,20],"class_list":["post-148668","post","type-post","status-publish","format-standard","has-post-thumbnail","category-rubriker","tag-breaking-news","tag-breakingnews","tag-featured-news","tag-featurednews","tag-headlines","tag-huvudnyheter","tag-latest-news","tag-latestnews","tag-location-israel","tag-location-jerusalem","tag-main-news","tag-mainnews","tag-news","tag-nyheter","tag-organization-forintelsen","tag-organization-hamas","tag-organization-muslimska-brodraskapet","tag-person-jair-bolsonaro","tag-person-jimmie-akesson","tag-person-mattias-karlsson","tag-person-sebastian-kurz","tag-rubriker","tag-se","tag-sections-politik","tag-svenska","tag-sverige","tag-sweden","tag-swedish","tag-top-stories","tag-topstories"],"share_on_mastodon":{"url":"","error":"Validation failed: Text character limit of 500 exceeded"},"_links":{"self":[{"href":"https:\/\/www.europesays.com\/se\/wp-json\/wp\/v2\/posts\/148668","targetHints":{"allow":["GET"]}}],"collection":[{"href":"https:\/\/www.europesays.com\/se\/wp-json\/wp\/v2\/posts"}],"about":[{"href":"https:\/\/www.europesays.com\/se\/wp-json\/wp\/v2\/types\/post"}],"author":[{"embeddable":true,"href":"https:\/\/www.europesays.com\/se\/wp-json\/wp\/v2\/users\/2"}],"replies":[{"embeddable":true,"href":"https:\/\/www.europesays.com\/se\/wp-json\/wp\/v2\/comments?post=148668"}],"version-history":[{"count":0,"href":"https:\/\/www.europesays.com\/se\/wp-json\/wp\/v2\/posts\/148668\/revisions"}],"wp:featuredmedia":[{"embeddable":true,"href":"https:\/\/www.europesays.com\/se\/wp-json\/wp\/v2\/media\/148669"}],"wp:attachment":[{"href":"https:\/\/www.europesays.com\/se\/wp-json\/wp\/v2\/media?parent=148668"}],"wp:term":[{"taxonomy":"category","embeddable":true,"href":"https:\/\/www.europesays.com\/se\/wp-json\/wp\/v2\/categories?post=148668"},{"taxonomy":"post_tag","embeddable":true,"href":"https:\/\/www.europesays.com\/se\/wp-json\/wp\/v2\/tags?post=148668"}],"curies":[{"name":"wp","href":"https:\/\/api.w.org\/{rel}","templated":true}]}}