{"id":14876,"date":"2025-08-27T10:31:11","date_gmt":"2025-08-27T10:31:11","guid":{"rendered":"https:\/\/www.europesays.com\/se\/14876\/"},"modified":"2025-08-27T10:31:11","modified_gmt":"2025-08-27T10:31:11","slug":"hellre-galet-an-perfekt-louises-haftiga-hus","status":"publish","type":"post","link":"https:\/\/www.europesays.com\/se\/14876\/","title":{"rendered":"\u201dHellre galet \u00e4n perfekt\u201d \u2013 Louises h\u00e4ftiga hus"},"content":{"rendered":"<p><a href=\"https:\/\/static.bonniernews.se\/images\/6e\/ce\/6ece1dae532344898448c344d32cae06\/16x9\/2560.png\" target=\"_blank\" rel=\"noopener noreferrer nofollow\"><img   alt=\"Louise \u00e4r illustrat\u00f6r och f\u00f6rfattare, men arbeta ocks\u00e5 deltid p\u00e5 en skola. Familjen bor i Helsing\u00f6r, norr om K\u00f6penhamn, i en villa byggd i b\u00f6rjan av 1940-talet.\"\/><\/a><\/p>\n<p>Louise \u00e4r illustrat\u00f6r och f\u00f6rfattare, men arbeta ocks\u00e5 deltid p\u00e5 en skola. Familjen bor i Helsing\u00f6r, norr om K\u00f6penhamn, i en villa byggd i b\u00f6rjan av 1940-talet. Foto: Sofi Sykfont<\/p>\n<p>N\u00e4r Louise visade upp tapeten f\u00f6r f\u00f6rsta g\u00e5ngen sa Klaus: \u201dDu \u00e4r inte orolig f\u00f6r att det blir f\u00f6r mycket?\u201d. \u201dNej, den kommer att passa perfekt\u201d, svarade hon och s\u00e5 var det best\u00e4mt. Tapeten med de gula citronerna best\u00e4lldes hem och sattes upp. Vid det laget hade paret redan under en m\u00e5nads intensivt arbete m\u00e5lat golven p\u00e5 nedre botten i ett lysande gult och vitt rutm\u00f6nster.<\/p>\n<p>\u2013 Vi var helt enkelt tvungna, s\u00e4ger Louise flera \u00e5r senare och tittar ut \u00f6ver de kul\u00f6rta tr\u00e4tiljorna. Det var fem olika golvbel\u00e4ggningar bara i vardagsrummet och i k\u00f6ket. Om det hade varit fina och enhetliga tr\u00e4golv hade jag aldrig velat m\u00e5la \u00f6ver dem, men s\u00e5 var det verkligen inte.<\/p>\n<p>Kombinationen rutigt golv och fruktm\u00f6nstrad tapet \u00e4r dessutom b\u00e5de udda och f\u00e4rgstark precis som Louise vill ha det. Eller lite crazy som hon sj\u00e4lv uttrycker det.<\/p>\n<p>HEMMA HOS FAMILJEN FOGH<\/p>\n<p><strong>H\u00e4r bor:<\/strong> Louise Kamma J\u00f8rgensen Fogh, 37, Klaus Fogh, 38, barnen Ronja, 9, Luna, 6, och Elvis, 4.<\/p>\n<p><strong>G\u00f6r:<\/strong> Louise \u00e4r f\u00f6rfattare och illustrat\u00f6r. Hon arbetar ocks\u00e5 deltid p\u00e5 den lokala skolan. Klaus \u00e4r ingenj\u00f6r och arbetar inom l\u00e4kemedelsindustrin.<\/p>\n<p><strong>Var:<\/strong> Helsing\u00f6r, norr om K\u00f6penhamn.<\/p>\n<p><strong>Bor:<\/strong> Villa, byggd 1942, cirka 140 kvm boyta.<\/p>\n<p><strong>Instagram:<\/strong> <a href=\"http:\/\/instagram.com\/thekamman\" rel=\"nofollow noopener\" target=\"_blank\">@thekamman<\/a>\u00a0<\/p>\n<p>Visa mer<a href=\"https:\/\/static.bonniernews.se\/images\/fb\/cc\/fbcc243f7b4b4bb19ce89ca8f92ed46b\/annan\/2560.jpg\" target=\"_blank\" rel=\"noopener noreferrer nofollow\"><img loading=\"lazy\"   alt=\"F\u00e5 ytor l\u00e4mnas vita, i st\u00e4llet f\u00e5r de glada f\u00e4rgerna breda ut sig i hemmet. I den ena delen av vardagsrummet, d\u00e4r pianot st\u00e5r, \u00e4r v\u00e4ggarna rosa medan d\u00f6rrarna \u00e4r m\u00e5lade i bl\u00e5tt.\"\/><\/a><\/p>\n<p>F\u00e5 ytor l\u00e4mnas vita, i st\u00e4llet f\u00e5r de glada f\u00e4rgerna breda ut sig i hemmet. I den ena delen av vardagsrummet, d\u00e4r pianot st\u00e5r, \u00e4r v\u00e4ggarna rosa medan d\u00f6rrarna \u00e4r m\u00e5lade i bl\u00e5tt. Foto: Sofi Sykfont<\/p>\n<p><a href=\"https:\/\/static.bonniernews.se\/images\/28\/0b\/280b866949da45d9a08ca0bf8e1d4fdd\/annan\/2560.jpg\" target=\"_blank\" rel=\"noopener noreferrer nofollow\"><img loading=\"lazy\"   alt=\"Framf\u00f6r tv:n st\u00e5r en rej\u00e4l soffa med plats f\u00f6r hela familjen. Soffan \u00e4r ett fynd fr\u00e5n M\u00f8belsalg.dk. Tapet, William Morris. Taklampa, Ikea. Soffbord, loppisfynd.\"\/><\/a><\/p>\n<p>Framf\u00f6r tv:n st\u00e5r en rej\u00e4l soffa med plats f\u00f6r hela familjen. Soffan \u00e4r ett fynd fr\u00e5n M\u00f8belsalg.dk. Tapet, William Morris. Taklampa, Ikea. Soffbord, loppisfynd. Foto: Sofi Sykfont<\/p>\n<p><a href=\"https:\/\/static.bonniernews.se\/images\/40\/16\/40160e5e050742a9af78f3fdf8e0b249\/annan\/2560.jpg\" target=\"_blank\" rel=\"noopener noreferrer nofollow\"><img loading=\"lazy\"   alt=\"Vas av Julie Frydenlund Knudsen, Fryd keramik.Kopp Amalie Klem. Glassk\u00e5larna \u00e4r loppisfynd.\"\/><\/a><\/p>\n<p>Vas av Julie Frydenlund Knudsen, Fryd keramik.Kopp Amalie Klem. Glassk\u00e5larna \u00e4r loppisfynd. Foto: Sofi Sykfont<\/p>\n<p>\u201dViktigaste var ett rej\u00e4lt vardagsrum\u201d<\/p>\n<p>Familjen flyttade in i den gula tegelvillan f\u00f6r fem \u00e5r sedan. Jakten p\u00e5 ett tillr\u00e4ckligt rymligt och prisv\u00e4rt hus hade p\u00e5g\u00e5tt ett tag innan de tr\u00e4ffade r\u00e4tt i Helsing\u00f6r, som ligger knappt fem mil norr om K\u00f6penhamn. Villan, som \u00e4r byggd 1942, har en \u00f6ppen planl\u00f6sning p\u00e5 nedre botten med k\u00f6k, matrum och vardagsrum i ett utrymme. P\u00e5 samma plan ligger ett av barnens rum och g\u00e4sttoalett. En trappa upp finns badrum, ytterligare ett barnrum och sovrum.<\/p>\n<p>\u2013 Det viktigaste f\u00f6r mig var att f\u00e5 ett hem med ett rej\u00e4lt vardagsrum och en ordentlig tr\u00e4dg\u00e5rd. Det fanns inte m\u00e5nga hus till salu som hade det, men n\u00e4r vi v\u00e4l fann det slog vi till direkt.<\/p>\n<blockquote><p>Att skapa ett hem \u00e4r en kreativ process och den ska vara kul!<\/p><\/blockquote>\n<p>Flera innerd\u00f6rrar \u00e4r m\u00e5lade i m\u00f6rkbl\u00e5tt precis som v\u00e4ggarna i k\u00f6ket. H\u00f6rnan d\u00e4r matbordet st\u00e5r g\u00e5r i mjukt rosa och p\u00e5 v\u00e4ggen h\u00e4nger dessutom m\u00e4ngder av tavlor, teckningar och fotografier samlade. \u00d6ver den breda s\u00e4ngen i sovrummet p\u00e5 \u00f6verv\u00e5ningen sv\u00e4var rosa och bl\u00e5 moln tillsammans med en f\u00e4rggrann regnb\u00e5ge, m\u00e5lade av Louise och den yngsta dottern.<\/p>\n<p>\u2013 Att skapa ett hem \u00e4r en kreativ process och den ska vara kul! V\u00e5r stil beh\u00f6ver inte likna n\u00e5gon annans. Hellre lite kantst\u00f6tt och galet, \u00e4n alltigenom nytt och perfekt, ber\u00e4ttar Louise.<\/p>\n<p><a href=\"https:\/\/static.bonniernews.se\/images\/55\/13\/5513fe5330744270a535b88188e8301c\/annan\/2560.jpg\" target=\"_blank\" rel=\"noopener noreferrer nofollow\"><img loading=\"lazy\"   alt=\"Bottenv\u00e5ningen i villan hade flera olika golvbel\u00e4ggningar, som dessutom var i d\u00e5ligt skick, n\u00e4r familjen flyttade in. Det tog en m\u00e5nad f\u00f6r Louise och Klaus att m\u00e5la om i det schackrutiga m\u00f6nstret.\"\/><\/a><\/p>\n<p>Bottenv\u00e5ningen i villan hade flera olika golvbel\u00e4ggningar, som dessutom var i d\u00e5ligt skick, n\u00e4r familjen flyttade in. Det tog en m\u00e5nad f\u00f6r Louise och Klaus att m\u00e5la om i det schackrutiga m\u00f6nstret. Foto: Sofi Sykfont<\/p>\n<p><a href=\"https:\/\/static.bonniernews.se\/images\/ea\/d4\/ead4faf1122647299c6320912b51265b\/annan\/2560.jpg\" target=\"_blank\" rel=\"noopener noreferrer nofollow\"><img loading=\"lazy\"   alt=\"Plats f\u00f6r familj och g\u00e4ster, med b\u00e5de pinnstolar och k\u00f6kssoffa. M\u00f6blerna kommer bland annat fr\u00e5n DBA (Danmarks motsvarighet till Blocket), olika loppisar och Ikea.\"\/><\/a><\/p>\n<p>Plats f\u00f6r familj och g\u00e4ster, med b\u00e5de pinnstolar och k\u00f6kssoffa. M\u00f6blerna kommer bland annat fr\u00e5n DBA (Danmarks motsvarighet till Blocket), olika loppisar och Ikea. Foto: Sofi Sykfont<\/p>\n<p><a href=\"https:\/\/static.bonniernews.se\/images\/b4\/96\/b4963624f0314104a51b1648ade5fd60\/annan\/2560.jpg\" target=\"_blank\" rel=\"noopener noreferrer nofollow\"><img loading=\"lazy\"   alt=\"P\u00e5 v\u00e4ggen har Louise samlat fotografier, teckningar, posters och andra minnen. Lampor, Id\u00e9m\u00f8bler. Vas, second hand. Blandad keramik fr\u00e5n Amalie Klem och Fryd keramik.\"\/><\/a><\/p>\n<p>P\u00e5 v\u00e4ggen har Louise samlat fotografier, teckningar, posters och andra minnen. Lampor, Id\u00e9m\u00f8bler. Vas, second hand. Blandad keramik fr\u00e5n Amalie Klem och Fryd keramik. Foto: Sofi Sykfont<\/p>\n<p><a href=\"https:\/\/static.bonniernews.se\/images\/b2\/1a\/b21a094e839a4ce6bd47dcaf63bd7153\/annan\/2560.jpg\" target=\"_blank\" rel=\"noopener noreferrer nofollow\"><img loading=\"lazy\"   alt=\"Ett kommande projekt \u00e4r att bygga en k\u00f6ks\u00f6. P\u00e5 det s\u00e4ttet kan barnen hj\u00e4lpa till att laga mat utan att vara f\u00f6r n\u00e4ra spisen. K\u00f6k, Ikea.\"\/><\/a><\/p>\n<p>Ett kommande projekt \u00e4r att bygga en k\u00f6ks\u00f6. P\u00e5 det s\u00e4ttet kan barnen hj\u00e4lpa till att laga mat utan att vara f\u00f6r n\u00e4ra spisen. K\u00f6k, Ikea. Foto: Sofi Sykfont<\/p>\n<p>Vill att hemmet ska sprida gl\u00e4dje<\/p>\n<p>Louise, som vuxit upp p\u00e5 Bornholm och studerat i K\u00f6penhamn, \u00e4r b\u00e5de skribent och illustrat\u00f6r. Hon har f\u00e5tt tv\u00e5 barnb\u00f6cker utgivna och avslutade precis en vidareutbildning i manusf\u00f6rfattande f\u00f6r unga. P\u00e5 kv\u00e4llarna, n\u00e4r barnen sover, finns det tid \u00f6ver att teckna och m\u00e5la i atelj\u00e9n i k\u00e4llaren.<\/p>\n<p>Till vardags jobbar Louise deltid i en n\u00e4rbel\u00e4gen skola med barn som har olika kognitiva sv\u00e5righeter. Och kanske har hon en alldeles s\u00e4rskild f\u00f6rst\u00e5else f\u00f6r hur det \u00e4r att k\u00e4mpa mot livets utmaningar.<\/p>\n<p>\u2013 N\u00e4r jag var yngre drabbades jag av anorexi och var djupt deprimerad. Det var s\u00e5 m\u00e5nga \u00e5r som jag inte kunde njuta av n\u00e5got eller var lycklig \u00f6verhuvudtaget. Det \u00e4r nog den erfarenheten som g\u00f6r att de m\u00e5nga glada f\u00e4rgerna och lekfullheten \u00e4r s\u00e5 viktiga f\u00f6r mig nu. Jag vill att mitt hem ska sprida gl\u00e4dje, s\u00e4ger Louise.<\/p>\n<p><a href=\"https:\/\/static.bonniernews.se\/images\/01\/7a\/017a45db03324c2c8e84662810a3edd5\/annan\/2560.jpg\" target=\"_blank\" rel=\"noopener noreferrer nofollow\"><img loading=\"lazy\"   alt=\"Louise har en egen arbetsh\u00f6rna med skrivbord mittemot matplatsen. Det \u00e4rvda skrivbordet \u00e4r fr\u00e5n danska arkitektfirman Svend &amp; Madsen.\"\/><\/a><\/p>\n<p>Louise har en egen arbetsh\u00f6rna med skrivbord mittemot matplatsen. Det \u00e4rvda skrivbordet \u00e4r fr\u00e5n danska arkitektfirman Svend &amp; Madsen. Foto: Sofi Sykfont<\/p>\n<p><a href=\"https:\/\/static.bonniernews.se\/images\/5b\/17\/5b178aece32248049fe06478ed85cf64\/annan\/2560.jpg\" target=\"_blank\" rel=\"noopener noreferrer nofollow\"><img loading=\"lazy\"   alt=\"S\u00e4ngen p\u00e5 \u00f6verv\u00e5ningen \u00e4r tillr\u00e4ckligt stor f\u00f6r att alla barnen ska kunna sova d\u00e4r om de vill. Louise och en av d\u00f6ttrarna har m\u00e5lat v\u00e4ggarna. Mormor och farmor har broderat kuddarna p\u00e5 s\u00e4ngen.\"\/><\/a><\/p>\n<p>S\u00e4ngen p\u00e5 \u00f6verv\u00e5ningen \u00e4r tillr\u00e4ckligt stor f\u00f6r att alla barnen ska kunna sova d\u00e4r om de vill. Louise och en av d\u00f6ttrarna har m\u00e5lat v\u00e4ggarna. Mormor och farmor har broderat kuddarna p\u00e5 s\u00e4ngen. Foto: Sofi Sykfont<\/p>\n<p><a href=\"https:\/\/static.bonniernews.se\/images\/07\/db\/07dbbe2f427a4a5d8421786f969458d5\/annan\/2560.jpg\" target=\"_blank\" rel=\"noopener noreferrer nofollow\"><img loading=\"lazy\"   alt=\"Det gulm\u00e5lade sk\u00e5pet, som st\u00e5r i sovrummet och \u00e4r fyllt med leksaker, \u00e4r Louises favoritm\u00f6bel. \u00d6ronlappsf\u00e5t\u00f6lj Strandmon och matta Busenkelt, Ikea.\"\/><\/a><\/p>\n<p>Det gulm\u00e5lade sk\u00e5pet, som st\u00e5r i sovrummet och \u00e4r fyllt med leksaker, \u00e4r Louises favoritm\u00f6bel. \u00d6ronlappsf\u00e5t\u00f6lj Strandmon och matta Busenkelt, Ikea. Foto: Sofi Sykfont<\/p>\n<p><a href=\"https:\/\/static.bonniernews.se\/images\/2b\/d4\/2bd424dbefe44edab58f9fa973be90a6\/annan\/2560.jpg\" target=\"_blank\" rel=\"noopener noreferrer nofollow\"><img loading=\"lazy\"   alt=\"Vas, Fryd keramik. Egentillverkad pappersblomma och pennh\u00e5llare, Netto. Datorv\u00e4ska, Wouf, med m\u00f6nster fr\u00e5n en illustration ur Louises examensarbete.\"\/><\/a><\/p>\n<p>Vas, Fryd keramik. Egentillverkad pappersblomma och pennh\u00e5llare, Netto. Datorv\u00e4ska, Wouf, med m\u00f6nster fr\u00e5n en illustration ur Louises examensarbete. Foto: Sofi Sykfont<\/p>\n<p>Lekfullt \u00e4ven i tr\u00e4dg\u00e5rden<\/p>\n<p>Fantasin och leklusten stannar inte innanf\u00f6r husv\u00e4ggarna.<\/p>\n<p>I den vildvuxna och gr\u00f6nskande tr\u00e4dg\u00e5rden med buskar, tr\u00e4d och rabatter h\u00e4nger gungor och en koja g\u00f6mmer sig bland grenar och blad. Direkt utanf\u00f6r k\u00f6ket har familjen byggt en stor altan med gott om plats f\u00f6r utem\u00f6bler och grill. Klaus och Louise planerar samtidigt f\u00f6r fler utbyggnader.<\/p>\n<p>\u2013 Vi saknar fortfarande ett barnrum, nu har vi bara tv\u00e5 och beh\u00f6ver tre, s\u00e5 det \u00e4r n\u00e5got vi m\u00e5ste ta tag i, s\u00e4ger Louise. Och i framtiden skulle vi vilja bygga en terrass p\u00e5 taket. Om vi gjorde det, skulle vi dessutom f\u00e5 riktigt fin havsutsikt \u00f6ver \u00d6resund.<\/p>\n<p><strong>\u00c4r detta ert f\u00f6r-alltid-hem?<\/strong><\/p>\n<p>\u2013 Det tror jag. S\u00e5vida vi inte pl\u00f6tsligt skulle bli v\u00e4ldigt rika och kunde k\u00f6pa ett mycket st\u00f6rre hus p\u00e5 en g\u00e5ng. Men annars stannar vi h\u00e4r, s\u00e4ger Louise med ett leende.<\/p>\n<p><strong>Har ni n\u00e5gra fler m\u00e5leriprojekt?<\/strong><\/p>\n<p>\u2013 Den dagen vi tr\u00f6ttnar p\u00e5 att ha rutigt golv och m\u00e5lar om det i en och samma kul\u00f6r, d\u00e5 ska jag f\u00e4rgs\u00e4tta taket i st\u00e4llet &#8230; och testa att l\u00e5ta tecknade f\u00e5glar f\u00e5 flyga \u00f6ver dem!<\/p>\n<p><script async src=\"\/\/www.instagram.com\/embed.js\"><\/script><\/p>\n","protected":false},"excerpt":{"rendered":"Louise \u00e4r illustrat\u00f6r och f\u00f6rfattare, men arbeta ocks\u00e5 deltid p\u00e5 en skola. Familjen bor i Helsing\u00f6r, norr om&hellip;\n","protected":false},"author":2,"featured_media":14877,"comment_status":"","ping_status":"","sticky":false,"template":"","format":"standard","meta":{"footnotes":""},"categories":[67],"tags":[104,34,405,404,31,33,32,30,105],"class_list":{"0":"post-14876","1":"post","2":"type-post","3":"status-publish","4":"format-standard","5":"has-post-thumbnail","7":"category-underhallning","8":"tag-entertainment","9":"tag-se","10":"tag-sections-dromhem","11":"tag-sections-hemmahos","12":"tag-svenska","13":"tag-sverige","14":"tag-sweden","15":"tag-swedish","16":"tag-underhallning"},"share_on_mastodon":{"url":"","error":""},"_links":{"self":[{"href":"https:\/\/www.europesays.com\/se\/wp-json\/wp\/v2\/posts\/14876","targetHints":{"allow":["GET"]}}],"collection":[{"href":"https:\/\/www.europesays.com\/se\/wp-json\/wp\/v2\/posts"}],"about":[{"href":"https:\/\/www.europesays.com\/se\/wp-json\/wp\/v2\/types\/post"}],"author":[{"embeddable":true,"href":"https:\/\/www.europesays.com\/se\/wp-json\/wp\/v2\/users\/2"}],"replies":[{"embeddable":true,"href":"https:\/\/www.europesays.com\/se\/wp-json\/wp\/v2\/comments?post=14876"}],"version-history":[{"count":0,"href":"https:\/\/www.europesays.com\/se\/wp-json\/wp\/v2\/posts\/14876\/revisions"}],"wp:featuredmedia":[{"embeddable":true,"href":"https:\/\/www.europesays.com\/se\/wp-json\/wp\/v2\/media\/14877"}],"wp:attachment":[{"href":"https:\/\/www.europesays.com\/se\/wp-json\/wp\/v2\/media?parent=14876"}],"wp:term":[{"taxonomy":"category","embeddable":true,"href":"https:\/\/www.europesays.com\/se\/wp-json\/wp\/v2\/categories?post=14876"},{"taxonomy":"post_tag","embeddable":true,"href":"https:\/\/www.europesays.com\/se\/wp-json\/wp\/v2\/tags?post=14876"}],"curies":[{"name":"wp","href":"https:\/\/api.w.org\/{rel}","templated":true}]}}