{"id":149180,"date":"2026-01-28T11:50:07","date_gmt":"2026-01-28T11:50:07","guid":{"rendered":"https:\/\/www.europesays.com\/se\/149180\/"},"modified":"2026-01-28T11:50:07","modified_gmt":"2026-01-28T11:50:07","slug":"laxa-inte-upp-xi-lyssna","status":"publish","type":"post","link":"https:\/\/www.europesays.com\/se\/149180\/","title":{"rendered":"L\u00e4xa inte upp Xi \u2013 lyssna"},"content":{"rendered":"<p>Den brittiske premi\u00e4rministern Keir Starmer b\u00f6r undvika att f\u00f6rs\u00f6ka l\u00e4xa upp Kina om m\u00e4nskliga r\u00e4ttigheter under sitt bes\u00f6k i landet. Det r\u00e5det ger den tidigare handelsministern Vince Cable, en av flera experter som Politico pratat med. <\/p>\n<p>Enligt Cable leder s\u00e5dana reprimander ingenstans. <\/p>\n<p>\u2013 Det retar bara upp folk. De svarar p\u00e5 samma s\u00e4tt och p\u00e5minner om allt d\u00e5ligt Storbritannien gjort genom historien, s\u00e4ger Cable, som sj\u00e4lv bes\u00f6kt Kina flera g\u00e5nger.<\/p>\n<p>Ben Bland, chef f\u00f6r tankesmedjan Chatham Houses Asienprogram, varnar Starmer f\u00f6r att vara \u201dnaivt optimistisk\u201d. Han r\u00e5der Starmer att lyssna noga p\u00e5 den kinesiske presidenten Xi Jinping.<\/p>\n<p>\u2013 Britternas m\u00f6jlighet att p\u00e5verka Kina direkt \u00e4r ganska begr\u00e4nsad, men det \u00e4r mycket viktigt att vi f\u00f6rs\u00f6ker f\u00f6rst\u00e5 hur de ser p\u00e5 v\u00e4rlden, s\u00e4ger han. <\/p>\n<p>Starmer kom fram till Kina i dag, och kommer att tr\u00e4ffa Xi Jinping under torsdagen.<\/p>\n<p>Omni \u00e4r politiskt obundna och oberoende. Vi str\u00e4var efter att ge fler perspektiv p\u00e5 nyheterna. Har du fr\u00e5gor eller synpunkter kring v\u00e5r rapportering? <a href=\"https:\/\/omni.se\/expertraden-till-starmer-laxa-inte-upp-xi-lyssna\/a\/mailto:redaktion@omni.se\" class=\"ArticleActions_contactLink__W2F1M\" rel=\"nofollow noopener\" target=\"_blank\">Kontakta redaktionen<\/a><\/p>\n","protected":false},"excerpt":{"rendered":"Den brittiske premi\u00e4rministern Keir Starmer b\u00f6r undvika att f\u00f6rs\u00f6ka l\u00e4xa upp Kina om m\u00e4nskliga r\u00e4ttigheter under sitt bes\u00f6k&hellip;\n","protected":false},"author":2,"featured_media":149181,"comment_status":"","ping_status":"","sticky":false,"template":"","format":"standard","meta":{"footnotes":"","_share_on_mastodon":"0"},"categories":[5],"tags":[420,22,23,2749,267,26,27,17,21,259,549,2225,24,25,28,29,15,16,18,34,593,31,33,32,30,19,20,2223],"class_list":["post-149180","post","type-post","status-publish","format-standard","has-post-thumbnail","category-rubriker","tag-asien","tag-breaking-news","tag-breakingnews","tag-brittisk-politik","tag-europa","tag-featured-news","tag-featurednews","tag-headlines","tag-huvudnyheter","tag-keir-starmer","tag-kina","tag-kinesisk-politik","tag-latest-news","tag-latestnews","tag-main-news","tag-mainnews","tag-news","tag-nyheter","tag-rubriker","tag-se","tag-storbritannien","tag-svenska","tag-sverige","tag-sweden","tag-swedish","tag-top-stories","tag-topstories","tag-xi-jinping"],"share_on_mastodon":{"url":"https:\/\/pubeurope.com\/@se\/115972579155730870","error":""},"_links":{"self":[{"href":"https:\/\/www.europesays.com\/se\/wp-json\/wp\/v2\/posts\/149180","targetHints":{"allow":["GET"]}}],"collection":[{"href":"https:\/\/www.europesays.com\/se\/wp-json\/wp\/v2\/posts"}],"about":[{"href":"https:\/\/www.europesays.com\/se\/wp-json\/wp\/v2\/types\/post"}],"author":[{"embeddable":true,"href":"https:\/\/www.europesays.com\/se\/wp-json\/wp\/v2\/users\/2"}],"replies":[{"embeddable":true,"href":"https:\/\/www.europesays.com\/se\/wp-json\/wp\/v2\/comments?post=149180"}],"version-history":[{"count":0,"href":"https:\/\/www.europesays.com\/se\/wp-json\/wp\/v2\/posts\/149180\/revisions"}],"wp:featuredmedia":[{"embeddable":true,"href":"https:\/\/www.europesays.com\/se\/wp-json\/wp\/v2\/media\/149181"}],"wp:attachment":[{"href":"https:\/\/www.europesays.com\/se\/wp-json\/wp\/v2\/media?parent=149180"}],"wp:term":[{"taxonomy":"category","embeddable":true,"href":"https:\/\/www.europesays.com\/se\/wp-json\/wp\/v2\/categories?post=149180"},{"taxonomy":"post_tag","embeddable":true,"href":"https:\/\/www.europesays.com\/se\/wp-json\/wp\/v2\/tags?post=149180"}],"curies":[{"name":"wp","href":"https:\/\/api.w.org\/{rel}","templated":true}]}}