{"id":149316,"date":"2026-01-28T14:10:11","date_gmt":"2026-01-28T14:10:11","guid":{"rendered":"https:\/\/www.europesays.com\/se\/149316\/"},"modified":"2026-01-28T14:10:11","modified_gmt":"2026-01-28T14:10:11","slug":"fbk-centern-saknades-pa-nytt-abbott-faordig-inga-kommentarer-vf-se","status":"publish","type":"post","link":"https:\/\/www.europesays.com\/se\/149316\/","title":{"rendered":"FBK-centern saknades p\u00e5 nytt \u2013 Abbott f\u00e5ordig: \u201dInga kommentarer\u201d &#8211; vf.se"},"content":{"rendered":"<ol>\n<li><a href=\"https:\/\/news.google.com\/rss\/articles\/CBMinAFBVV95cUxNRnFVdm9rc2djSHU3NTJrM1VRRjJ6STlpSVFUenB1Z0FXWVlQMU1fbG5rXy1ITXExeU5rS3R5dnkyM1I3eU9fQ3JBRzVWLXYxYmp6bC1oSFZkZzJSNFNTQklNODFDZFRWTmxob1loZURSV291bVhiczdZRnVSN2JVZ2RqQWlBMW5TTzJqaVpRS05mVFZsYVQyTkQwYk4?oc=5\" target=\"_blank\" rel=\"nofollow noopener\">FBK-centern saknades p\u00e5 nytt \u2013 Abbott f\u00e5ordig: \u201dInga kommentarer\u201d<\/a>&nbsp;&nbsp;vf.se<\/li>\n<li><a href=\"https:\/\/news.google.com\/rss\/articles\/CBMiqwFBVV95cUxPRThQTm40cG8yb1ZtenF5RGsyT2VfTEpjSV9GWVFVay1pZ0t1Q1lyRUZqSDRKZ3lNZnJZRzdIZ2hQeG1TRzVRcHNxT1NLVlRlMUFWTExYQk5DUG5Tbk95aUxLUEl2ZUtpOFAwanEyTmNucHhHWkZVbi1EN2VLZTljYlZwa014SVdUY0lGYmtaSlBUcWJQSlJ5enhvbHFYc1cxeGN6Q21JYUVSQVE?oc=5\" target=\"_blank\" rel=\"nofollow noopener\">Positiva beskedet efter l\u00f6rdagens bottennapp: \u201dHoppas b\u00e5da kommer i form\u201d<\/a>&nbsp;&nbsp;nwt.se<\/li>\n<li><a href=\"https:\/\/news.google.com\/rss\/articles\/CBMid0FVX3lxTFBRMjBJYXd6R2M1U0xfOXZsNkdTaElmSU5Nd3JyUGdxVVhjUEMwNlY3RHVBLWRZNFV6dEQ2U3l6Rkt4emtjXzdaNkl1aTgwc0tNZFNFNmprWVowdzBVWU5PeG5QYlVfY2k3ODJtbzJMUUNSUm0xSmRz?oc=5\" target=\"_blank\" rel=\"nofollow noopener\">Duon tillbaka i F\u00e4rjestad: &#8221;Beh\u00f6ver alla&#8221;<\/a>&nbsp;&nbsp;HockeyNews<\/li>\n<li><a href=\"https:\/\/news.google.com\/rss\/articles\/CBMinwFBVV95cUxQVUJNRk01ZWhRZ1JzWlNfRmlLOTNUVm92TTJ6MWw1RWxFaVZxYW5XRk1IYXJmV2IyaVZkaHBOYmxQVDUxdXBVYjhPWTk1NGxvWUdpRFlSaVVEZndXZVI4SDVyc1E0bWdxekFEcjFmeE1kMzh1VkVabnNuM09BUVM5SWhmNE1tYTNUQzhVc1g0QTBnZkh0LUVDaDlJWU92VTQ?oc=5\" target=\"_blank\" rel=\"nofollow noopener\">Ishockey: Experterna ser en f\u00f6r\u00e4ndring i F\u00e4rjestad: \u201dKolla \u00f6gonen p\u00e5 Tomasek\u201d<\/a>&nbsp;&nbsp;SVT Nyheter<\/li>\n<li><a href=\"https:\/\/news.google.com\/rss\/articles\/CBMigwFBVV95cUxOUGRBV2NqZllscWRfYXpnaFhNMldOdnBlaGJ3UGJyRWN6c1BQOWduUjZVMlZrZlZfblVweUhwU2lSRnpiVGZ1NmItZGlDbHhWMGNETEhsSXRSQ0xWMEs0NzZKREFTcURHRjJwRUpEaktYb2QxMi1CdEQxazgxZFllR3RDTQ?oc=5\" target=\"_blank\" rel=\"nofollow noopener\">F\u00e4rjestads l\u00e4ttnad: Duon tillbaka i full tr\u00e4ning<\/a>&nbsp;&nbsp;hockeysverige.se<\/li>\n<\/ol>\n","protected":false},"excerpt":{"rendered":"FBK-centern saknades p\u00e5 nytt \u2013 Abbott f\u00e5ordig: \u201dInga kommentarer\u201d&nbsp;&nbsp;vf.se Positiva beskedet efter l\u00f6rdagens bottennapp: \u201dHoppas b\u00e5da kommer i&hellip;\n","protected":false},"author":2,"featured_media":149317,"comment_status":"","ping_status":"","sticky":false,"template":"","format":"standard","meta":{"footnotes":""},"categories":[68],"tags":[34,111,110,31,33,32,30],"class_list":{"0":"post-149316","1":"post","2":"type-post","3":"status-publish","4":"format-standard","5":"has-post-thumbnail","7":"category-sport","8":"tag-se","9":"tag-sport","10":"tag-sports","11":"tag-svenska","12":"tag-sverige","13":"tag-sweden","14":"tag-swedish"},"share_on_mastodon":{"url":"https:\/\/pubeurope.com\/@se\/115973129735671214","error":""},"_links":{"self":[{"href":"https:\/\/www.europesays.com\/se\/wp-json\/wp\/v2\/posts\/149316","targetHints":{"allow":["GET"]}}],"collection":[{"href":"https:\/\/www.europesays.com\/se\/wp-json\/wp\/v2\/posts"}],"about":[{"href":"https:\/\/www.europesays.com\/se\/wp-json\/wp\/v2\/types\/post"}],"author":[{"embeddable":true,"href":"https:\/\/www.europesays.com\/se\/wp-json\/wp\/v2\/users\/2"}],"replies":[{"embeddable":true,"href":"https:\/\/www.europesays.com\/se\/wp-json\/wp\/v2\/comments?post=149316"}],"version-history":[{"count":0,"href":"https:\/\/www.europesays.com\/se\/wp-json\/wp\/v2\/posts\/149316\/revisions"}],"wp:featuredmedia":[{"embeddable":true,"href":"https:\/\/www.europesays.com\/se\/wp-json\/wp\/v2\/media\/149317"}],"wp:attachment":[{"href":"https:\/\/www.europesays.com\/se\/wp-json\/wp\/v2\/media?parent=149316"}],"wp:term":[{"taxonomy":"category","embeddable":true,"href":"https:\/\/www.europesays.com\/se\/wp-json\/wp\/v2\/categories?post=149316"},{"taxonomy":"post_tag","embeddable":true,"href":"https:\/\/www.europesays.com\/se\/wp-json\/wp\/v2\/tags?post=149316"}],"curies":[{"name":"wp","href":"https:\/\/api.w.org\/{rel}","templated":true}]}}