{"id":149513,"date":"2026-01-28T18:49:25","date_gmt":"2026-01-28T18:49:25","guid":{"rendered":"https:\/\/www.europesays.com\/se\/149513\/"},"modified":"2026-01-28T18:49:25","modified_gmt":"2026-01-28T18:49:25","slug":"sandra-beijer-anklagar-miriam-bryant-for-latstold","status":"publish","type":"post","link":"https:\/\/www.europesays.com\/se\/149513\/","title":{"rendered":"Sandra Beijer anklagar Miriam Bryant f\u00f6r l\u00e5tst\u00f6ld"},"content":{"rendered":"<p><strong>&#8221;Jag skrev exakt samma ber\u00e4ttelse 2024&#8221;, skriver Sandra Beijer.<\/strong><\/p>\n<p>Jag hade sannerligen inte p\u00e5 min bingobricka f\u00f6r 2026 att Sandra Beijer skulle anklaga Miriam Bryant f\u00f6r l\u00e5tst\u00f6ld. Men nu kan n\u00e5gon mer f\u00f6rutseende person vara ett steg n\u00e4rmare bingo. P\u00e5 sin Instagram skriver Sandra Beijer om l\u00e5ten Inte tillsammans fr\u00e5n Miriam Bryants nya skiva:<\/p>\n<p>&#8221;Hur likt \u00e4r f\u00f6r likt? \u00d6ppningssp\u00e5ret Inte tillsammans p\u00e5 Miriam Bryants nya album handlar om en tjej som ser sitt ex i mataff\u00e4ren och n\u00e4r de m\u00f6ts bland hyllorna tar de fel p\u00e5 korgarna. Hon kommer hem med hans kasse och inser att allt \u00e4r handlat f\u00f6r tv\u00e5. Exakt samma ber\u00e4ttelse som en l\u00e5t som jag skrev med @dolcemusik 2024: Aff\u00e4ren&#8221;.<\/p>\n<p>Sandra publicerar utdrag fr\u00e5n b\u00e5da l\u00e5tarna.<\/p>\n<p><img decoding=\"async\" alt=\"\" src=\"https:\/\/www.europesays.com\/se\/wp-content\/uploads\/2026\/01\/sandramiriam.png\" style=\"width:672px; height:1200px\"\/><\/p>\n<p>Slump eller st\u00f6ld? Jag vet inte var jag st\u00e5r i skuldfr\u00e5gan. \u00c4r det h\u00e4r med att man st\u00f6ter ihop med n\u00e5gon gammal flamma i mataff\u00e4ren, f\u00f6rv\u00e4xlar varorna utan att uppt\u00e4cka det f\u00f6rr\u00e4n man kommer hem s\u00e5 vanligt att det kan ha h\u00e4nt b\u00e5da tv\u00e5? S\u00e5dant f\u00e5r andra avg\u00f6ra. Jag vet bara att en v\u00e4sentlig skillnad mellan l\u00e5tarna \u00e4r att ber\u00e4ttarjaget i Sandras l\u00e5t f\u00f6rv\u00e4xlar korgarna,\u00a0vilket inneb\u00e4r att hon lassar upp den fr\u00e4mmande maten p\u00e5 rullbandet och betalar f\u00f6r den utan att ana or\u00e5d f\u00f6rr\u00e4n p\u00e5 hemmaplan. I Miriams l\u00e5t f\u00f6rv\u00e4xlas kassarna f\u00f6rst n\u00e4r maten \u00e4r betalad och nerpackad.<\/p>\n<p>L\u00e4s \u00e4ven: <a href=\"https:\/\/ng.se\/artiklar\/bjorn-werner-moter-sandra-beijer\" target=\"_blank\" rel=\"nofollow noopener\">Bj\u00f6rn Werner m\u00f6ter Sandra Beijer<\/a><\/p>\n","protected":false},"excerpt":{"rendered":"&#8221;Jag skrev exakt samma ber\u00e4ttelse 2024&#8221;, skriver Sandra Beijer. Jag hade sannerligen inte p\u00e5 min bingobricka f\u00f6r 2026&hellip;\n","protected":false},"author":2,"featured_media":149514,"comment_status":"","ping_status":"","sticky":false,"template":"","format":"standard","meta":{"footnotes":"","_share_on_mastodon":"0"},"categories":[67],"tags":[1589,104,903,1083,1590,1591,902,1588,1082,1596,417,1592,172,1587,1593,34,1595,258,31,33,32,30,1594,105],"class_list":["post-149513","post","type-post","status-publish","format-standard","has-post-thumbnail","category-underhallning","tag-dryck","tag-entertainment","tag-film","tag-goteborg","tag-klubb","tag-konsert","tag-konst","tag-krog","tag-litteratur","tag-lund","tag-malmo","tag-mode","tag-musik","tag-nojesguiden","tag-scen","tag-se","tag-spel","tag-stockholm","tag-svenska","tag-sverige","tag-sweden","tag-swedish","tag-tv","tag-underhallning"],"share_on_mastodon":{"url":"https:\/\/pubeurope.com\/@se\/115974226719928696","error":""},"_links":{"self":[{"href":"https:\/\/www.europesays.com\/se\/wp-json\/wp\/v2\/posts\/149513","targetHints":{"allow":["GET"]}}],"collection":[{"href":"https:\/\/www.europesays.com\/se\/wp-json\/wp\/v2\/posts"}],"about":[{"href":"https:\/\/www.europesays.com\/se\/wp-json\/wp\/v2\/types\/post"}],"author":[{"embeddable":true,"href":"https:\/\/www.europesays.com\/se\/wp-json\/wp\/v2\/users\/2"}],"replies":[{"embeddable":true,"href":"https:\/\/www.europesays.com\/se\/wp-json\/wp\/v2\/comments?post=149513"}],"version-history":[{"count":0,"href":"https:\/\/www.europesays.com\/se\/wp-json\/wp\/v2\/posts\/149513\/revisions"}],"wp:featuredmedia":[{"embeddable":true,"href":"https:\/\/www.europesays.com\/se\/wp-json\/wp\/v2\/media\/149514"}],"wp:attachment":[{"href":"https:\/\/www.europesays.com\/se\/wp-json\/wp\/v2\/media?parent=149513"}],"wp:term":[{"taxonomy":"category","embeddable":true,"href":"https:\/\/www.europesays.com\/se\/wp-json\/wp\/v2\/categories?post=149513"},{"taxonomy":"post_tag","embeddable":true,"href":"https:\/\/www.europesays.com\/se\/wp-json\/wp\/v2\/tags?post=149513"}],"curies":[{"name":"wp","href":"https:\/\/api.w.org\/{rel}","templated":true}]}}