{"id":149834,"date":"2026-01-29T07:00:09","date_gmt":"2026-01-29T07:00:09","guid":{"rendered":"https:\/\/www.europesays.com\/se\/149834\/"},"modified":"2026-01-29T07:00:09","modified_gmt":"2026-01-29T07:00:09","slug":"vasterbottningar-testar-halsoapp-lakemedelsvarlden","status":"publish","type":"post","link":"https:\/\/www.europesays.com\/se\/149834\/","title":{"rendered":"V\u00e4sterbottningar testar h\u00e4lsoapp &#8211; L\u00e4kemedelsV\u00e4rlden"},"content":{"rendered":"<p><img width=\"832\" height=\"1148\" src=\"https:\/\/www.europesays.com\/se\/wp-content\/uploads\/2026\/01\/wennberg-patrik_portr.jpg\" class=\"attachment-original size-original\" alt=\"\" decoding=\"async\" fetchpriority=\"high\"  \/><\/p>\n<p>Patrik Wennberg. Foto: Mattias Pettersson.<\/p>\n<p><img loading=\"lazy\" width=\"928\" height=\"1280\" src=\"https:\/\/www.europesays.com\/se\/wp-content\/uploads\/2026\/01\/carina_gustafsson_region_vasterbotten_portr.jpg\" class=\"attachment-original size-original\" alt=\"\" decoding=\"async\"  \/><\/p>\n<p>Carina Gustafsson.<\/p>\n<p>Forskare vid Ume\u00e5 universitet har i samarbete med Region V\u00e4sterbotten utvecklat en ny h\u00e4lsoapp. Utvecklingen har skett inom ett tv\u00e4rvetenskapligt projekt som heter Star-C och har engagerat allt ifr\u00e5n datavetare till forskare i folkh\u00e4lsa.<\/p>\n<p><strong>Nu ska appen<\/strong> testas i en studie inom det anrika h\u00e4lsoprogrammet <a href=\"https:\/\/www.regionvasterbotten.se\/folkhalsa\/vasterbottens-halsoundersokning\" rel=\"nofollow noopener\" target=\"_blank\">V\u00e4sterbottens h\u00e4lsounders\u00f6kning<\/a>. Sedan 1990-talet bjuder Region V\u00e4sterbotten in de\u00a0som fyller 40, 50 eller 60 \u00e5r till tv\u00e5 bes\u00f6k p\u00e5 sin h\u00e4lsocentral.<\/p>\n<p>\u2013 H\u00e4lsounders\u00f6kningarna och h\u00e4lsosamtalen inom V\u00e4sterbottens h\u00e4lsounders\u00f6kning har varit en viktig pusselbit f\u00f6r att kunna f\u00f6rb\u00e4ttra folkh\u00e4lsan i V\u00e4sterbotten. Det blir sp\u00e4nnande att se om vi kan n\u00e5 \u00e4nnu l\u00e4ngre n\u00e4r vi med digital teknik f\u00f6r in det konceptet i vardagsrutinerna, s\u00e4ger Patrik Wennberg, professor i allm\u00e4nmedicin och koordinator f\u00f6r V\u00e4sterbottens h\u00e4lsounders\u00f6kning, i ett <a href=\"https:\/\/www.umu.se\/nyheter\/vasterbottningar-provar-app-for-annu-battre-halsa_12157406\/\" rel=\"nofollow noopener\" target=\"_blank\">pressmeddelande<\/a>.<\/p>\n<p>Ger personliga r\u00e5d om levnadsvanor<\/p>\n<p>Appen \u00e4r t\u00e4nkt att fungera som en f\u00f6rl\u00e4ngning av h\u00e4lsosamtalet med sjuksk\u00f6terskan inom programmet. I appen finns en digital coach som ger individuellt anpassade r\u00e5d i vardagen. Ut\u00f6ver \u00e4mnen som matvanor, fysisk aktivitet, alkohol och tobak, ger appen \u00e4ven r\u00e5d om exempelvis stresshantering.<\/p>\n<p><strong>Under 2025\u20132026 testar<\/strong> 1 000 deltagare i V\u00e4sterbottens h\u00e4lsounders\u00f6kning appen i en studie. H\u00e4lften av deltagarna lottas till att omedelbart kunna anv\u00e4nda appens alla delar som forts\u00e4ttning p\u00e5 h\u00e4lsosamtalet. Den andra h\u00e4lften av deltagarna fungerar som kontrollgrupp och f\u00e5r tillg\u00e5ng till hela appen f\u00f6rst efter tre m\u00e5nader.<\/p>\n<p>\u2013 Individuella h\u00e4lsor\u00e5d i den egna mobiltelefonen kan vara s\u00e4rskilt v\u00e4rdefullt i ett l\u00e4n som V\u00e4sterbotten med l\u00e5nga avst\u00e5nd. Vi hoppas att det kan bidra till st\u00f6d f\u00f6r god och j\u00e4mlik h\u00e4lsa oavsett var man bor, s\u00e4ger Carina Gustafsson, sjuksk\u00f6terska och utvecklingsledare vid Region V\u00e4sterbotten.<\/p>\n<p><strong>Forskningsprogrammet Star-C finansieras<\/strong> av Forte, forskningsr\u00e5det f\u00f6r h\u00e4lsa, arbetsliv och v\u00e4lf\u00e4rd.<\/p>\n","protected":false},"excerpt":{"rendered":"Patrik Wennberg. Foto: Mattias Pettersson. Carina Gustafsson. Forskare vid Ume\u00e5 universitet har i samarbete med Region V\u00e4sterbotten utvecklat&hellip;\n","protected":false},"author":2,"featured_media":149835,"comment_status":"","ping_status":"","sticky":false,"template":"","format":"standard","meta":{"footnotes":""},"categories":[69],"tags":[113,112,34,31,33,32,30],"class_list":{"0":"post-149834","1":"post","2":"type-post","3":"status-publish","4":"format-standard","5":"has-post-thumbnail","7":"category-halsa","8":"tag-halsa","9":"tag-health","10":"tag-se","11":"tag-svenska","12":"tag-sverige","13":"tag-sweden","14":"tag-swedish"},"share_on_mastodon":{"url":"https:\/\/pubeurope.com\/@se\/115977101212578214","error":""},"_links":{"self":[{"href":"https:\/\/www.europesays.com\/se\/wp-json\/wp\/v2\/posts\/149834","targetHints":{"allow":["GET"]}}],"collection":[{"href":"https:\/\/www.europesays.com\/se\/wp-json\/wp\/v2\/posts"}],"about":[{"href":"https:\/\/www.europesays.com\/se\/wp-json\/wp\/v2\/types\/post"}],"author":[{"embeddable":true,"href":"https:\/\/www.europesays.com\/se\/wp-json\/wp\/v2\/users\/2"}],"replies":[{"embeddable":true,"href":"https:\/\/www.europesays.com\/se\/wp-json\/wp\/v2\/comments?post=149834"}],"version-history":[{"count":0,"href":"https:\/\/www.europesays.com\/se\/wp-json\/wp\/v2\/posts\/149834\/revisions"}],"wp:featuredmedia":[{"embeddable":true,"href":"https:\/\/www.europesays.com\/se\/wp-json\/wp\/v2\/media\/149835"}],"wp:attachment":[{"href":"https:\/\/www.europesays.com\/se\/wp-json\/wp\/v2\/media?parent=149834"}],"wp:term":[{"taxonomy":"category","embeddable":true,"href":"https:\/\/www.europesays.com\/se\/wp-json\/wp\/v2\/categories?post=149834"},{"taxonomy":"post_tag","embeddable":true,"href":"https:\/\/www.europesays.com\/se\/wp-json\/wp\/v2\/tags?post=149834"}],"curies":[{"name":"wp","href":"https:\/\/api.w.org\/{rel}","templated":true}]}}